{"id":65865,"date":"2019-10-29T13:04:31","date_gmt":"2019-10-29T17:04:31","guid":{"rendered":"https:\/\/linitiative.ca\/International\/constantine-ouverture-jeudi-du-8e-festival-international-de-linchad\/"},"modified":"2019-10-29T13:04:31","modified_gmt":"2019-10-29T17:04:31","slug":"constantine-ouverture-jeudi-du-8e-festival-international-de-linchad","status":"publish","type":"post","link":"https:\/\/linitiative.ca\/International\/constantine-ouverture-jeudi-du-8e-festival-international-de-linchad\/","title":{"rendered":"Constantine: ouverture jeudi du 8e festival international de l\u2019inchad"},"content":{"rendered":"<p><span class=\"sp-nh-title\">L&rsquo;Alg\u00e9rie est un pays tr\u00e8s s\u00e9curis\u00e9<\/span> &#8211; <span class=\"sp-nh-date\">mardi 29 octobre 2019 17:41<\/span><\/p>\n<p><span class=\"sp-nh-title\">Travail- emploi- s\u00e9curit\u00e9 sociale: cr\u00e9ation de deux laboratoires de recherches<\/span> &#8211; <span class=\"sp-nh-date\">mardi 29 octobre 2019 17:29<\/span><\/p>\n<p><span class=\"sp-nh-title\">Irak\/manifestations: la Ligue arabe pr\u00e9occup\u00e9 par l&rsquo;escalade de la violence<\/span> &#8211; <span class=\"sp-nh-date\">mardi 29 octobre 2019 17:23<\/span><\/p>\n<p><span class=\"sp-nh-title\">Gr\u00e8ve des enseignants du primaire: les revendications prises en charge<\/span> &#8211; <span class=\"sp-nh-date\">mardi 29 octobre 2019 17:17<\/span><\/p>\n<p><span class=\"sp-nh-title\">PLF 2020: une enveloppe de 280 mds DA pour la r\u00e9alisation des programmes de logement<\/span> &#8211; <span class=\"sp-nh-date\">mardi 29 octobre 2019 17:09<\/span><\/p>\n<p><span class=\"sp-nh-title\">PNR: insister sur l&rsquo;aspect m\u00e9diatique pour la r\u00e9ussite et la durabilit\u00e9 de l&rsquo;op\u00e9ration<\/span> &#8211; <span class=\"sp-nh-date\">mardi 29 octobre 2019 17:06<\/span><\/p>\n<p><span class=\"sp-nh-title\">Relizane: le pr\u00e9sident d\u2019APC d\u2019Oued Djemaa suspendu de ses fonctions<\/span> &#8211; <span class=\"sp-nh-date\">mardi 29 octobre 2019 17:03<\/span><\/p>\n<p><span class=\"sp-nh-title\">Bechar: la r\u00e9alisation d&rsquo;une centrale \u00e9lectrique, une n\u00e9cessit\u00e9<\/span> &#8211; <span class=\"sp-nh-date\">mardi 29 octobre 2019 16:55<\/span><\/p>\n<p><span class=\"sp-nh-title\">Sonelgaz-Imetal: signature d&rsquo;une convention en faveur de l&rsquo;int\u00e9gration nationale<\/span> &#8211; <span class=\"sp-nh-date\">mardi 29 octobre 2019 16:23<\/span><\/p>\n<p><span class=\"sp-nh-title\">Sommet sur les investissements en Afrique: l&rsquo;Alg\u00e9rie choisie pour jouer un r\u00f4le cl\u00e9<\/span> &#8211; <span class=\"sp-nh-date\">mardi 29 octobre 2019 16:17<\/span><\/p>\n<p><span class=\"sp-nh-title\">Liban: Hariri annonce la d\u00e9mission du gouvernement<\/span> &#8211; <span class=\"sp-nh-date\">mardi 29 octobre 2019 16:02<\/span><\/p>\n<p><span class=\"sp-nh-title\">Destruction de 19 casemates pour terroristes et de six bombes de confection artisanale<\/span> &#8211; <span class=\"sp-nh-date\">mardi 29 octobre 2019 15:52<\/span><\/p>\n<p><span class=\"sp-nh-title\">Classement mondial f\u00e9minin (ITF): Ibbou gagne deux places (173e)<\/span> &#8211; <span class=\"sp-nh-date\">mardi 29 octobre 2019 15:51<\/span><\/p>\n<p><span class=\"sp-nh-title\">Djamel Senhadri nouveau directeur g\u00e9n\u00e9ral de la Radio alg\u00e9rienne<\/span> &#8211; <span class=\"sp-nh-date\">mardi 29 octobre 2019 15:48<\/span><\/p>\n<p><span class=\"sp-nh-title\">Sahara Occidental: Sidi Omar s&rsquo;entretient \u00e0 New York avec le pr\u00e9sident du Conseil de s\u00e9curit\u00e9<\/span> &#8211; <span class=\"sp-nh-date\">mardi 29 octobre 2019 15:45<\/span><\/p>\n<p><span class=\"sp-nh-title\">Constantine: ouverture jeudi du 8e festival international de l\u2019inchad<\/span> &#8211; <span class=\"sp-nh-date\">mardi 29 octobre 2019 15:42<\/span><\/p>\n<p><span class=\"sp-nh-title\">\u00a0\u00bbLe livre dans les \u00e9coles\u00a0\u00bb: plus de 500 \u00e9tablissements scolaires cibl\u00e9s \u00e0 El-Oued<\/span> &#8211; <span class=\"sp-nh-date\">mardi 29 octobre 2019 15:34<\/span><\/p>\n<p><span class=\"sp-nh-title\">D\u00e9veloppement local : octroi de subventions au profit de 11 projets associatifs pilotes<\/span> &#8211; <span class=\"sp-nh-date\">mardi 29 octobre 2019 15:17<\/span><\/p>\n<p><span class=\"sp-nh-title\">La Mitidja a particip\u00e9 avec 17 op\u00e9rations au d\u00e9clenchement du 1er Novembre<\/span> &#8211; <span class=\"sp-nh-date\">mardi 29 octobre 2019 15:16<\/span><\/p>\n<p><span class=\"sp-nh-title\">Quotas CKD\/SKD: le cas Renault Alg\u00e9rie ne pr\u00e9sente pas de probl\u00e8me particulier<\/span> &#8211; <span class=\"sp-nh-date\">mardi 29 octobre 2019 15:09<\/span><\/p>\n<p>Auteur:<br \/>\n<a href=\"http:\/\/www.aps.dz\/culture\/96529-constantine-ouverture-jeudi-du-8eme-festival-international-de-l-inchad\">Cliquez ici pour lire l&rsquo;article depuis sa source.<\/a><\/p>\n","protected":false},"excerpt":{"rendered":"<p>L&rsquo;Alg\u00e9rie est un pays tr\u00e8s s\u00e9curis\u00e9 &#8211; mardi 29 octobre 2019 17:41 Travail- emploi- s\u00e9curit\u00e9 sociale: cr\u00e9ation de deux laboratoires de recherches &#8211; mardi 29 octobre 2019 17:29 Irak\/manifestations: la Ligue arabe pr\u00e9occup\u00e9 par l&rsquo;escalade de la violence &#8211; mardi 29 octobre 2019 17:23 Gr\u00e8ve des enseignants du primaire: les revendications prises en charge &#8211; [&hellip;]<\/p>\n","protected":false},"author":1790,"featured_media":0,"comment_status":"closed","ping_status":"closed","sticky":false,"template":"","format":"standard","meta":{"fifu_image_url":"","fifu_image_alt":"","footnotes":""},"categories":[53,79],"tags":[],"class_list":["post-65865","post","type-post","status-publish","format-standard","hentry","category-algerie","category-culture"],"_links":{"self":[{"href":"https:\/\/linitiative.ca\/International\/wp-json\/wp\/v2\/posts\/65865","targetHints":{"allow":["GET"]}}],"collection":[{"href":"https:\/\/linitiative.ca\/International\/wp-json\/wp\/v2\/posts"}],"about":[{"href":"https:\/\/linitiative.ca\/International\/wp-json\/wp\/v2\/types\/post"}],"author":[{"embeddable":true,"href":"https:\/\/linitiative.ca\/International\/wp-json\/wp\/v2\/users\/1790"}],"replies":[{"embeddable":true,"href":"https:\/\/linitiative.ca\/International\/wp-json\/wp\/v2\/comments?post=65865"}],"version-history":[{"count":0,"href":"https:\/\/linitiative.ca\/International\/wp-json\/wp\/v2\/posts\/65865\/revisions"}],"wp:attachment":[{"href":"https:\/\/linitiative.ca\/International\/wp-json\/wp\/v2\/media?parent=65865"}],"wp:term":[{"taxonomy":"category","embeddable":true,"href":"https:\/\/linitiative.ca\/International\/wp-json\/wp\/v2\/categories?post=65865"},{"taxonomy":"post_tag","embeddable":true,"href":"https:\/\/linitiative.ca\/International\/wp-json\/wp\/v2\/tags?post=65865"}],"curies":[{"name":"wp","href":"https:\/\/api.w.org\/{rel}","templated":true}]}}