{"id":65868,"date":"2019-10-29T11:33:00","date_gmt":"2019-10-29T15:33:00","guid":{"rendered":"https:\/\/linitiative.ca\/International\/saad-hariri-annonce-la-demission-de-son-gouvernement\/"},"modified":"2019-10-29T11:33:00","modified_gmt":"2019-10-29T15:33:00","slug":"saad-hariri-annonce-la-demission-de-son-gouvernement","status":"publish","type":"post","link":"https:\/\/linitiative.ca\/International\/saad-hariri-annonce-la-demission-de-son-gouvernement\/","title":{"rendered":"Saad Hariri annonce la d\u00e9mission de son gouvernement"},"content":{"rendered":"<div id=\"originalText\" readability=\"54\">\n<p class=\"c10\">Le Premier ministre libanais Saad Hariri\u00a0 a annonc\u00e9 mardi la d\u00e9mission de son gouvernement, au 13e jour d&rsquo;une\u00a0 contestation populaire in\u00e9dite au Liban r\u00e9clamant le d\u00e9part de l&rsquo;ensemble de la\u00a0 classe politique.<\/p>\n<p class=\"c10\">Son intervention a \u00e9t\u00e9 accueillie par les vivats de la foule qui l&rsquo;\u00e9coutait\u00a0 en direct sur plusieurs lieux de rassemblement, avant que ne retentisse l&rsquo;hymne\u00a0 national repris \u00e0 pleins poumons par les manifestants.<\/p>\n<p class=\"c10\">Des feux d&rsquo;artifice ont \u00e9t\u00e9 aussit\u00f4t tir\u00e9s dans Beyrouth tandis que des\u00a0 voitures sillonnaient la ville tous klaxons hurlants en signe de victoire.<\/p>\n<p class=\"c10\">M. Hariri, 49 ans, a indiqu\u00e9 qu&rsquo;il allait se rendre au palais pr\u00e9sidentiel\u00a0 de Baabda pour pr\u00e9senter cette d\u00e9mission d\u00e9cid\u00e9e \u00ab\u00a0face \u00e0 la volont\u00e9 de nombreux Libanais qui sont descendus dans la rue pour r\u00e9clamer le changement\u00a0\u00bb.<\/p>\n<p class=\"c10\">Lors d&rsquo;une tr\u00e8s br\u00e8ve allocution t\u00e9l\u00e9vis\u00e9e, il a appel\u00e9 \u00ab\u00a0tous les Libanais\u00a0 \u00e0 privil\u00e9gier l&rsquo;int\u00e9r\u00eat du Liban (&#8230;) \u00e0 prot\u00e9ger la paix civile et \u00e0 pr\u00e9venir\u00a0 toute d\u00e9t\u00e9rioration de la situation \u00e9conomique\u00a0\u00bb.<\/p>\n<p class=\"c11\"><strong>AFP<\/strong><\/p>\n<p class=\"c10\">\u00a0<\/p>\n<\/div>\n<div id=\"text_core\" readability=\"54\">\n<p class=\"c10\">Le Premier ministre libanais Saad Hariri\u00a0 a annonc\u00e9 mardi la d\u00e9mission de son gouvernement, au 13e jour d&rsquo;une\u00a0 contestation populaire in\u00e9dite au Liban r\u00e9clamant le d\u00e9part de l&rsquo;ensemble de la\u00a0 classe politique.<\/p>\n<p class=\"c10\">Son intervention a \u00e9t\u00e9 accueillie par les vivats de la foule qui l&rsquo;\u00e9coutait\u00a0 en direct sur plusieurs lieux de rassemblement, avant que ne retentisse l&rsquo;hymne\u00a0 national repris \u00e0 pleins poumons par les manifestants.<\/p>\n<p class=\"c10\">Des feux d&rsquo;artifice ont \u00e9t\u00e9 aussit\u00f4t tir\u00e9s dans Beyrouth tandis que des\u00a0 voitures sillonnaient la ville tous klaxons hurlants en signe de victoire.<\/p>\n<p class=\"c10\">M. Hariri, 49 ans, a indiqu\u00e9 qu&rsquo;il allait se rendre au palais pr\u00e9sidentiel\u00a0 de Baabda pour pr\u00e9senter cette d\u00e9mission d\u00e9cid\u00e9e \u00ab\u00a0face \u00e0 la volont\u00e9 de nombreux Libanais qui sont descendus dans la rue pour r\u00e9clamer le changement\u00a0\u00bb.<\/p>\n<p class=\"c10\">Lors d&rsquo;une tr\u00e8s br\u00e8ve allocution t\u00e9l\u00e9vis\u00e9e, il a appel\u00e9 \u00ab\u00a0tous les Libanais\u00a0 \u00e0 privil\u00e9gier l&rsquo;int\u00e9r\u00eat du Liban (&#8230;) \u00e0 prot\u00e9ger la paix civile et \u00e0 pr\u00e9venir\u00a0 toute d\u00e9t\u00e9rioration de la situation \u00e9conomique\u00a0\u00bb.<\/p>\n<p class=\"c11\"><strong>AFP<\/strong><\/p>\n<p class=\"c10\">\u00a0<\/p>\n<\/div>\n<p>Auteur:<br \/>\n<a href=\"https:\/\/www.liberte-algerie.com\/international\/saad-hariri-annonce-la-demission-de-son-gouvernement-326976\">Cliquez ici pour lire l&rsquo;article depuis sa source.<\/a><\/p>\n","protected":false},"excerpt":{"rendered":"<p>Le Premier ministre libanais Saad Hariri\u00a0 a annonc\u00e9 mardi la d\u00e9mission de son gouvernement, au 13e jour d&rsquo;une\u00a0 contestation populaire in\u00e9dite au Liban r\u00e9clamant le d\u00e9part de l&rsquo;ensemble de la\u00a0 classe politique. Son intervention a \u00e9t\u00e9 accueillie par les vivats de la foule qui l&rsquo;\u00e9coutait\u00a0 en direct sur plusieurs lieux de rassemblement, avant que ne [&hellip;]<\/p>\n","protected":false},"author":1742,"featured_media":0,"comment_status":"closed","ping_status":"closed","sticky":false,"template":"","format":"standard","meta":{"fifu_image_url":"","fifu_image_alt":"","footnotes":""},"categories":[73,53],"tags":[],"class_list":["post-65868","post","type-post","status-publish","format-standard","hentry","category-actualite","category-algerie"],"_links":{"self":[{"href":"https:\/\/linitiative.ca\/International\/wp-json\/wp\/v2\/posts\/65868","targetHints":{"allow":["GET"]}}],"collection":[{"href":"https:\/\/linitiative.ca\/International\/wp-json\/wp\/v2\/posts"}],"about":[{"href":"https:\/\/linitiative.ca\/International\/wp-json\/wp\/v2\/types\/post"}],"author":[{"embeddable":true,"href":"https:\/\/linitiative.ca\/International\/wp-json\/wp\/v2\/users\/1742"}],"replies":[{"embeddable":true,"href":"https:\/\/linitiative.ca\/International\/wp-json\/wp\/v2\/comments?post=65868"}],"version-history":[{"count":0,"href":"https:\/\/linitiative.ca\/International\/wp-json\/wp\/v2\/posts\/65868\/revisions"}],"wp:attachment":[{"href":"https:\/\/linitiative.ca\/International\/wp-json\/wp\/v2\/media?parent=65868"}],"wp:term":[{"taxonomy":"category","embeddable":true,"href":"https:\/\/linitiative.ca\/International\/wp-json\/wp\/v2\/categories?post=65868"},{"taxonomy":"post_tag","embeddable":true,"href":"https:\/\/linitiative.ca\/International\/wp-json\/wp\/v2\/tags?post=65868"}],"curies":[{"name":"wp","href":"https:\/\/api.w.org\/{rel}","templated":true}]}}