{"id":65869,"date":"2019-10-29T11:43:00","date_gmt":"2019-10-29T15:43:00","guid":{"rendered":"https:\/\/linitiative.ca\/International\/le-snm-dit-ne-pas-accepter-latteinte-aux-droits-et-libertes-fondamentaux\/"},"modified":"2019-10-29T11:43:00","modified_gmt":"2019-10-29T15:43:00","slug":"le-snm-dit-ne-pas-accepter-latteinte-aux-droits-et-libertes-fondamentaux","status":"publish","type":"post","link":"https:\/\/linitiative.ca\/International\/le-snm-dit-ne-pas-accepter-latteinte-aux-droits-et-libertes-fondamentaux\/","title":{"rendered":"Le SNM dit ne pas accepter \u00abl\u2019atteinte aux droits et libert\u00e9s fondamentaux \u00bb"},"content":{"rendered":"<div id=\"originalText\" readability=\"52\">\n<p class=\"c10\">Le tribunal de Sidi M\u2019hamed a report\u00e9 le jugement des d\u00e9tenus pour le port du drapeau amazigh qui ont \u00e9t\u00e9 jug\u00e9s la semaine derni\u00e8re, \u00e0 cause de la gr\u00e8ve des magistrats depuis le dimanche 27 octobre.<\/p>\n<p class=\"c10\">Le m\u00eame tribunal a d\u00e9cid\u00e9 hier de prolonger la p\u00e9riode de d\u00e9tention provisoire du moudjahid Lakhder Bourega\u00e2 et le jeune Amokrane Cha\u00e2lal, dont les quatre mois de d\u00e9lai devaient prendre fin demain jeudi.<\/p>\n<p class=\"c10\">A cet effet le syndicat national des magistrats (SNM), r\u00e9uni aujourd\u2019hui devant la Cour d\u2019Alger, a diffus\u00e9 un communiqu\u00e9 qui est visiblement en contradiction avec les d\u00e9cisions des magistrats.\u00a0 Dans son contenu, les syndicalistes\u00a0 appellent \u00e0 \u00ab\u00a0l\u2019ind\u00e9pendance de la justice\u00a0\u00bb qu\u2019ils pr\u00e9sentent comme \u00abune exigence urgente et fondamentale\u00bb et qui \u00abdoit \u00eatre appliqu\u00e9e sur le terrain\u00bb.<\/p>\n<p class=\"c10\">Le SNM a aussi soutenu qu\u2019il \u00abn\u2019accepte en aucune circonstance de porter atteinte aux droits et libert\u00e9s fondamentaux des citoyens ou de menacer l\u2019entit\u00e9 de la soci\u00e9t\u00e9 sans justification l\u00e9gitime\u00bb.<\/p>\n<p class=\"c11\"><strong>Im\u00e8ne AMOKRANE<\/strong><\/p>\n<\/div>\n<div id=\"text_core\" readability=\"52\">\n<p class=\"c10\">Le tribunal de Sidi M\u2019hamed a report\u00e9 le jugement des d\u00e9tenus pour le port du drapeau amazigh qui ont \u00e9t\u00e9 jug\u00e9s la semaine derni\u00e8re, \u00e0 cause de la gr\u00e8ve des magistrats depuis le dimanche 27 octobre.<\/p>\n<p class=\"c10\">Le m\u00eame tribunal a d\u00e9cid\u00e9 hier de prolonger la p\u00e9riode de d\u00e9tention provisoire du moudjahid Lakhder Bourega\u00e2 et le jeune Amokrane Cha\u00e2lal, dont les quatre mois de d\u00e9lai devaient prendre fin demain jeudi.<\/p>\n<p class=\"c10\">A cet effet le syndicat national des magistrats (SNM), r\u00e9uni aujourd\u2019hui devant la Cour d\u2019Alger, a diffus\u00e9 un communiqu\u00e9 qui est visiblement en contradiction avec les d\u00e9cisions des magistrats.\u00a0 Dans son contenu, les syndicalistes\u00a0 appellent \u00e0 \u00ab\u00a0l\u2019ind\u00e9pendance de la justice\u00a0\u00bb qu\u2019ils pr\u00e9sentent comme \u00abune exigence urgente et fondamentale\u00bb et qui \u00abdoit \u00eatre appliqu\u00e9e sur le terrain\u00bb.<\/p>\n<p class=\"c10\">Le SNM a aussi soutenu qu\u2019il \u00abn\u2019accepte en aucune circonstance de porter atteinte aux droits et libert\u00e9s fondamentaux des citoyens ou de menacer l\u2019entit\u00e9 de la soci\u00e9t\u00e9 sans justification l\u00e9gitime\u00bb.<\/p>\n<p class=\"c11\"><strong>Im\u00e8ne AMOKRANE<\/strong><\/p>\n<\/div>\n<p>Auteur:<br \/>\n<a href=\"https:\/\/www.liberte-algerie.com\/actualite\/le-snm-dit-ne-pas-accepter-latteinte-aux-droits-et-libertes-fondamentaux-326977\">Cliquez ici pour lire l&rsquo;article depuis sa source.<\/a><\/p>\n","protected":false},"excerpt":{"rendered":"<p>Le tribunal de Sidi M\u2019hamed a report\u00e9 le jugement des d\u00e9tenus pour le port du drapeau amazigh qui ont \u00e9t\u00e9 jug\u00e9s la semaine derni\u00e8re, \u00e0 cause de la gr\u00e8ve des magistrats depuis le dimanche 27 octobre. Le m\u00eame tribunal a d\u00e9cid\u00e9 hier de prolonger la p\u00e9riode de d\u00e9tention provisoire du moudjahid Lakhder Bourega\u00e2 et le [&hellip;]<\/p>\n","protected":false},"author":1742,"featured_media":0,"comment_status":"closed","ping_status":"closed","sticky":false,"template":"","format":"standard","meta":{"fifu_image_url":"","fifu_image_alt":"","footnotes":""},"categories":[73,53],"tags":[],"class_list":["post-65869","post","type-post","status-publish","format-standard","hentry","category-actualite","category-algerie"],"_links":{"self":[{"href":"https:\/\/linitiative.ca\/International\/wp-json\/wp\/v2\/posts\/65869","targetHints":{"allow":["GET"]}}],"collection":[{"href":"https:\/\/linitiative.ca\/International\/wp-json\/wp\/v2\/posts"}],"about":[{"href":"https:\/\/linitiative.ca\/International\/wp-json\/wp\/v2\/types\/post"}],"author":[{"embeddable":true,"href":"https:\/\/linitiative.ca\/International\/wp-json\/wp\/v2\/users\/1742"}],"replies":[{"embeddable":true,"href":"https:\/\/linitiative.ca\/International\/wp-json\/wp\/v2\/comments?post=65869"}],"version-history":[{"count":0,"href":"https:\/\/linitiative.ca\/International\/wp-json\/wp\/v2\/posts\/65869\/revisions"}],"wp:attachment":[{"href":"https:\/\/linitiative.ca\/International\/wp-json\/wp\/v2\/media?parent=65869"}],"wp:term":[{"taxonomy":"category","embeddable":true,"href":"https:\/\/linitiative.ca\/International\/wp-json\/wp\/v2\/categories?post=65869"},{"taxonomy":"post_tag","embeddable":true,"href":"https:\/\/linitiative.ca\/International\/wp-json\/wp\/v2\/tags?post=65869"}],"curies":[{"name":"wp","href":"https:\/\/api.w.org\/{rel}","templated":true}]}}