{"id":65871,"date":"2019-10-29T11:04:56","date_gmt":"2019-10-29T15:04:56","guid":{"rendered":"https:\/\/linitiative.ca\/International\/ficls-les-7-courts-metrages-en-competition-presentes-a-safi\/"},"modified":"2019-10-29T11:04:56","modified_gmt":"2019-10-29T15:04:56","slug":"ficls-les-7-courts-metrages-en-competition-presentes-a-safi","status":"publish","type":"post","link":"https:\/\/linitiative.ca\/International\/ficls-les-7-courts-metrages-en-competition-presentes-a-safi\/","title":{"rendered":"FICLS: Les 7 courts m\u00e9trages en comp\u00e9tition pr\u00e9sent\u00e9s \u00e0 Safi"},"content":{"rendered":"<div readability=\"36\">\n<p>ES : Sofia El Aouni<br \/>Safi \u2013 Les 7 courts m\u00e9trages figurant dans la comp\u00e9tition de la premi\u00e8re \u00e9dition du Festival international cin\u00e9ma et litt\u00e9rature de Safi (FICLS) ont \u00e9t\u00e9 pr\u00e9sent\u00e9s, lundi, \u00e0 la Cit\u00e9 des arts de la ville.<\/p>\n<\/div>\n<div readability=\"93\">\n<p>D\u2019une dur\u00e9e de 111 minutes, cette cat\u00e9gorie comprend, \u00ab\u00a0Sophisma\u00a0\u00bb du r\u00e9alisateur et acteur Abdou Mesnaoui\u201d, bas\u00e9 sur l\u2019oeuvre de Fouad Laroui, \u201cIm\u201d, du Marocain Hicham Regragui, de son auteur Mahi Binebine, \u00ab\u00a0Dans le bain d\u2019Hectore\u201d du Fran\u00e7ais Jom Roniger, \u00e9crit par Virginie Gimaray et Jom Roniger.<\/p>\n<p>La liste des courts m\u00e9trages contient aussi \u201cMort-bois\u201d du Fran\u00e7ais Fr\u00e9d\u00e9ric Labonde et Fr\u00e9d\u00e9ric Bonnet, de son auteur \u201cJean Genet, \u201cAu-del\u00e0 du mur\u201d du Qu\u00e9b\u00e9cois Jean Pierre Avoine, d\u2019apr\u00e8s l\u2019oeuvre de Marcel Dub\u00e9, \u201cVilaine fille\u201d du Turc Ayce Kartal, inspir\u00e9 de fait divers et enfin Toujane du r\u00e9alisateur tunisien Hamid Kamo, \u00e9crit par Lassaad Mohamed Tayeb Hassine, d\u2019apr\u00e8s sa nouvelle \u201c Les fun\u00e9railles\u201d.<\/p>\n<p>Exprimant sa joie de voir son film pr\u00e9sent dans la s\u00e9lection des cat\u00e9gories du court-m\u00e9trage, l\u2019\u00e9crivain tunisien Lassaad Mohamed Tayeb Hassine a d\u00e9clar\u00e9 \u00e0 la MAP que le Festival international de cin\u00e9ma et litt\u00e9rature de Safi est un important \u00e9v\u00e9nement, puisqu\u2019il a permis de lancer le d\u00e9bat sur la relation imbriqu\u00e9e du cin\u00e9ma et la litt\u00e9rature. \u201cLe nombre de films dans les deux comp\u00e9titions du court et long m\u00e9trage sont honorables, puisque l\u2019adaptation d\u2019un roman ne se fait pas souvent\u201d a t-il signal\u00e9.<\/p>\n<p>M. Tayeb Hassine, qui, en plus, r\u00e9dig\u00e9 le sc\u00e9nario de \u201cToujane\u201d a ajout\u00e9 que ce film est bas\u00e9 sur sa nouvelle \u201c Les fun\u00e9railles\u201d, du livre \u201cj\u2019\u00e9crirais, il la lira\u201d paru en 2012, qui est une fiction inspir\u00e9e des ann\u00e9es 2010-2011, p\u00e9riode marqu\u00e9e par une violence int\u00e9griste contre les artistes dans son pays natal.<\/p>\n<p>\u201cToujane\u201d est un court m\u00e9trage qui relate l\u2019histoire d\u2019un petit village de la campagne tunisienne, o\u00f9 un imam int\u00e9griste refuse de pr\u00e9sider la pri\u00e8re fun\u00e9raire d\u2019un ivrogne, puis celle d\u2019une fille qui s\u2019est suicid\u00e9e. Se faisant, un homme pieu du nom de Othman s\u2019en occupe \u00e0 sa place et conduit les pri\u00e8res. Peu apr\u00e8s, Othman est assassin\u00e9 mais sa d\u00e9pouille re\u00e7oit le m\u00eame traitement, se voit refuser la pri\u00e8re au sein de la mosqu\u00e9e, ce qui a provoqu\u00e9 la col\u00e8re des habitants et provoquer une r\u00e9volte contre l\u2019imam int\u00e9griste.<\/p>\n<p>Le Festival internati0nal cin\u00e9ma et litt\u00e9rature de Safi (FICLS) s\u2019est ouvert vendredi soir, en pr\u00e9sence d\u2019une panoplie de personnalit\u00e9s du monde du cin\u00e9ma, de la litt\u00e9rature et des m\u00e9dias et se prolonge jusqu\u2019au 31 octobre. La comp\u00e9tition officielle de la premi\u00e8re \u00e9dition de ce Festival comporte la participation de 9 longs m\u00e9trages et de 7 courts m\u00e9trages.<\/p>\n<\/div>\n<p>Auteur: Meriem IGASS<br \/>\n<a href=\"http:\/\/www.mapmarrakech.ma\/fr\/ficls-3\/\">Cliquez ici pour lire l&rsquo;article depuis sa source.<\/a><\/p>\n","protected":false},"excerpt":{"rendered":"<p>ES : Sofia El AouniSafi \u2013 Les 7 courts m\u00e9trages figurant dans la comp\u00e9tition de la premi\u00e8re \u00e9dition du Festival international cin\u00e9ma et litt\u00e9rature de Safi (FICLS) ont \u00e9t\u00e9 pr\u00e9sent\u00e9s, lundi, \u00e0 la Cit\u00e9 des arts de la ville. D\u2019une dur\u00e9e de 111 minutes, cette cat\u00e9gorie comprend, \u00ab\u00a0Sophisma\u00a0\u00bb du r\u00e9alisateur et acteur Abdou Mesnaoui\u201d, bas\u00e9 [&hellip;]<\/p>\n","protected":false},"author":1788,"featured_media":0,"comment_status":"closed","ping_status":"closed","sticky":false,"template":"","format":"standard","meta":{"fifu_image_url":"","fifu_image_alt":"","footnotes":""},"categories":[54,76],"tags":[],"class_list":["post-65871","post","type-post","status-publish","format-standard","hentry","category-maroc","category-regions"],"_links":{"self":[{"href":"https:\/\/linitiative.ca\/International\/wp-json\/wp\/v2\/posts\/65871","targetHints":{"allow":["GET"]}}],"collection":[{"href":"https:\/\/linitiative.ca\/International\/wp-json\/wp\/v2\/posts"}],"about":[{"href":"https:\/\/linitiative.ca\/International\/wp-json\/wp\/v2\/types\/post"}],"author":[{"embeddable":true,"href":"https:\/\/linitiative.ca\/International\/wp-json\/wp\/v2\/users\/1788"}],"replies":[{"embeddable":true,"href":"https:\/\/linitiative.ca\/International\/wp-json\/wp\/v2\/comments?post=65871"}],"version-history":[{"count":0,"href":"https:\/\/linitiative.ca\/International\/wp-json\/wp\/v2\/posts\/65871\/revisions"}],"wp:attachment":[{"href":"https:\/\/linitiative.ca\/International\/wp-json\/wp\/v2\/media?parent=65871"}],"wp:term":[{"taxonomy":"category","embeddable":true,"href":"https:\/\/linitiative.ca\/International\/wp-json\/wp\/v2\/categories?post=65871"},{"taxonomy":"post_tag","embeddable":true,"href":"https:\/\/linitiative.ca\/International\/wp-json\/wp\/v2\/tags?post=65871"}],"curies":[{"name":"wp","href":"https:\/\/api.w.org\/{rel}","templated":true}]}}