{"id":65872,"date":"2019-10-29T11:15:18","date_gmt":"2019-10-29T15:15:18","guid":{"rendered":"https:\/\/linitiative.ca\/International\/lamante-du-rif-de-narjiss-nejar-fait-escale-a-safi\/"},"modified":"2019-10-29T11:15:18","modified_gmt":"2019-10-29T15:15:18","slug":"lamante-du-rif-de-narjiss-nejar-fait-escale-a-safi","status":"publish","type":"post","link":"https:\/\/linitiative.ca\/International\/lamante-du-rif-de-narjiss-nejar-fait-escale-a-safi\/","title":{"rendered":"\u00ab\u00a0L\u2019amante du Rif\u00a0\u00bb de Narjiss Nejar fait escale \u00e0 Safi"},"content":{"rendered":"<div readability=\"37\">\n<p>ES: Sofia El Aouni<br \/>Safi \u2013 Le long m\u00e9trage de Narjiss Nejar, \u00ab\u00a0L\u2019amante du Rif\u00a0\u00bb, a \u00e9t\u00e9 projet\u00e9 lundi au cin\u00e9ma Atlantide \u00e0 Safi, dans le cadre de la programmation du Festival international cin\u00e9ma et litt\u00e9rature de Safi (FICLS).<\/p>\n<\/div>\n<div readability=\"84\">\n<p>D\u2019une heure trente cinq minutes, ce long m\u00e9trage retrace la vie d\u2019\u00a0\u00bbAya\u00a0\u00bb, une jeune fille insouciante issue de la ville bleue du Maroc, Chefchaouen, qui se perd dans un amour aveugle pour un baron de la drogue. Pouss\u00e9e par son amour id\u00e9al des grands \u00e9crans et transport\u00e9e par l\u2019odeur de la libert\u00e9 faussement transmise par sa cousine install\u00e9e \u00e0 l\u2019\u00e9tranger, elle sombre dans ses passions d\u00e9mesur\u00e9es et dans un environnement familial o\u00f9 la m\u00e8re, min\u00e9e par les lourdes responsabilit\u00e9s, n\u2019a aucune autorit\u00e9 et les deux fr\u00e8res travaillent pour le compte du baron.<\/p>\n<p>La beaut\u00e9 d\u2019Aya devient une mal\u00e9diction et ses actions irresponsables la jettent dans une passion pathologique, voire m\u00eame morbide.<\/p>\n<p>Dans une d\u00e9claration \u00e0 la MAP, l\u2019auteure du roman, Noufissa Sba\u00ef, indique que sa pr\u00e9sence au FICLS est une opportunit\u00e9 de rencontres et de connaissance du public cin\u00e9phile de la r\u00e9gion.<\/p>\n<p>\u00ab\u00a0Ce film traite de la probl\u00e9matique des femmes au Maroc dans les diff\u00e9rents milieu sociaux, que ce soit dans la ville ou le milieu rural. Dans le roman, cinq femmes sont pr\u00e9sentes, alors que Narjiss Nejjar a pris une histoire d\u2019une femme qu\u2019elle a d\u00e9velopp\u00e9e et adapt\u00e9e selon sa vision et sa propre lecture\u00a0\u00bb, a expliqu\u00e9 Mme Sba\u00ef.<\/p>\n<p>Et d\u2019ajouter que la programmation de ce film dans la premi\u00e8re \u00e9dition du FICLS est une fiert\u00e9 et permettra de faire conna\u00eetre encore plus le film qui \u00e9t\u00e9 s\u00e9lectionn\u00e9 en comp\u00e9tition officielle au 26\u00e8me FIFF de Namur.<\/p>\n<p>En marge de la projection des films en comp\u00e9tition, le FICLS d\u00e9die une session quotidienne de \u00ab\u00a0panorama long m\u00e9trage\u00a0\u00bb \u00e0 la projection des adaptations des \u0153uvres litt\u00e9raires hors comp\u00e9tition, notamment \u00ab\u00a0L\u2019ascenseur pour l\u2019\u00e9chafaud\u00a0\u00bb du r\u00e9alisateur Louis Malle, \u00ab\u00a0Une vie\u00a0\u00bb de St\u00e9phane Briz\u00e9, \u00ab\u00a0Tristana\u00a0\u00bb de Luis Bunuel, \u00ab\u00a0La noire de\u2026\u00a0\u00bb d\u2019Ousmane Semb\u00e8ne.<\/p>\n<p>La premi\u00e8re \u00e9dition du Festival international cin\u00e9ma et litt\u00e9ratures de Safi, qui s\u2019ach\u00e8vera le 31 octobre, est organis\u00e9e par l\u2019association Agora pour les Arts et \u00ab\u00a0D&#038;R productions\u00a0\u00bb avec le soutien du minist\u00e8re de la Culture, de la jeunesse et des sports, en partenariat avec le Groupe OCP-Site de Safi et l\u2019Ordre des avocats de Safi.<\/p>\n<\/div>\n<p>Auteur: Meriem IGASS<br \/>\n<a href=\"http:\/\/www.mapmarrakech.ma\/fr\/ficls-4\/\">Cliquez ici pour lire l&rsquo;article depuis sa source.<\/a><\/p>\n","protected":false},"excerpt":{"rendered":"<p>ES: Sofia El AouniSafi \u2013 Le long m\u00e9trage de Narjiss Nejar, \u00ab\u00a0L\u2019amante du Rif\u00a0\u00bb, a \u00e9t\u00e9 projet\u00e9 lundi au cin\u00e9ma Atlantide \u00e0 Safi, dans le cadre de la programmation du Festival international cin\u00e9ma et litt\u00e9rature de Safi (FICLS). D\u2019une heure trente cinq minutes, ce long m\u00e9trage retrace la vie d\u2019\u00a0\u00bbAya\u00a0\u00bb, une jeune fille insouciante issue [&hellip;]<\/p>\n","protected":false},"author":1788,"featured_media":0,"comment_status":"closed","ping_status":"closed","sticky":false,"template":"","format":"standard","meta":{"fifu_image_url":"","fifu_image_alt":"","footnotes":""},"categories":[54,76],"tags":[],"class_list":["post-65872","post","type-post","status-publish","format-standard","hentry","category-maroc","category-regions"],"_links":{"self":[{"href":"https:\/\/linitiative.ca\/International\/wp-json\/wp\/v2\/posts\/65872","targetHints":{"allow":["GET"]}}],"collection":[{"href":"https:\/\/linitiative.ca\/International\/wp-json\/wp\/v2\/posts"}],"about":[{"href":"https:\/\/linitiative.ca\/International\/wp-json\/wp\/v2\/types\/post"}],"author":[{"embeddable":true,"href":"https:\/\/linitiative.ca\/International\/wp-json\/wp\/v2\/users\/1788"}],"replies":[{"embeddable":true,"href":"https:\/\/linitiative.ca\/International\/wp-json\/wp\/v2\/comments?post=65872"}],"version-history":[{"count":0,"href":"https:\/\/linitiative.ca\/International\/wp-json\/wp\/v2\/posts\/65872\/revisions"}],"wp:attachment":[{"href":"https:\/\/linitiative.ca\/International\/wp-json\/wp\/v2\/media?parent=65872"}],"wp:term":[{"taxonomy":"category","embeddable":true,"href":"https:\/\/linitiative.ca\/International\/wp-json\/wp\/v2\/categories?post=65872"},{"taxonomy":"post_tag","embeddable":true,"href":"https:\/\/linitiative.ca\/International\/wp-json\/wp\/v2\/tags?post=65872"}],"curies":[{"name":"wp","href":"https:\/\/api.w.org\/{rel}","templated":true}]}}