{"id":65874,"date":"2019-10-29T11:49:23","date_gmt":"2019-10-29T15:49:23","guid":{"rendered":"https:\/\/linitiative.ca\/International\/mariage-des-mineurs-une-etude-de-diagnostic-est-en-cours\/"},"modified":"2019-10-29T11:49:23","modified_gmt":"2019-10-29T15:49:23","slug":"mariage-des-mineurs-une-etude-de-diagnostic-est-en-cours","status":"publish","type":"post","link":"https:\/\/linitiative.ca\/International\/mariage-des-mineurs-une-etude-de-diagnostic-est-en-cours\/","title":{"rendered":"Mariage des mineurs: Une \u00e9tude de diagnostic est en cours"},"content":{"rendered":"<div readability=\"42\">\n<p>Marrakech \u2013 La Pr\u00e9sidence du Minist\u00e8re public est en cours d\u2019\u00e9laboration d\u2019une \u00e9tude de diagnostic relative \u00e0 la question du mariage des mineurs, qui permettra de jeter la lumi\u00e8re sur les probl\u00e9matiques qui entravent la lutte contre ce ph\u00e9nom\u00e8ne, en particulier au niveau de l\u2019intervention judiciaire, a affirm\u00e9, mardi \u00e0 Marrakech, le Procureur g\u00e9n\u00e9ral du Roi pr\u00e8s la Cour de Cassation, Pr\u00e9sident du Minist\u00e8re Public, Mohammed Abdennabaoui.<\/p>\n<\/div>\n<div readability=\"131\">\n<p>Intervenant \u00e0 l\u2019ouverture d\u2019un colloque de deux jours sur le mariage des mineurs, initi\u00e9 par la Pr\u00e9sidence du Minist\u00e8re public en coop\u00e9ration avec l\u2019UNICEF, M. Abdennabaoui a soulign\u00e9 que dans le cadre de l\u2019adh\u00e9sion aux Orientations g\u00e9n\u00e9rales de l\u2019Etat pour une compr\u00e9hension plus approfondie des diff\u00e9rentes dimensions de ce ph\u00e9nom\u00e8ne et dans l\u2019optique de trouver les solutions les plus efficaces pour y faire face, cette \u00e9tude vise \u00e9galement \u00e0 pointer du doigt les diff\u00e9rents strat\u00e8ges et moyens utilis\u00e9s pour contourner la loi en vue de l\u00e9galiser le mariage pr\u00e9coce ou d\u2019en faire une r\u00e9alit\u00e9 contraignante pour toute d\u00e9cision judiciaire.<\/p>\n<p>Et de poursuivre que ladite \u00e9tude se propose aussi d\u2019analyser les divers aspects d\u2019ordre juridique et judiciaire suscit\u00e9s par cette probl\u00e9matique en rapport avec d\u2019autres sujets tels que la violence \u00e0 l\u2019\u00e9gard de l\u2019\u00e9pouse, l\u2019expulsion du domicile conjugal, la n\u00e9gligence de la famille, le mariage forc\u00e9, ainsi que d\u2019autres questions inh\u00e9rentes au mariage des mineurs et leur mode de traitement lorsqu\u2019il s\u2019agit de filles mineures.<\/p>\n<p>Rappelant que le mariage des mineurs exige de mener une r\u00e9flexion s\u00e9rieuse et une r\u00e9vision profonde de tous les aspects se rapportant \u00e0 cette question plus que jamais d\u2019actualit\u00e9 et touchant aux droits de l\u2019enfant, garantis sur les plans constitutionnel et international, M. Abdennabaoui a soutenu que la protection de ces droits fait partie int\u00e9grante du d\u00e9veloppement global et de l\u2019\u00e9dification de la soci\u00e9t\u00e9 d\u00e9mocratique moderne, comme l\u2019a affirm\u00e9 SM le Roi Mohammed VI, \u00e0 maintes reprises, dans de nombreux de Ses Discours et Messages Royaux, notamment le message Royal adress\u00e9 par le Souverain aux participants aux premi\u00e8res Assises nationales du D\u00e9veloppement humain, tenues en septembre dernier \u00e0 Skhirat, sous le th\u00e8me \u00ab\u00a0D\u00e9velopper la petite enfance, un engagement envers l\u2019avenir\u00a0\u00bb.<\/p>\n<p>M. Abdennabaoui a, en outre, mis l\u2019accent sur le caract\u00e8re multidimensionnel de la question du mariage des mineurs qui touche aussi bien aux aspects social et \u00e9conomique que culturel, religieux et judiciaire, tout en appelant les participants \u00e0 ce colloque \u00e0 garder \u00e0 l\u2019esprit pendant leurs d\u00e9bats et discussions l\u2019ensemble de ces dimensions, notamment la hausse croissante et alarmante du nombre des demandes d\u2019autorisation de mariage des mineurs.<\/p>\n<p>A ce propos, il a not\u00e9 que le nombre de ces demandes d\u00e9pos\u00e9es aupr\u00e8s des tribunaux au titre de l\u2019ann\u00e9e 2018 a d\u00e9pass\u00e9 33.686 demandes, ce qui, a-t-il dit, soul\u00e8ve des interrogations au sujet des positions prises \u00e0 l\u2019\u00e9gard de ces demandes par les diff\u00e9rents intervenants et services judiciaires, dont le Minist\u00e8re Public.<\/p>\n<p>Dans ce cadre, il a rappel\u00e9 que la Pr\u00e9sidence du minist\u00e8re public a promulgu\u00e9 plusieurs circulaires, dont la circulaire N\u00b0 20 relative au mariage des mineurs, et adress\u00e9e aux membres du minist\u00e8re public \u00e0 travers les diff\u00e9rentes juridictions du Royaume, les appelant \u00e0 la pr\u00e9servation des droits des mineurs et \u00e0 ne pas h\u00e9siter \u00e0 s\u2019opposer \u00e0 toute demande de mariage ne tenant pas compte de leurs int\u00e9r\u00eats.<\/p>\n<p>Et M. Abdennabaoui de conclure que les id\u00e9es et les \u00e9changes qui animeront cette rencontre, marqu\u00e9e par la participation de magistrats, d\u2019experts et d\u2019acteurs dans le domaine de l\u2019assistance sociale, devront enrichir le d\u00e9bat soci\u00e9tal sur cette question et guider la Pr\u00e9sidence du Minist\u00e8re Public dans son plan visant le renforcement du r\u00f4le du magistrat de cette Institution dans ce domaine.<\/p>\n<p>De son c\u00f4t\u00e9, la cheffe de protection de l\u2019enfance au bureau de l\u2019UNICEF au Maroc, Mme Malika El Atifi a salu\u00e9, au nom de l\u2019agence onusienne, l\u2019organisation par la Pr\u00e9sidence du Minist\u00e8re Public de cette rencontre d\u2019envergure qui aborde une question d\u2019actualit\u00e9, ce qui t\u00e9moigne du r\u00f4le majeur jou\u00e9 par cette Institution et ses efforts constants en vue de garantir la mise en oeuvre des droits de l\u2019enfant et de prendre les mesures qui s\u2019imposent en vue de leur protection.<\/p>\n<p>Cette implication continue et constante de la Pr\u00e9sidence du Minist\u00e8re Public est de nature \u00e0 renforcer le syst\u00e8me de protection national et \u00e0 permettre aux membres de cette Institution \u00e0 assumer un r\u00f4le central dans le renforcement de l\u2019environnement de protection des enfants, notamment au niveau territorial.<\/p>\n<p>Mme El Atifi a indiqu\u00e9 que ce colloque intervient aussi dans le sillage des efforts men\u00e9s par l\u2019UNICEF, depuis une ann\u00e9e, dans le cadre de divers partenariats avec les acteurs institutionnels et la soci\u00e9t\u00e9 civile pour la mise en oeuvre d\u2019un projet pilote visant le renforcement des bases sociales et du cadre juridique ainsi que des services et prestations destin\u00e9es aux filles vivant dans une situation de pr\u00e9carit\u00e9 et qui peuvent \u00eatre victimes du mariage pr\u00e9coce.<\/p>\n<p>Mettant en relief la croissance alarmante des demandes concernant le mariage des mineurs, elle a soutenu, en conclusion, que la meilleure r\u00e9ponse \u00e0 cette probl\u00e9matique tr\u00e8s complexe r\u00e9side dans la mise en place d\u2019approches holistiques associant l\u2019ensemble des intervenants et acteurs aussi bien dans le domaine juridique, que social, \u00e9conomique et culturel en vue de garantir la protection de cette frange de la soci\u00e9t\u00e9 contre toutes les formes d\u2019abus et d\u2019exploitation.<\/p>\n<\/div>\n<p>Auteur: Meriem IGASS<br \/>\n<a href=\"http:\/\/www.mapmarrakech.ma\/fr\/mariage\/\">Cliquez ici pour lire l&rsquo;article depuis sa source.<\/a><\/p>\n","protected":false},"excerpt":{"rendered":"<p>Marrakech \u2013 La Pr\u00e9sidence du Minist\u00e8re public est en cours d\u2019\u00e9laboration d\u2019une \u00e9tude de diagnostic relative \u00e0 la question du mariage des mineurs, qui permettra de jeter la lumi\u00e8re sur les probl\u00e9matiques qui entravent la lutte contre ce ph\u00e9nom\u00e8ne, en particulier au niveau de l\u2019intervention judiciaire, a affirm\u00e9, mardi \u00e0 Marrakech, le Procureur g\u00e9n\u00e9ral du [&hellip;]<\/p>\n","protected":false},"author":1788,"featured_media":0,"comment_status":"closed","ping_status":"closed","sticky":false,"template":"","format":"standard","meta":{"fifu_image_url":"","fifu_image_alt":"","footnotes":""},"categories":[54,76],"tags":[],"class_list":["post-65874","post","type-post","status-publish","format-standard","hentry","category-maroc","category-regions"],"_links":{"self":[{"href":"https:\/\/linitiative.ca\/International\/wp-json\/wp\/v2\/posts\/65874","targetHints":{"allow":["GET"]}}],"collection":[{"href":"https:\/\/linitiative.ca\/International\/wp-json\/wp\/v2\/posts"}],"about":[{"href":"https:\/\/linitiative.ca\/International\/wp-json\/wp\/v2\/types\/post"}],"author":[{"embeddable":true,"href":"https:\/\/linitiative.ca\/International\/wp-json\/wp\/v2\/users\/1788"}],"replies":[{"embeddable":true,"href":"https:\/\/linitiative.ca\/International\/wp-json\/wp\/v2\/comments?post=65874"}],"version-history":[{"count":0,"href":"https:\/\/linitiative.ca\/International\/wp-json\/wp\/v2\/posts\/65874\/revisions"}],"wp:attachment":[{"href":"https:\/\/linitiative.ca\/International\/wp-json\/wp\/v2\/media?parent=65874"}],"wp:term":[{"taxonomy":"category","embeddable":true,"href":"https:\/\/linitiative.ca\/International\/wp-json\/wp\/v2\/categories?post=65874"},{"taxonomy":"post_tag","embeddable":true,"href":"https:\/\/linitiative.ca\/International\/wp-json\/wp\/v2\/tags?post=65874"}],"curies":[{"name":"wp","href":"https:\/\/api.w.org\/{rel}","templated":true}]}}