{"id":65875,"date":"2019-10-29T11:59:12","date_gmt":"2019-10-29T15:59:12","guid":{"rendered":"https:\/\/linitiative.ca\/International\/inauguration-de-la-ligne-aerienne-bruxelles-essaouira\/"},"modified":"2019-10-29T11:59:12","modified_gmt":"2019-10-29T15:59:12","slug":"inauguration-de-la-ligne-aerienne-bruxelles-essaouira","status":"publish","type":"post","link":"https:\/\/linitiative.ca\/International\/inauguration-de-la-ligne-aerienne-bruxelles-essaouira\/","title":{"rendered":"Inauguration de la ligne a\u00e9rienne Bruxelles-Essaouira"},"content":{"rendered":"<div>\n<div style=\"margin-bottom:20px;\"><img loading=\"lazy\" decoding=\"async\" width=\"750\" height=\"430\" src=\"http:\/\/www.mapmarrakech.ma\/map\/uploads\/2019\/10\/essaouirabruxelles-copier.jpg\" class=\"attachment-post-thumbnail size-post-thumbnail wp-post-image\" alt=\"\" srcset=\"http:\/\/www.mapmarrakech.ma\/map\/uploads\/2019\/10\/essaouirabruxelles-copier.jpg 750w, http:\/\/www.mapmarrakech.ma\/map\/uploads\/2019\/10\/essaouirabruxelles-copier-300x172.jpg 300w\" sizes=\"auto, (max-width: 750px) 100vw, 750px\"><\/div>\n<p>A son arriv\u00e9e au tarmac de l\u2019a\u00e9roport international Essaouira-Mogador, un avion de ladite compagnie avec \u00e0 bord 188 passagers, a \u00e9t\u00e9 accueilli par le salut traditionnel aux canons \u00e0 eau (Water Salute).<\/p>\n<p>Cette desserte destin\u00e9e \u00e0 renforcer la connectivit\u00e9 a\u00e9rienne d\u2019Essaouira et \u00e0 booster son attractivit\u00e9 touristique, sera assur\u00e9e par deux vols hebdomadaires directs (mardi et samedi).<\/p>\n<p>A cette occasion, une grande c\u00e9r\u00e9monie a \u00e9t\u00e9 organis\u00e9e dans l\u2019enceinte de cette infrastructure a\u00e9roportuaire pour c\u00e9l\u00e9brer cet \u00e9v\u00e9nement, en pr\u00e9sence notamment des professionnels du secteur touristique.<\/p>\n<p>Dans une d\u00e9claration \u00e0 la MAP, le pr\u00e9sident du Conseil Provincial du Tourisme d\u2019Essaouira (CPTE), Redwane Khanne a dit toute sa joie de voir cette ligne a\u00e9rienne ouverte, notant que cette concr\u00e9tisation si importante pour la cit\u00e9 des Aliz\u00e9s est le fruit d\u2019un long travail avec l\u2019Office National Marocain du Tourisme (ONMT).<\/p>\n<p>Apr\u00e8s avoir mis en relief la place de choix qu\u2019occupe Essaouira en tant que destination touristique \u00e0 fort potentiel si riche et diversifi\u00e9, M. Khanne a estim\u00e9 que l\u2019inauguration de cette ligne a\u00e9rienne illustre clairement le regain d\u2019int\u00e9r\u00eat de la compagnie \u00ab\u00a0Ryanair\u00a0\u00bb pour la ville d\u2019Essaouira, apr\u00e8s une s\u00e9rie de rencontres avec ses responsables pour les convaincre de reprogrammer la cit\u00e9 des Aliz\u00e9s dans leur agenda de voyage.<\/p>\n<p>Avec ce vol, \u00ab\u00a0nous allons pouvoir augmenter les flux touristiques \u00e0 destination d\u2019Essaouira en termes de nuit\u00e9es et d\u2019arriv\u00e9es, ce qui permettra aux professionnels du secteur d\u2019avoir une bonne visibilit\u00e9\u00a0\u00bb, a-t-il poursuivi, r\u00e9it\u00e9rant l\u2019engagement du CPTE \u00e0 oeuvrer en concertation avec l\u2019ensemble des parties concern\u00e9es pour inscrire les dessertes a\u00e9riennes reliant Essaouira \u00e0 d\u2019autres villes dans la durabilit\u00e9.<\/p>\n<p>Au niveau du CPTE, il a fait savoir que cette instance professionnelle oeuvre d\u2019arrache-pied pour l\u2019\u00e9laboration de son plan d\u2019action 2020, invitant, dans ce sens, l\u2019ensemble des professionnels \u00e0 adh\u00e9rer \u00e0 cette d\u00e9marche, et \u00e0 apporter leur contribution \u00e0 l\u2019\u00e9laboration de cette feuille de route, \u00e0 m\u00eame de consolider davantage l\u2019essor touristique et attractif de la ville.<\/p>\n<p>De son c\u00f4t\u00e9, le d\u00e9l\u00e9gu\u00e9 provincial du tourisme \u00e0 Essaouira, Mouhsine Chafa\u00ef Al Alaoui, a mis en avant l\u2019importance du transport a\u00e9rien comme moteur du d\u00e9veloppement touristique, estimant que la programmation de cette nouvelle desserte a\u00e9rienne s\u2019ins\u00e8re dans ce cadre ainsi que dans le sillage des efforts d\u00e9ploy\u00e9s par le D\u00e9partement du tourisme en vue de renforcer et promouvoir cette destination.<\/p>\n<p>Tout en relevant que cette nouvelle ligne a\u00e9rienne est de nature \u00e0 r\u00e9pondre aux besoins de la destination en mati\u00e8re de transport a\u00e9rien, M. Chafa\u00ef Al Alaoui n\u2019a pas manqu\u00e9 de souligner l\u2019importance de cette ligne en termes de consolidation des diff\u00e9rents indicateurs de d\u00e9veloppement touristique de la province (nuit\u00e9es et arriv\u00e9es).<\/p>\n<p>Depuis le d\u00e9but de l\u2019ann\u00e9e et jusqu\u2019\u00e0 aujourd\u2019hui, on est approximativement \u00e0 une hausse de 10% et l\u2019ouverture de cette ligne a\u00e9rienne ne pourrait que renforcer davantage cette performance, a-t-il dit, \u00e9mettant le voeu de voir l\u2019ann\u00e9e 2019 s\u2019achever et l\u2019ann\u00e9e 2020 commencer sur d\u2019excellentes performances, tout en accordant \u00e0 l\u2019a\u00e9rien toute la place qu\u2019il m\u00e9rite dans les efforts de d\u00e9veloppement et d\u2019investissements touristiques.<\/p>\n<p>En chiffres, l\u2019a\u00e9roport international d\u2019Essaouira a accueilli durant les neuf premiers mois de 2019, un total de 76.921 passagers contre seulement 73.681 voyageurs durant la m\u00eame p\u00e9riode de l\u2019ann\u00e9e \u00e9coul\u00e9e, soit une \u00e9volution de 4,40%, selon les statistiques de l\u2019Office National des A\u00e9roports (ONDA).<\/p>\n<p>Ce chiffre se r\u00e9partit entre 73.844 passagers en provenance d\u2019Europe et 3.077 passagers du Maroc.<\/p>\n<p>Le trafic a\u00e9rien de cette plateforme a\u00e9roportuaire a \u00e9t\u00e9 multipli\u00e9 par 4, en passant de 25.795 passagers en 2007 \u00e0 104.587 passagers en 2018, avec une croissance annuelle moyenne de 14%, pr\u00e9cise-t-on de m\u00eame source.<\/p>\n<p>L\u2019a\u00e9roport Essaouira-Mogador est desservi par 4 compagnies a\u00e9riennes \u00e0 savoir la Royal Air Maroc, Ryanair, Transavia France et EasyJet, op\u00e9rant 17 fr\u00e9quences hebdomadaires et reliant la cit\u00e9 des Aliz\u00e9s \u00e0 6 destinations internationales toutes europ\u00e9ennes \u00e0 savoir : Paris, Bruxelles, Lyon, Bordeaux, Marseille, et Londres, outre une liaison domestique avec Casablanca.<\/p>\n<p>Certifi\u00e9 ISO 9001 Version 2015, l\u2019a\u00e9roport international d\u2019Essaouira-Mogador dispose d\u2019un Terminal de 3000 m2, d\u2019une piste d\u2019une longueur de 2.607 m et d\u2019une capacit\u00e9 de 300.000 passagers par an.<\/p>\n<p>The post <a rel=\"nofollow\" href=\"http:\/\/www.mapmarrakech.ma\/fr\/essaouira\/\">Inauguration de la ligne a\u00e9rienne Bruxelles-Essaouira<\/a> appeared first on <a rel=\"nofollow\" href=\"http:\/\/www.mapmarrakech.ma\/fr\">MapMarrakech<\/a>.<\/p>\n<\/div>\n<p>Auteur: Meriem IGASS<br \/>\n<a href=\"http:\/\/www.mapmarrakech.ma\/fr\/essaouira\/\">Cliquez ici pour lire l&rsquo;article depuis sa source.<\/a><\/p>\n","protected":false},"excerpt":{"rendered":"<p>A son arriv\u00e9e au tarmac de l\u2019a\u00e9roport international Essaouira-Mogador, un avion de ladite compagnie avec \u00e0 bord 188 passagers, a \u00e9t\u00e9 accueilli par le salut traditionnel aux canons \u00e0 eau (Water Salute). Cette desserte destin\u00e9e \u00e0 renforcer la connectivit\u00e9 a\u00e9rienne d\u2019Essaouira et \u00e0 booster son attractivit\u00e9 touristique, sera assur\u00e9e par deux vols hebdomadaires directs (mardi [&hellip;]<\/p>\n","protected":false},"author":1788,"featured_media":65876,"comment_status":"closed","ping_status":"closed","sticky":false,"template":"","format":"standard","meta":{"fifu_image_url":"","fifu_image_alt":"","footnotes":""},"categories":[54,76],"tags":[],"class_list":["post-65875","post","type-post","status-publish","format-standard","has-post-thumbnail","hentry","category-maroc","category-regions"],"_links":{"self":[{"href":"https:\/\/linitiative.ca\/International\/wp-json\/wp\/v2\/posts\/65875","targetHints":{"allow":["GET"]}}],"collection":[{"href":"https:\/\/linitiative.ca\/International\/wp-json\/wp\/v2\/posts"}],"about":[{"href":"https:\/\/linitiative.ca\/International\/wp-json\/wp\/v2\/types\/post"}],"author":[{"embeddable":true,"href":"https:\/\/linitiative.ca\/International\/wp-json\/wp\/v2\/users\/1788"}],"replies":[{"embeddable":true,"href":"https:\/\/linitiative.ca\/International\/wp-json\/wp\/v2\/comments?post=65875"}],"version-history":[{"count":0,"href":"https:\/\/linitiative.ca\/International\/wp-json\/wp\/v2\/posts\/65875\/revisions"}],"wp:featuredmedia":[{"embeddable":true,"href":"https:\/\/linitiative.ca\/International\/wp-json\/"}],"wp:attachment":[{"href":"https:\/\/linitiative.ca\/International\/wp-json\/wp\/v2\/media?parent=65875"}],"wp:term":[{"taxonomy":"category","embeddable":true,"href":"https:\/\/linitiative.ca\/International\/wp-json\/wp\/v2\/categories?post=65875"},{"taxonomy":"post_tag","embeddable":true,"href":"https:\/\/linitiative.ca\/International\/wp-json\/wp\/v2\/tags?post=65875"}],"curies":[{"name":"wp","href":"https:\/\/api.w.org\/{rel}","templated":true}]}}