{"id":65879,"date":"2019-10-29T11:55:51","date_gmt":"2019-10-29T15:55:51","guid":{"rendered":"https:\/\/linitiative.ca\/International\/bechar-la-realisation-dune-centrale-electrique-une-necessite\/"},"modified":"2019-10-29T11:55:51","modified_gmt":"2019-10-29T15:55:51","slug":"bechar-la-realisation-dune-centrale-electrique-une-necessite","status":"publish","type":"post","link":"https:\/\/linitiative.ca\/International\/bechar-la-realisation-dune-centrale-electrique-une-necessite\/","title":{"rendered":"Bechar: la r\u00e9alisation d&rsquo;une centrale \u00e9lectrique, \u00ab\u00a0une n\u00e9cessit\u00e9\u00a0\u00bb"},"content":{"rendered":"<div readability=\"36\">\n<p><strong>BECHAR &#8211; La r\u00e9alisation d\u2019une centrale \u00e9lectrique pouvant r\u00e9pondre aux besoins des habitants des 21 communes de la wilaya de Bechar est devenue \u00ab\u00a0une n\u00e9cessit\u00e9\u00a0\u00bb pour am\u00e9liorer la qualit\u00e9 de la distribution, a-t-on indiqu\u00e9 mardi \u00e0 la commission de l\u2019Assembl\u00e9e populaire de wilaya (APW) charg\u00e9e du suivi de la production et de la distribution de l\u2019\u00e9lectricit\u00e9.<\/strong><\/p>\n<\/div>\n<div readability=\"76.862745098\">\n<p>Cette instance, qui a \u00e9tabli un diagnostic des causes des coupures r\u00e9p\u00e9t\u00e9es du r\u00e9seau de distribution durant la derni\u00e8re saison estivale, estime que bien qu\u2019aliment\u00e9e \u00e0 partir de la wilaya de Na\u00e2ma par deux (2) lignes de haute tension (400 et 220 kilovolts) et d\u2019une ligne de transport de 60 kilovolts \u00e0 destination des communes de Bechar, Kenadza, Lahmar, Taghit ,Abadla et B\u00e9ni-Ounif , la wilaya \u00ab\u00a0gagnerait \u00e0 \u00eatre dot\u00e9e de sa propre centrale \u00e9lectrique\u00a0\u00bb, a pr\u00e9cis\u00e9 le pr\u00e9sident de cette commission, Youcef Makhloufi.<\/p>\n<p>Il est \u00e9galement n\u00e9cessaire de moderniser le r\u00e9seau de distribution et de doter les services comp\u00e9tents de la soci\u00e9t\u00e9 de distribution de l\u2019\u00e9lectricit\u00e9 et du gaz (Sonelgaz) en moyens mobiles et de d\u00e9tection des pannes sur les r\u00e9seaux de transport de cette \u00e9nergie \u00e0 travers les vastes \u00e9tendues de la wilaya, a-t-il ajout\u00e9.<\/p>\n<hr\/>\n<h3>Lire aussi:\u00a0<a href=\"http:\/\/www.aps.dz\/economie\/96521-realisation-de-5-centrales-photovoltaiques-une-offre-d-un-groupe-algerien-jugee-recevable\" target=\"_blank\" rel=\"noopener noreferrer\">R\u00e9alisation de 5 centrales photovolta\u00efques: une offre d&rsquo;un groupe alg\u00e9rien jug\u00e9e recevable<\/a><\/h3>\n<hr\/>\n<p>Ceci, sachant que les installations \u00e9lectriques peuvent \u00eatre soumises \u00e0 une panne, qu\u2019elles soient v\u00e9tustes ou modernes, de m\u00eame que les dysfonctionnements d\u2019une installation \u00e9lectrique peuvent \u00eatre de diff\u00e9rente source et nature, notamment en p\u00e9riode estivale ou l\u2019on enregistre une surchauffe des c\u00e2bles, raison pour laquelle il est recommand\u00e9, suivant l\u2019avis de plusieurs experts locaux en la mati\u00e8re, le renouvellement des lignes de transport \u00e0 destination des collectivit\u00e9s en c\u00e2bles torsad\u00e9s qui s\u2019adaptent au climat saharien de la r\u00e9gion, a expliqu\u00e9 M. Makhloufi.<\/p>\n<p>La wilaya de B\u00e9char, qui enregistre un taux de 97% d\u2019\u00e9lectrification avec un total de 80.288 abonn\u00e9s \u00e0 la basse tension, a b\u00e9n\u00e9fici\u00e9, au titre de plusieurs programmes sectoriels de d\u00e9veloppement, d\u2019un investissement de 387 millions DA, dont 290 millions DA repr\u00e9sentant la part de l\u2019Etat.<\/p>\n<p>\u00ab\u00a0Elle est largement bien servie en cette \u00e9nergie mais son renforcement par une centrale \u00e9lectrique pouvant contribuer \u00e0 mettre un terme d\u00e9finitif aux coupures r\u00e9p\u00e9t\u00e9es du r\u00e9seau de distribution dans certaines localit\u00e9s et contribuer \u00e0 l\u2019augmentation de l\u2019offre en la mati\u00e8re,est n\u00e9cessaire\u00a0\u00bb, selon les membres de la commission de l\u2019APW qui ont pr\u00e9sent\u00e9 un document officiel de leur recommandation \u00e0 l&rsquo;APW et aux autorit\u00e9s locales pour l\u2019am\u00e9lioration de la situation dans ce domaine.<\/p>\n<\/div>\n<p>Auteur:<br \/>\n<a href=\"http:\/\/www.aps.dz\/regions\/96539-bechar-la-realisation-d-une-centrale-electrique-une-necessite\">Cliquez ici pour lire l&rsquo;article depuis sa source.<\/a><\/p>\n","protected":false},"excerpt":{"rendered":"<p>BECHAR &#8211; La r\u00e9alisation d\u2019une centrale \u00e9lectrique pouvant r\u00e9pondre aux besoins des habitants des 21 communes de la wilaya de Bechar est devenue \u00ab\u00a0une n\u00e9cessit\u00e9\u00a0\u00bb pour am\u00e9liorer la qualit\u00e9 de la distribution, a-t-on indiqu\u00e9 mardi \u00e0 la commission de l\u2019Assembl\u00e9e populaire de wilaya (APW) charg\u00e9e du suivi de la production et de la distribution de [&hellip;]<\/p>\n","protected":false},"author":1790,"featured_media":0,"comment_status":"closed","ping_status":"closed","sticky":false,"template":"","format":"standard","meta":{"fifu_image_url":"","fifu_image_alt":"","footnotes":""},"categories":[53,76],"tags":[],"class_list":["post-65879","post","type-post","status-publish","format-standard","hentry","category-algerie","category-regions"],"_links":{"self":[{"href":"https:\/\/linitiative.ca\/International\/wp-json\/wp\/v2\/posts\/65879","targetHints":{"allow":["GET"]}}],"collection":[{"href":"https:\/\/linitiative.ca\/International\/wp-json\/wp\/v2\/posts"}],"about":[{"href":"https:\/\/linitiative.ca\/International\/wp-json\/wp\/v2\/types\/post"}],"author":[{"embeddable":true,"href":"https:\/\/linitiative.ca\/International\/wp-json\/wp\/v2\/users\/1790"}],"replies":[{"embeddable":true,"href":"https:\/\/linitiative.ca\/International\/wp-json\/wp\/v2\/comments?post=65879"}],"version-history":[{"count":0,"href":"https:\/\/linitiative.ca\/International\/wp-json\/wp\/v2\/posts\/65879\/revisions"}],"wp:attachment":[{"href":"https:\/\/linitiative.ca\/International\/wp-json\/wp\/v2\/media?parent=65879"}],"wp:term":[{"taxonomy":"category","embeddable":true,"href":"https:\/\/linitiative.ca\/International\/wp-json\/wp\/v2\/categories?post=65879"},{"taxonomy":"post_tag","embeddable":true,"href":"https:\/\/linitiative.ca\/International\/wp-json\/wp\/v2\/tags?post=65879"}],"curies":[{"name":"wp","href":"https:\/\/api.w.org\/{rel}","templated":true}]}}