{"id":65881,"date":"2019-10-29T12:51:55","date_gmt":"2019-10-29T16:51:55","guid":{"rendered":"https:\/\/linitiative.ca\/International\/formation-professionnelle-sortie-a-oran-dune-2e-promotion-de-37-jeunes-du-projet-forsa\/"},"modified":"2019-10-29T12:51:55","modified_gmt":"2019-10-29T16:51:55","slug":"formation-professionnelle-sortie-a-oran-dune-2e-promotion-de-37-jeunes-du-projet-forsa","status":"publish","type":"post","link":"https:\/\/linitiative.ca\/International\/formation-professionnelle-sortie-a-oran-dune-2e-promotion-de-37-jeunes-du-projet-forsa\/","title":{"rendered":"Formation professionnelle: sortie \u00e0 Oran d&rsquo;une 2e promotion de 37 jeunes du projet \u00ab\u00a0Forsa\u00a0\u00bb"},"content":{"rendered":"<div readability=\"35\">\n<p><strong>ORAN &#8211; Une deuxi\u00e8me promotion de 37 jeunes est sortie de l\u2019\u00e9cole atelier de l\u2019association \u00ab\u00a0Sant\u00e9 Sidi El Houari\u00a0\u00bb (SDH) d\u2019Oran dans le cadre du projet \u00ab\u00a0Forsa\u00a0\u00bb de formation professionnelle, a-t-on appris mardi de cette association.<\/strong><\/p>\n<\/div>\n<div readability=\"63\">\n<p>La promotion compte pas moins de 83 inscrits au d\u00e9but de formation lanc\u00e9e en septembre 2018\u00a0 toutefois 59 seulement ont accompli et 37 ont d\u00e9croch\u00e9 le dipl\u00f4me de formation et le restant refait l\u2019ann\u00e9e, selon la m\u00eame source.<\/p>\n<p>La formation de 6 \u00e0 12 mois est couronn\u00e9e d&rsquo;un dipl\u00f4me de qualification dans les sp\u00e9cialit\u00e9s qu&rsquo;assure l\u2019\u00e9cole dont notamment la restauration des sites arch\u00e9ologiques.<\/p>\n<p>La c\u00e9r\u00e9monie de cl\u00f4ture de la formation de 2018 s\u2019est tenue lundi au si\u00e8ge de l\u2019association SDH au vieux quartier de Sidi El Houari, en pr\u00e9sence de parents de dipl\u00f4m\u00e9s et 106 stagiaires de la nouvelle promotion 2019-2020.<\/p>\n<p>A cette occasion, des dipl\u00f4mes ont \u00e9t\u00e9 remis aux sortants et des cadeaux aux majors de promotion ayant obtenu les 1e et 2e places dans chaque sp\u00e9cialit\u00e9 de menuiserie, ferronnerie, construction, gypse, \u00e9lectricit\u00e9 et couture.<\/p>\n<p>La c\u00e9r\u00e9monie a \u00e9t\u00e9 marqu\u00e9e par la projection d&rsquo;un film mettant en exergue les \u00e9tapes de la formation et la pr\u00e9sentation d&rsquo;une pi\u00e8ce th\u00e9\u00e2trale r\u00e9alis\u00e9e par des jeunes stagiaires ayant choisi aussi de d\u00e9velopper leur performance en 4e art.<\/p>\n<p>Le projet \u00ab\u00a0Forsa\u00a0\u00bb, financ\u00e9 par l\u2019Alg\u00e9rie et l\u2019Union europ\u00e9enne (UE) dans le cadre du projet national \u00ab\u00a0Afeq\u00a0\u00bb (adaptation-formation-emploi-qualification), profite \u00e0 d\u2019autres associations de cinq wilayas outre qu&rsquo;Oran activant dans le domaine de pr\u00e9servation du legs civilisationnel et \u0153uvrant \u00e0 la formation des jeunes en restauration des sites arch\u00e9ologiques.<\/p>\n<\/div>\n<p>Auteur:<br \/>\n<a href=\"http:\/\/www.aps.dz\/regions\/96547-formation-professionnelle-sortie-a-oran-d-une-2e-promotion-de-37-jeunes-du-projet-forsa\">Cliquez ici pour lire l&rsquo;article depuis sa source.<\/a><\/p>\n","protected":false},"excerpt":{"rendered":"<p>ORAN &#8211; Une deuxi\u00e8me promotion de 37 jeunes est sortie de l\u2019\u00e9cole atelier de l\u2019association \u00ab\u00a0Sant\u00e9 Sidi El Houari\u00a0\u00bb (SDH) d\u2019Oran dans le cadre du projet \u00ab\u00a0Forsa\u00a0\u00bb de formation professionnelle, a-t-on appris mardi de cette association. La promotion compte pas moins de 83 inscrits au d\u00e9but de formation lanc\u00e9e en septembre 2018\u00a0 toutefois 59 seulement [&hellip;]<\/p>\n","protected":false},"author":1790,"featured_media":0,"comment_status":"closed","ping_status":"closed","sticky":false,"template":"","format":"standard","meta":{"fifu_image_url":"","fifu_image_alt":"","footnotes":""},"categories":[53,76],"tags":[],"class_list":["post-65881","post","type-post","status-publish","format-standard","hentry","category-algerie","category-regions"],"_links":{"self":[{"href":"https:\/\/linitiative.ca\/International\/wp-json\/wp\/v2\/posts\/65881","targetHints":{"allow":["GET"]}}],"collection":[{"href":"https:\/\/linitiative.ca\/International\/wp-json\/wp\/v2\/posts"}],"about":[{"href":"https:\/\/linitiative.ca\/International\/wp-json\/wp\/v2\/types\/post"}],"author":[{"embeddable":true,"href":"https:\/\/linitiative.ca\/International\/wp-json\/wp\/v2\/users\/1790"}],"replies":[{"embeddable":true,"href":"https:\/\/linitiative.ca\/International\/wp-json\/wp\/v2\/comments?post=65881"}],"version-history":[{"count":0,"href":"https:\/\/linitiative.ca\/International\/wp-json\/wp\/v2\/posts\/65881\/revisions"}],"wp:attachment":[{"href":"https:\/\/linitiative.ca\/International\/wp-json\/wp\/v2\/media?parent=65881"}],"wp:term":[{"taxonomy":"category","embeddable":true,"href":"https:\/\/linitiative.ca\/International\/wp-json\/wp\/v2\/categories?post=65881"},{"taxonomy":"post_tag","embeddable":true,"href":"https:\/\/linitiative.ca\/International\/wp-json\/wp\/v2\/tags?post=65881"}],"curies":[{"name":"wp","href":"https:\/\/api.w.org\/{rel}","templated":true}]}}