{"id":65884,"date":"2019-10-29T09:10:20","date_gmt":"2019-10-29T13:10:20","guid":{"rendered":"https:\/\/linitiative.ca\/International\/le-festival-mediterraneen-cinema-et-immigration-de-retour\/"},"modified":"2019-10-29T09:10:20","modified_gmt":"2019-10-29T13:10:20","slug":"le-festival-mediterraneen-cinema-et-immigration-de-retour","status":"publish","type":"post","link":"https:\/\/linitiative.ca\/International\/le-festival-mediterraneen-cinema-et-immigration-de-retour\/","title":{"rendered":"Le Festival m\u00e9diterran\u00e9en cin\u00e9ma et immigration de retour"},"content":{"rendered":"<p class=\"c1\">La 8\u00e8me \u00e9dition du Festival m\u00e9diterran\u00e9en cin\u00e9ma et immigration, organis\u00e9 par l\u2019Association solidarit\u00e9 pour le d\u00e9veloppement et l\u2019immigration, aura lieu du 2 au 5 novembre au Grand Th\u00e9\u00e2tre Mohammed VI \u00e0 Oujda, avec la participation de films issus de plusieurs pays m\u00e9diterran\u00e9ens.<\/p>\n<p class=\"c1\">Tenue sous le signe \u00ab\u00a0Le cin\u00e9ma au service des peuples\u00a0\u00bb, cette \u00e9dition sera marqu\u00e9e par la participation de 14 films repr\u00e9sentant plusieurs pays de la M\u00e9diterran\u00e9e (Maroc, Alg\u00e9rie, Egypte, France, Italie, Liban, Turquie), en sus de films de r\u00e9alisateurs issus de l\u2019immigration.<\/p>\n<p class=\"c1\">Cette manifestation qui c\u00e9l\u00e8bre le 7\u00e8me art comme moyen pour renforcer les rencontres et l\u2019\u00e9change culturel, se veut une occasion pour les cin\u00e9philes de d\u00e9couvrir des films traitant de questions li\u00e9es \u00e0 l\u2019immigration.<\/p>\n<p class=\"c1\">Les organisateurs pr\u00e9cisent que six longs-m\u00e9trages repr\u00e9sentant des pays du pourtour m\u00e9diterran\u00e9en seront en comp\u00e9tition officielle pour remporter l\u2019un des prix de cette manifestation cin\u00e9matographique.<\/p>\n<p class=\"c1\">Il s\u2019agit du Grand Prix du festival, du prix du jury, du prix du meilleur sc\u00e9nario et des prix des meilleurs r\u00f4les f\u00e9minin et masculin, explique la m\u00eame source, faisant savoir que pour les courts m\u00e9trages, huit \u0153uvres seront en comp\u00e9tition pour s\u2019adjuger l\u2019un des prix consacr\u00e9s \u00e0 cette cat\u00e9gorie.<\/p>\n<p class=\"c1\">Le jury de cette \u00e9dition sera pr\u00e9sid\u00e9 par le r\u00e9alisateur, sc\u00e9nariste et producteur fran\u00e7ais Emanuel Sanchez.<\/p>\n<p class=\"c1\">Outre la projection de films, le programme de cette \u00e9dition pr\u00e9voit des hommages, une table ronde sur \u00ab\u00a0la migration et les d\u00e9fis de l\u2019int\u00e9gration \u00e0 l\u2019\u00e8re de la mondialisation\u00a0\u00bb, et des ateliers d\u00e9di\u00e9s aux jeunes ax\u00e9s sur certains m\u00e9tiers et techniques du 7\u00e8me art, tels que l\u2019\u00e9criture du sc\u00e9nario, le maquillage et les effets sp\u00e9ciaux.<\/p>\n<p>Auteur: Soufiane ELAHMAR<br \/>\n<a href=\"http:\/\/www.mapoujda.ma\/fr\/le-festival-mediterraneen-cinema-et-immigration-de-retour\/\">Cliquez ici pour lire l&rsquo;article depuis sa source.<\/a><\/p>\n","protected":false},"excerpt":{"rendered":"<p>La 8\u00e8me \u00e9dition du Festival m\u00e9diterran\u00e9en cin\u00e9ma et immigration, organis\u00e9 par l\u2019Association solidarit\u00e9 pour le d\u00e9veloppement et l\u2019immigration, aura lieu du 2 au 5 novembre au Grand Th\u00e9\u00e2tre Mohammed VI \u00e0 Oujda, avec la participation de films issus de plusieurs pays m\u00e9diterran\u00e9ens. Tenue sous le signe \u00ab\u00a0Le cin\u00e9ma au service des peuples\u00a0\u00bb, cette \u00e9dition sera [&hellip;]<\/p>\n","protected":false},"author":1788,"featured_media":0,"comment_status":"closed","ping_status":"closed","sticky":false,"template":"","format":"standard","meta":{"fifu_image_url":"","fifu_image_alt":"","footnotes":""},"categories":[54,76],"tags":[],"class_list":["post-65884","post","type-post","status-publish","format-standard","hentry","category-maroc","category-regions"],"_links":{"self":[{"href":"https:\/\/linitiative.ca\/International\/wp-json\/wp\/v2\/posts\/65884","targetHints":{"allow":["GET"]}}],"collection":[{"href":"https:\/\/linitiative.ca\/International\/wp-json\/wp\/v2\/posts"}],"about":[{"href":"https:\/\/linitiative.ca\/International\/wp-json\/wp\/v2\/types\/post"}],"author":[{"embeddable":true,"href":"https:\/\/linitiative.ca\/International\/wp-json\/wp\/v2\/users\/1788"}],"replies":[{"embeddable":true,"href":"https:\/\/linitiative.ca\/International\/wp-json\/wp\/v2\/comments?post=65884"}],"version-history":[{"count":0,"href":"https:\/\/linitiative.ca\/International\/wp-json\/wp\/v2\/posts\/65884\/revisions"}],"wp:attachment":[{"href":"https:\/\/linitiative.ca\/International\/wp-json\/wp\/v2\/media?parent=65884"}],"wp:term":[{"taxonomy":"category","embeddable":true,"href":"https:\/\/linitiative.ca\/International\/wp-json\/wp\/v2\/categories?post=65884"},{"taxonomy":"post_tag","embeddable":true,"href":"https:\/\/linitiative.ca\/International\/wp-json\/wp\/v2\/tags?post=65884"}],"curies":[{"name":"wp","href":"https:\/\/api.w.org\/{rel}","templated":true}]}}