{"id":65894,"date":"2019-10-29T15:14:07","date_gmt":"2019-10-29T19:14:07","guid":{"rendered":"https:\/\/linitiative.ca\/International\/international-om-payet-revient-sur-ses-insultes-contre-larbitre\/"},"modified":"2019-10-29T15:14:07","modified_gmt":"2019-10-29T19:14:07","slug":"international-om-payet-revient-sur-ses-insultes-contre-larbitre","status":"publish","type":"post","link":"https:\/\/linitiative.ca\/International\/international-om-payet-revient-sur-ses-insultes-contre-larbitre\/","title":{"rendered":"International : OM : Payet revient sur ses insultes contre l\u2019arbitre\u00a0!"},"content":{"rendered":"<div readability=\"32\">\n<p>Auteur : <span class=\"time\">mardi 29 octobre 2019 15:15<\/span><\/p>\n<\/div>\n<div id=\"post_core\" readability=\"50\">\n<p>La sanction a \u00e9t\u00e9 lourde pour le milieu offensif de l\u2019OM, qui a \u00e9cop\u00e9 de quatre matchs de suspension. Et Payet, qui a finalement retrouv\u00e9 la comp\u00e9tition dimanche face au PSG (d\u00e9faite 4-0), semble regretter ses paroles.<\/p>\n<p>\u00ab\u00a0Cela a \u00e9t\u00e9 dur. Moi, j\u2019aime jouer au foot, et plus d\u2019un mois sans jouer, c\u2019est d\u00e9j\u00e0 une grosse punition pour moi. Je n\u2019aurais pas d\u00fb le faire, et \u00e0 moi aujourd\u2019hui d\u2019en tirer des le\u00e7ons. Je ne dois pas faire \u00e7a sur un terrain, je p\u00e9nalise l\u2019\u00e9quipe mais \u00e9galement moi-m\u00eame. Je regrette d\u2019avoir laiss\u00e9 mes co\u00e9quipiers pendant tout ce temps\u00a0\u00bb, a confi\u00e9 Payet rapporte Le 10 Sport.<\/p>\n<p><strong>Publi\u00e9 dans :<\/strong> <span>OM<\/span> <span>Dimitri payet<\/span><\/p>\n<\/div>\n<p>Auteur:<br \/>\n<a href=\"http:\/\/www.lebuteur.com\/article\/detail?titre=om-payet-revient-sur-ses-insultes-contre-larbitre%C2%A0&#038;id=92622&#038;utm_source=feedburner&#038;utm_medium=feed&#038;utm_campaign=Feed%3A+GalerieFArtciles+%28Les+derniers+articles++-+lebuteur.com%29\">Cliquez ici pour lire l&rsquo;article depuis sa source.<\/a><\/p>\n","protected":false},"excerpt":{"rendered":"<p>Auteur : mardi 29 octobre 2019 15:15 La sanction a \u00e9t\u00e9 lourde pour le milieu offensif de l\u2019OM, qui a \u00e9cop\u00e9 de quatre matchs de suspension. Et Payet, qui a finalement retrouv\u00e9 la comp\u00e9tition dimanche face au PSG (d\u00e9faite 4-0), semble regretter ses paroles. \u00ab\u00a0Cela a \u00e9t\u00e9 dur. Moi, j\u2019aime jouer au foot, et plus [&hellip;]<\/p>\n","protected":false},"author":1738,"featured_media":65895,"comment_status":"closed","ping_status":"closed","sticky":false,"template":"","format":"standard","meta":{"fifu_image_url":"","fifu_image_alt":"","footnotes":""},"categories":[53,75],"tags":[],"class_list":["post-65894","post","type-post","status-publish","format-standard","has-post-thumbnail","hentry","category-algerie","category-sport"],"_links":{"self":[{"href":"https:\/\/linitiative.ca\/International\/wp-json\/wp\/v2\/posts\/65894","targetHints":{"allow":["GET"]}}],"collection":[{"href":"https:\/\/linitiative.ca\/International\/wp-json\/wp\/v2\/posts"}],"about":[{"href":"https:\/\/linitiative.ca\/International\/wp-json\/wp\/v2\/types\/post"}],"author":[{"embeddable":true,"href":"https:\/\/linitiative.ca\/International\/wp-json\/wp\/v2\/users\/1738"}],"replies":[{"embeddable":true,"href":"https:\/\/linitiative.ca\/International\/wp-json\/wp\/v2\/comments?post=65894"}],"version-history":[{"count":0,"href":"https:\/\/linitiative.ca\/International\/wp-json\/wp\/v2\/posts\/65894\/revisions"}],"wp:featuredmedia":[{"embeddable":true,"href":"https:\/\/linitiative.ca\/International\/wp-json\/"}],"wp:attachment":[{"href":"https:\/\/linitiative.ca\/International\/wp-json\/wp\/v2\/media?parent=65894"}],"wp:term":[{"taxonomy":"category","embeddable":true,"href":"https:\/\/linitiative.ca\/International\/wp-json\/wp\/v2\/categories?post=65894"},{"taxonomy":"post_tag","embeddable":true,"href":"https:\/\/linitiative.ca\/International\/wp-json\/wp\/v2\/tags?post=65894"}],"curies":[{"name":"wp","href":"https:\/\/api.w.org\/{rel}","templated":true}]}}