{"id":65896,"date":"2019-10-28T20:00:00","date_gmt":"2019-10-29T00:00:00","guid":{"rendered":"https:\/\/linitiative.ca\/International\/commentaire-scrutin-la-derniere-ligne-droite\/"},"modified":"2019-10-28T20:00:00","modified_gmt":"2019-10-29T00:00:00","slug":"commentaire-scrutin-la-derniere-ligne-droite","status":"publish","type":"post","link":"https:\/\/linitiative.ca\/International\/commentaire-scrutin-la-derniere-ligne-droite\/","title":{"rendered":"Commentaire : Scrutin, la derni\u00e8re ligne droite"},"content":{"rendered":"<p>Apr\u00e8s l\u2019\u00e9preuve des parrainages, c\u2019est celle des programmes \u00e9lectoraux qui commence. Les regards sont \u00e0 pr\u00e9sent braqu\u00e9s sur le si\u00e8ge de l\u2019Autorit\u00e9 nationale ind\u00e9pendante en charge des \u00e9lections o\u00f9 sont \u00e9tudi\u00e9s les dossiers des vingt-deux candidats \u00e0 la candidature. Pendant dix jours, cette instance focalisera l\u2019attention des acteurs, des postulants et de la classe politique. Tous attendent avec impatience le verdict des membres de cette instance hautement strat\u00e9gique pour conna\u00eetre l\u2019identit\u00e9 des candidats ayant rempli les conditions constitutionnelles et l\u00e9gislatives pour prendre part au sprint final.<br \/>La publication de la liste des candidats retenus constitue le coup d\u2019envoi de la deuxi\u00e8me phase de l\u2019\u00e9lection pr\u00e9sidentielle du 12 d\u00e9cembre prochain. Pendant les trois semaines que durera la campagne \u00e9lectorale, l\u2019affrontement sera rude et dure entre les candidats sur tous les sujets et th\u00e8mes. C\u2019est \u00e0 une vraie bataille de programmes sur diverses questions. La sc\u00e8ne politique sera anim\u00e9e et envahie par les postulants et leurs partisans alternant conf\u00e9rences, meetings et sorties de proximit\u00e9 pour tenter de convaincre le maximum d\u2019\u00e9lecteurs.<br \/>Outre le terrain, les plateaux et d\u2019autres espaces m\u00e9diatiques seront investis par les \u00e9quipes des candidats dans l\u2019espoir de transmettre la port\u00e9e des messages des candidats.<br \/>Trois semaines de meetings, conf\u00e9rences, de sorties de proximit\u00e9 et rencontres avec les citoyens au cours desquelles les candidats feront tout pour expliquer leurs programmes et convaincre les citoyens et leur inspirer confiance pour voter pour eux le 12 d\u00e9cembre prochain. Tout se joue pour eux durant cette p\u00e9riode d\u00e9licate et d\u00e9terminante. L\u2019enjeu de la campagne \u00e9lectorale est de rallier le maximum d\u2019\u00e9lecteurs sur le profil de candidat pour tout capitaliser le jour J.<br \/>\u00c0 pr\u00e9sent, les candidats \u00e0 la candidature, tout en ayant une oreille attentive \u00e0 l\u2019Autorit\u00e9 nationale ind\u00e9pendante des \u00e9lections, s\u2019affairent \u00e0 mettre les derni\u00e8res retouches \u00e0 leurs programmes \u00e9lectoraux. Aussi, c\u2019est l\u2019occasion d\u2019arr\u00eater le choix, le timing et les villes o\u00f9 se d\u00e9rouleront les meetings et conf\u00e9rences ainsi que les profils des membres des staffs qui animeront la campagne pr\u00e9sidentielle aux c\u00f4t\u00e9s du candidat. Ce sont autant de d\u00e9tails auxquels s\u2019attellent les \u00e9quipes des postulants pendant cette pause qui pr\u00e9c\u00e8de la phase d\u00e9terminante de la campagne \u00e9lectorale.<br \/>Comme durant les phases de lecture, le citoyen-\u00e9lecteur reste l\u2019\u00e9l\u00e9ment essentiel, le pivot sans lequel rien n\u2019est possible. Le citoyen est \u00e0 la fois l\u2019acteur, l\u2019arbitre et le juge dans les diff\u00e9rentes op\u00e9rations \u00e9lectorales. D\u00e9tenteur de la souverainet\u00e9 populaire, le peuple aura \u00e0 juger les programmes des uns et des autres, \u00e9valuer la port\u00e9e et la cr\u00e9dibilit\u00e9 des propositions, \u00e9tudiera le profil politique et charismatique des candidats et leurs capacit\u00e9s \u00e0 r\u00e9pondre aux attentes exprim\u00e9es. C\u2019est \u00e0 l\u2019issue de toutes ces phases, que le verdict final sera rendu par les \u00e9lecteurs, seuls habilit\u00e9s \u00e0 trancher l\u2019identit\u00e9 de celui qui conduira le pays pendant les cinq prochaines ann\u00e9es. Le 12 d\u00e9cembre prochain, c\u2019est l\u2019urne qui tranchera et d\u00e9partagera entre les diff\u00e9rents candidats, leurs programmes et leurs propositions. Les choix des citoyens sera connu et le profil du futur pr\u00e9sident de la R\u00e9publique aussi. Celui qui aura toute la l\u00e9gitimit\u00e9 et les pr\u00e9rogatives de d\u00e9cider, engager et conduire toutes les r\u00e9formes importantes et n\u00e9cessaires.<br \/>M. Oumalek<\/p>\n<p>Auteur: elmoudjahid<br \/>\n<a href=\"http:\/\/www.elmoudjahid.com\/fr\/actualites\/143753\">Cliquez ici pour lire l&rsquo;article depuis sa source.<\/a><\/p>\n","protected":false},"excerpt":{"rendered":"<p>Apr\u00e8s l\u2019\u00e9preuve des parrainages, c\u2019est celle des programmes \u00e9lectoraux qui commence. Les regards sont \u00e0 pr\u00e9sent braqu\u00e9s sur le si\u00e8ge de l\u2019Autorit\u00e9 nationale ind\u00e9pendante en charge des \u00e9lections o\u00f9 sont \u00e9tudi\u00e9s les dossiers des vingt-deux candidats \u00e0 la candidature. Pendant dix jours, cette instance focalisera l\u2019attention des acteurs, des postulants et de la classe politique. [&hellip;]<\/p>\n","protected":false},"author":1744,"featured_media":0,"comment_status":"closed","ping_status":"closed","sticky":false,"template":"","format":"standard","meta":{"fifu_image_url":"","fifu_image_alt":"","footnotes":""},"categories":[73,53],"tags":[],"class_list":["post-65896","post","type-post","status-publish","format-standard","hentry","category-actualite","category-algerie"],"_links":{"self":[{"href":"https:\/\/linitiative.ca\/International\/wp-json\/wp\/v2\/posts\/65896","targetHints":{"allow":["GET"]}}],"collection":[{"href":"https:\/\/linitiative.ca\/International\/wp-json\/wp\/v2\/posts"}],"about":[{"href":"https:\/\/linitiative.ca\/International\/wp-json\/wp\/v2\/types\/post"}],"author":[{"embeddable":true,"href":"https:\/\/linitiative.ca\/International\/wp-json\/wp\/v2\/users\/1744"}],"replies":[{"embeddable":true,"href":"https:\/\/linitiative.ca\/International\/wp-json\/wp\/v2\/comments?post=65896"}],"version-history":[{"count":0,"href":"https:\/\/linitiative.ca\/International\/wp-json\/wp\/v2\/posts\/65896\/revisions"}],"wp:attachment":[{"href":"https:\/\/linitiative.ca\/International\/wp-json\/wp\/v2\/media?parent=65896"}],"wp:term":[{"taxonomy":"category","embeddable":true,"href":"https:\/\/linitiative.ca\/International\/wp-json\/wp\/v2\/categories?post=65896"},{"taxonomy":"post_tag","embeddable":true,"href":"https:\/\/linitiative.ca\/International\/wp-json\/wp\/v2\/tags?post=65896"}],"curies":[{"name":"wp","href":"https:\/\/api.w.org\/{rel}","templated":true}]}}