{"id":65898,"date":"2019-10-29T06:30:00","date_gmt":"2019-10-29T10:30:00","guid":{"rendered":"https:\/\/linitiative.ca\/International\/patrimoine-archeologique-subaquatique-mediterraneen\/"},"modified":"2019-10-29T06:30:00","modified_gmt":"2019-10-29T10:30:00","slug":"patrimoine-archeologique-subaquatique-mediterraneen","status":"publish","type":"post","link":"https:\/\/linitiative.ca\/International\/patrimoine-archeologique-subaquatique-mediterraneen\/","title":{"rendered":"Patrimoine arch\u00e9ologique subaquatique m\u00e9diterran\u00e9en"},"content":{"rendered":"<p>L\u2019Alg\u00e9rie vise la mise en place d\u2019une cartographie g\u00e9n\u00e9rale des sites arch\u00e9ologiques c\u00f4tiers et maritimes et littoraux et leur \u00e9volution \u00e0 travers l\u2019histoire.<\/p>\n<p>Dans son discours d\u2019ouverture, \u00e0 l\u2019occasion de la tenue, hier \u00e0 Alger, de la r\u00e9union extraordinaire du conseil consultatif scientifique et technique, portant sur la convention de protection du patrimoine culturel subaquatique, le ministre alg\u00e9rien de la Culture, Hassan Rabehi, lu par le chef de cabinet Atmane Noureddine \u00a0a exprim\u00e9 officiellement aupr\u00e8s de l\u2019Unesco l\u2019int\u00e9r\u00eat de l\u2019Alg\u00e9rie dans la pr\u00e9servation des sites arch\u00e9ologiques subaquatiques.<\/p>\n<p>Le ministre de la Culture a indiqu\u00e9 que le centre national de recherche en arch\u00e9ologie (CNRA), \u00ab\u00a0s\u2019engage dans le projet fort int\u00e9ressant visant \u00e0 \u00e9laborer son inventaire et d\u2019assurer efficacement sa protection, sa pr\u00e9servation et sa mise en valeur\u00a0\u00bb<\/p>\n<p>L\u2019objectif est l\u2019\u00e9tude des sites arch\u00e9ologiques partiellement et compl\u00e8tement submerg\u00e9s, de dresser un inventaire patrimonial de tout le potentiel existant sur la c\u00f4te sous-marine.<\/p>\n<p>Le projet en question vise \u00e9galement, la mise en place d\u2019une cartographie g\u00e9n\u00e9rale des sites arch\u00e9ologiques c\u00f4tiers et maritimes. Afin d\u2019\u00e9largir la connaissance de la constitution des paysages c\u00f4tiers et littoraux et d\u00e9terminer leur \u00e9volution \u00e0 travers l\u2019histoire. Ainsi, il ya lieu de citer que l\u2019Alg\u00e9rie regorge de biens culturels inestimables qui gisent au fond de l\u2019eau. Il a \u00e9t\u00e9 recens\u00e9 27 ports antiques qui n\u2019ont pas encore r\u00e9v\u00e9l\u00e9 leur secret.<\/p>\n<p>L\u2019exploitation des rivages, des ports anciens et de toute parcelle du littoral permettrait de renouer avec des \u00e9l\u00e9ments m\u00e9connus de l\u2019histoire collective pour que le bassin m\u00e9diterran\u00e9en soit r\u00e9ellement un havre de paix et d\u2019entente entre les peuples.<\/p>\n<p><strong>R\u00e9daction El Moudjahid Web<\/strong><\/p>\n<p>Auteur: elmoudjahid<br \/>\n<a href=\"http:\/\/www.elmoudjahid.com\/fr\/actualites\/143755\">Cliquez ici pour lire l&rsquo;article depuis sa source.<\/a><\/p>\n","protected":false},"excerpt":{"rendered":"<p>L\u2019Alg\u00e9rie vise la mise en place d\u2019une cartographie g\u00e9n\u00e9rale des sites arch\u00e9ologiques c\u00f4tiers et maritimes et littoraux et leur \u00e9volution \u00e0 travers l\u2019histoire. Dans son discours d\u2019ouverture, \u00e0 l\u2019occasion de la tenue, hier \u00e0 Alger, de la r\u00e9union extraordinaire du conseil consultatif scientifique et technique, portant sur la convention de protection du patrimoine culturel subaquatique, [&hellip;]<\/p>\n","protected":false},"author":1744,"featured_media":0,"comment_status":"closed","ping_status":"closed","sticky":false,"template":"","format":"standard","meta":{"fifu_image_url":"","fifu_image_alt":"","footnotes":""},"categories":[73,53],"tags":[],"class_list":["post-65898","post","type-post","status-publish","format-standard","hentry","category-actualite","category-algerie"],"_links":{"self":[{"href":"https:\/\/linitiative.ca\/International\/wp-json\/wp\/v2\/posts\/65898","targetHints":{"allow":["GET"]}}],"collection":[{"href":"https:\/\/linitiative.ca\/International\/wp-json\/wp\/v2\/posts"}],"about":[{"href":"https:\/\/linitiative.ca\/International\/wp-json\/wp\/v2\/types\/post"}],"author":[{"embeddable":true,"href":"https:\/\/linitiative.ca\/International\/wp-json\/wp\/v2\/users\/1744"}],"replies":[{"embeddable":true,"href":"https:\/\/linitiative.ca\/International\/wp-json\/wp\/v2\/comments?post=65898"}],"version-history":[{"count":0,"href":"https:\/\/linitiative.ca\/International\/wp-json\/wp\/v2\/posts\/65898\/revisions"}],"wp:attachment":[{"href":"https:\/\/linitiative.ca\/International\/wp-json\/wp\/v2\/media?parent=65898"}],"wp:term":[{"taxonomy":"category","embeddable":true,"href":"https:\/\/linitiative.ca\/International\/wp-json\/wp\/v2\/categories?post=65898"},{"taxonomy":"post_tag","embeddable":true,"href":"https:\/\/linitiative.ca\/International\/wp-json\/wp\/v2\/tags?post=65898"}],"curies":[{"name":"wp","href":"https:\/\/api.w.org\/{rel}","templated":true}]}}