{"id":65899,"date":"2019-10-29T06:00:00","date_gmt":"2019-10-29T10:00:00","guid":{"rendered":"https:\/\/linitiative.ca\/International\/la-course-contre-la-montre-pour-recueillir-la-parole-des-heros-de-la-revolution\/"},"modified":"2019-10-29T06:00:00","modified_gmt":"2019-10-29T10:00:00","slug":"la-course-contre-la-montre-pour-recueillir-la-parole-des-heros-de-la-revolution","status":"publish","type":"post","link":"https:\/\/linitiative.ca\/International\/la-course-contre-la-montre-pour-recueillir-la-parole-des-heros-de-la-revolution\/","title":{"rendered":"La course contre la montre pour recueillir la parole des h\u00e9ros de la R\u00e9volution"},"content":{"rendered":"<p>L\u2019\u00e9quipe du Mus\u00e9e du moudjahid de Batna d\u00e9ploie de grands efforts pour entrer en contact avec les moudjahidine et recueillir leurs t\u00e9moignages, a affirm\u00e9 le directeur de cet \u00e9tablissement Mounir Medkour. La maladie et l\u2019\u00e2ge avanc\u00e9 de ces derniers t\u00e9moins de la r\u00e9volution et l\u2019\u00e9tendue du territoire de la wilaya constituent les principales entraves \u00e0 cette \u0153uvre \u00ab\u00a0documentaire\u00a0\u00bb.<\/p>\n<p>Le mus\u00e9e a r\u00e9ussi cependant, au cours de ces derni\u00e8res ann\u00e9es, \u00e0 recueillir par vid\u00e9o les t\u00e9moignages de la plupart des quelques moudjahidine qui furent au c\u00f4t\u00e9 de Mostefa Benboula\u00efd lors du d\u00e9clenchement du 1<sup>er<\/sup> novembre 1954.<\/p>\n<p>810 t\u00e9moignages de plus de 370 heures d\u2019enregistrement ont \u00e9t\u00e9 archiv\u00e9s &#8211; L\u2019\u00e9quipe du bureau du patrimoine historique du mus\u00e9e a collect\u00e9, depuis 2000 \u00e0 ce jour. Cette documentation sonore et visuelle offre aux universitaires et chercheurs \u00ab\u00a0une mine d\u2019informations sur l\u2019histoire de la R\u00e9volution.<\/p>\n<p>Parmi les t\u00e9moignages, celui du d\u00e9funt moudjahid Nadji Nedjaoui qui avait accompagn\u00e9 Benboula\u00efd jusqu\u2019\u00e0 la fronti\u00e8re tunisienne dans son voyage pour acheminer des armes pour les maquis en pr\u00e9vision du d\u00e9clenchement de la R\u00e9volution. Le t\u00e9moignage d\u2019Amar Bencha\u00efba, alias Ali, a \u00e9t\u00e9 \u00e9galement enregistr\u00e9. Ali avait perdu un \u0153il dans l\u2019explosion de la radio pi\u00e9g\u00e9e qui avait co\u00fbt\u00e9 la vie \u00e0 Mostefa Benboula\u00efd.<\/p>\n<p>Le mus\u00e9e a aussi recueilli les t\u00e9moignages des deux moudjahidine Oussif Lakhdar et Mohamed Bayouch qui avaient particip\u00e9 la nuit du 1<sup>er<\/sup> novembre 1954 \u00e0 l\u2019attaque de la caserne de la ville de Batna et \u00e0 la c\u00e9l\u00e8bre bataille de Tbabouchet \u00e0 Kimel vers fin novembre 1954.<\/p>\n<p><strong>R\u00e9daction Web<\/strong><\/p>\n<p>Auteur: elmoudjahid<br \/>\n<a href=\"http:\/\/www.elmoudjahid.com\/fr\/actualites\/143756\">Cliquez ici pour lire l&rsquo;article depuis sa source.<\/a><\/p>\n","protected":false},"excerpt":{"rendered":"<p>L\u2019\u00e9quipe du Mus\u00e9e du moudjahid de Batna d\u00e9ploie de grands efforts pour entrer en contact avec les moudjahidine et recueillir leurs t\u00e9moignages, a affirm\u00e9 le directeur de cet \u00e9tablissement Mounir Medkour. La maladie et l\u2019\u00e2ge avanc\u00e9 de ces derniers t\u00e9moins de la r\u00e9volution et l\u2019\u00e9tendue du territoire de la wilaya constituent les principales entraves \u00e0 [&hellip;]<\/p>\n","protected":false},"author":1744,"featured_media":0,"comment_status":"closed","ping_status":"closed","sticky":false,"template":"","format":"standard","meta":{"fifu_image_url":"","fifu_image_alt":"","footnotes":""},"categories":[73,53],"tags":[],"class_list":["post-65899","post","type-post","status-publish","format-standard","hentry","category-actualite","category-algerie"],"_links":{"self":[{"href":"https:\/\/linitiative.ca\/International\/wp-json\/wp\/v2\/posts\/65899","targetHints":{"allow":["GET"]}}],"collection":[{"href":"https:\/\/linitiative.ca\/International\/wp-json\/wp\/v2\/posts"}],"about":[{"href":"https:\/\/linitiative.ca\/International\/wp-json\/wp\/v2\/types\/post"}],"author":[{"embeddable":true,"href":"https:\/\/linitiative.ca\/International\/wp-json\/wp\/v2\/users\/1744"}],"replies":[{"embeddable":true,"href":"https:\/\/linitiative.ca\/International\/wp-json\/wp\/v2\/comments?post=65899"}],"version-history":[{"count":0,"href":"https:\/\/linitiative.ca\/International\/wp-json\/wp\/v2\/posts\/65899\/revisions"}],"wp:attachment":[{"href":"https:\/\/linitiative.ca\/International\/wp-json\/wp\/v2\/media?parent=65899"}],"wp:term":[{"taxonomy":"category","embeddable":true,"href":"https:\/\/linitiative.ca\/International\/wp-json\/wp\/v2\/categories?post=65899"},{"taxonomy":"post_tag","embeddable":true,"href":"https:\/\/linitiative.ca\/International\/wp-json\/wp\/v2\/tags?post=65899"}],"curies":[{"name":"wp","href":"https:\/\/api.w.org\/{rel}","templated":true}]}}