{"id":65907,"date":"2019-10-29T11:33:00","date_gmt":"2019-10-29T15:33:00","guid":{"rendered":"https:\/\/linitiative.ca\/International\/fete-du-1er-novembre-la-journee-du-vendredi-chomee-et-payee\/"},"modified":"2019-10-29T11:33:00","modified_gmt":"2019-10-29T15:33:00","slug":"fete-du-1er-novembre-la-journee-du-vendredi-chomee-et-payee","status":"publish","type":"post","link":"https:\/\/linitiative.ca\/International\/fete-du-1er-novembre-la-journee-du-vendredi-chomee-et-payee\/","title":{"rendered":"FETE DU 1ER  NOVEMBRE : La journ\u00e9e du vendredi  ch\u00f4m\u00e9e et pay\u00e9e"},"content":{"rendered":"<p><br id=\"sep_para_1\" class=\"sep_para access\"\/><\/p>\n<div id=\"para_1\" class=\"para_33720472 resize\">\n<div class=\"texte access firstletter\">La journ\u00e9e du vendredi 1er\u00a0 novembre, f\u00eate de la r\u00e9volution, sera ch\u00f4m\u00e9e et pay\u00e9e pour l&rsquo;ensemble des personnels des institutions et administrations publiques, des \u00e9tablissements et entreprises publics et priv\u00e9s, y compris les personnels pay\u00e9s \u00e0 l&rsquo;heure ou \u00e0 la journ\u00e9e, a indiqu\u00e9 mardi un communiqu\u00e9 de la Direction g\u00e9n\u00e9rale de la Fonction publique et de la R\u00e9forme administrative. \u00ab\u00a0A l&rsquo;occasion de la f\u00eate de la r\u00e9volution et conform\u00e9ment \u00e0 la loi 63-278 du 26 juillet 1963, modifi\u00e9e et compl\u00e9t\u00e9e fixant la liste des f\u00eates l\u00e9gales, la journ\u00e9e du vendredi 1er\u00a0 novembre 2019 est ch\u00f4m\u00e9e et pay\u00e9e pour l&rsquo;ensemble des personnels des institutions et administrations publiques, des \u00e9tablissements et offices publics et priv\u00e9s ainsi qu&rsquo;aux personnels des entreprises publiques et priv\u00e9es, tous secteurs et statuts juridiques confondus, y compris les personnels pay\u00e9s \u00e0 l&rsquo;heure ou \u00e0 la journ\u00e9e\u00a0\u00bb, pr\u00e9cise la m\u00eame source. \u00ab\u00a0Toutefois, les institutions, administrations, \u00e9tablissements, offices et entreprises pr\u00e9cit\u00e9s, sont tenus de prendre les mesures n\u00e9cessaires pour assurer la continuit\u00e9 des services organis\u00e9s en mode de travail post\u00e9\u00a0\u00bb, ajoute le communiqu\u00e9.\u00a0\u00a0\u00a0\u00a0\u00a0\u00a0<\/div>\n<\/div>\n<p>Auteur: Ismain<br \/>\n<a href=\"https:\/\/www.reflexiondz.net\/FETE-DU-1ER-NOVEMBRE-La-journee-du-vendredi-chomee-et-payee_a58527.html\">Cliquez ici pour lire l&rsquo;article depuis sa source.<\/a><\/p>\n","protected":false},"excerpt":{"rendered":"<p>La journ\u00e9e du vendredi 1er\u00a0 novembre, f\u00eate de la r\u00e9volution, sera ch\u00f4m\u00e9e et pay\u00e9e pour l&rsquo;ensemble des personnels des institutions et administrations publiques, des \u00e9tablissements et entreprises publics et priv\u00e9s, y compris les personnels pay\u00e9s \u00e0 l&rsquo;heure ou \u00e0 la journ\u00e9e, a indiqu\u00e9 mardi un communiqu\u00e9 de la Direction g\u00e9n\u00e9rale de la Fonction publique et [&hellip;]<\/p>\n","protected":false},"author":1740,"featured_media":0,"comment_status":"closed","ping_status":"closed","sticky":false,"template":"","format":"standard","meta":{"fifu_image_url":"","fifu_image_alt":"","footnotes":""},"categories":[53,76],"tags":[],"class_list":["post-65907","post","type-post","status-publish","format-standard","hentry","category-algerie","category-regions"],"_links":{"self":[{"href":"https:\/\/linitiative.ca\/International\/wp-json\/wp\/v2\/posts\/65907","targetHints":{"allow":["GET"]}}],"collection":[{"href":"https:\/\/linitiative.ca\/International\/wp-json\/wp\/v2\/posts"}],"about":[{"href":"https:\/\/linitiative.ca\/International\/wp-json\/wp\/v2\/types\/post"}],"author":[{"embeddable":true,"href":"https:\/\/linitiative.ca\/International\/wp-json\/wp\/v2\/users\/1740"}],"replies":[{"embeddable":true,"href":"https:\/\/linitiative.ca\/International\/wp-json\/wp\/v2\/comments?post=65907"}],"version-history":[{"count":0,"href":"https:\/\/linitiative.ca\/International\/wp-json\/wp\/v2\/posts\/65907\/revisions"}],"wp:attachment":[{"href":"https:\/\/linitiative.ca\/International\/wp-json\/wp\/v2\/media?parent=65907"}],"wp:term":[{"taxonomy":"category","embeddable":true,"href":"https:\/\/linitiative.ca\/International\/wp-json\/wp\/v2\/categories?post=65907"},{"taxonomy":"post_tag","embeddable":true,"href":"https:\/\/linitiative.ca\/International\/wp-json\/wp\/v2\/tags?post=65907"}],"curies":[{"name":"wp","href":"https:\/\/api.w.org\/{rel}","templated":true}]}}