{"id":65909,"date":"2019-10-29T11:33:00","date_gmt":"2019-10-29T15:33:00","guid":{"rendered":"https:\/\/linitiative.ca\/International\/defense-aerienne-du-territoire-gaid-salah-en-visite-de-travail\/"},"modified":"2019-10-29T11:33:00","modified_gmt":"2019-10-29T15:33:00","slug":"defense-aerienne-du-territoire-gaid-salah-en-visite-de-travail","status":"publish","type":"post","link":"https:\/\/linitiative.ca\/International\/defense-aerienne-du-territoire-gaid-salah-en-visite-de-travail\/","title":{"rendered":"DEFENSE AERIENNE DU TERRITOIRE : Ga\u00efd Salah en visite de travail"},"content":{"rendered":"<p><br id=\"sep_para_1\" class=\"sep_para access\"\/><\/p>\n<div id=\"para_1\" class=\"para_33720460 resize\">\n<div class=\"photo shadow left\"><a href=\"javascript:void(0)\" rel=\"https:\/\/www.reflexiondz.net\/photo\/art\/grande\/38878325-33720460.jpg?v=1572367173&#038;ibox\" title=\"DEFENSE AERIENNE DU TERRITOIRE : Ga\u00efd Salah en visite de travail\"><img decoding=\"async\" class=\"responsive c9\" src=\"https:\/\/www.reflexiondz.net\/photo\/art\/grande\/38878325-33720460.jpg?v=1572367173\" alt=\"DEFENSE AERIENNE DU TERRITOIRE : Ga\u00efd Salah en visite de travail\" title=\"DEFENSE AERIENNE DU TERRITOIRE : Ga\u00efd Salah en visite de travail\"\/><img decoding=\"async\" class=\"not-responsive\" src=\"https:\/\/www.reflexiondz.net\/photo\/art\/default\/38878325-33720460.jpg?v=1572367175\" alt=\"DEFENSE AERIENNE DU TERRITOIRE : Ga\u00efd Salah en visite de travail\" title=\"DEFENSE AERIENNE DU TERRITOIRE : Ga\u00efd Salah en visite de travail\"\/><\/a><\/div>\n<div class=\"texte access firstletter\">Le g\u00e9n\u00e9ral de corps d\u2019arm\u00e9e Ahmed Ga\u00efd Salah, vice-ministre de la D\u00e9fense nationale, chef d\u2019\u00e9tat-major de l\u2019Arm\u00e9e nationale populaire, se rendra aujourd\u2019hui au si\u00e8ge du Commandement des forces de d\u00e9fense a\u00e9rienne du territoire. \u2018\u2019Le g\u00e9n\u00e9ral de corps d\u2019arm\u00e9e, Ahmed Ga\u00efd Salah, vice-ministre de la D\u00e9fense nationale, chef d\u2019\u00e9tat-major de l\u2019Arm\u00e9e nationale populaire, effectue, mercredi 30 octobre 2019, une visite de travail et d\u2019inspection au Commandement des forces de d\u00e9fense a\u00e9rienne du territoire, a annonc\u00e9 hier un communiqu\u00e9 du minist\u00e8re de la d\u00e9fense nationale. Il est \u00e0 signaler que Ahmed Ga\u00efd Salah s\u2019est rendu,\u00a0 hier,\u00a0 \u00e0 l\u2019h\u00f4pital central de l\u2019arm\u00e9e \u00e0 Ain N\u00e2adja pour y effectuer une visite de travail et d\u2019inspection comme annonc\u00e9 dans un communiqu\u00e9 du minist\u00e8re de la d\u00e9fense nationale.\u00a0\u00a0\u00a0\u00a0\u00a0\u00a0\u00a0<\/div>\n<\/div>\n<p>Auteur: Nadine<br \/>\n<a href=\"https:\/\/www.reflexiondz.net\/DEFENSE-AERIENNE-DU-TERRITOIRE-Gaid-Salah-en-visite-de-travail_a58525.html\">Cliquez ici pour lire l&rsquo;article depuis sa source.<\/a><\/p>\n","protected":false},"excerpt":{"rendered":"<p>Le g\u00e9n\u00e9ral de corps d\u2019arm\u00e9e Ahmed Ga\u00efd Salah, vice-ministre de la D\u00e9fense nationale, chef d\u2019\u00e9tat-major de l\u2019Arm\u00e9e nationale populaire, se rendra aujourd\u2019hui au si\u00e8ge du Commandement des forces de d\u00e9fense a\u00e9rienne du territoire. \u2018\u2019Le g\u00e9n\u00e9ral de corps d\u2019arm\u00e9e, Ahmed Ga\u00efd Salah, vice-ministre de la D\u00e9fense nationale, chef d\u2019\u00e9tat-major de l\u2019Arm\u00e9e nationale populaire, effectue, mercredi 30 [&hellip;]<\/p>\n","protected":false},"author":1740,"featured_media":0,"comment_status":"closed","ping_status":"closed","sticky":false,"template":"","format":"standard","meta":{"fifu_image_url":"","fifu_image_alt":"","footnotes":""},"categories":[53,76],"tags":[],"class_list":["post-65909","post","type-post","status-publish","format-standard","hentry","category-algerie","category-regions"],"_links":{"self":[{"href":"https:\/\/linitiative.ca\/International\/wp-json\/wp\/v2\/posts\/65909","targetHints":{"allow":["GET"]}}],"collection":[{"href":"https:\/\/linitiative.ca\/International\/wp-json\/wp\/v2\/posts"}],"about":[{"href":"https:\/\/linitiative.ca\/International\/wp-json\/wp\/v2\/types\/post"}],"author":[{"embeddable":true,"href":"https:\/\/linitiative.ca\/International\/wp-json\/wp\/v2\/users\/1740"}],"replies":[{"embeddable":true,"href":"https:\/\/linitiative.ca\/International\/wp-json\/wp\/v2\/comments?post=65909"}],"version-history":[{"count":0,"href":"https:\/\/linitiative.ca\/International\/wp-json\/wp\/v2\/posts\/65909\/revisions"}],"wp:attachment":[{"href":"https:\/\/linitiative.ca\/International\/wp-json\/wp\/v2\/media?parent=65909"}],"wp:term":[{"taxonomy":"category","embeddable":true,"href":"https:\/\/linitiative.ca\/International\/wp-json\/wp\/v2\/categories?post=65909"},{"taxonomy":"post_tag","embeddable":true,"href":"https:\/\/linitiative.ca\/International\/wp-json\/wp\/v2\/tags?post=65909"}],"curies":[{"name":"wp","href":"https:\/\/api.w.org\/{rel}","templated":true}]}}