{"id":65916,"date":"2019-10-29T16:34:07","date_gmt":"2019-10-29T20:34:07","guid":{"rendered":"https:\/\/linitiative.ca\/International\/khalida-toumi-arretee-par-les-services-de-securite\/"},"modified":"2019-10-29T16:34:07","modified_gmt":"2019-10-29T20:34:07","slug":"khalida-toumi-arretee-par-les-services-de-securite","status":"publish","type":"post","link":"https:\/\/linitiative.ca\/International\/khalida-toumi-arretee-par-les-services-de-securite\/","title":{"rendered":"Khalida Toumi arr\u00eat\u00e9e par les services de s\u00e9curit\u00e9"},"content":{"rendered":"<h4 class=\"title-14\"\/>\n<div class=\"featured_image\"><img width=\"448\" height=\"299\" data-cfsrc=\"https:\/\/www.elwatan.com\/wp-content\/uploads\/2019\/10\/khalida-toumi.jpg\" class=\"attachment-post-thumbnail size-post-thumbnail wp-post-image c2\" alt=\"\" srcset=\"https:\/\/www.elwatan.com\/wp-content\/uploads\/2019\/10\/khalida-toumi.jpg 448w, https:\/\/www.elwatan.com\/wp-content\/uploads\/2019\/10\/khalida-toumi-300x200.jpg 300w\" sizes=\"(max-width: 448px) 100vw, 448px\"\/><noscript><\/p>\n<p><img loading=\"lazy\" decoding=\"async\" width=\"448\" height=\"299\" src=\"https:\/\/www.elwatan.com\/wp-content\/uploads\/2019\/10\/khalida-toumi.jpg\" class=\"attachment-post-thumbnail size-post-thumbnail wp-post-image\" alt=\"\" srcset=\"https:\/\/www.elwatan.com\/wp-content\/uploads\/2019\/10\/khalida-toumi.jpg 448w, https:\/\/www.elwatan.com\/wp-content\/uploads\/2019\/10\/khalida-toumi-300x200.jpg 300w\" sizes=\"auto, (max-width: 448px) 100vw, 448px\"\/><\/p>\n<p><\/noscript> <span class=\"featured-image-caption\">D. R.<\/span><\/div>\n<p>L\u2019ancienne ministre de la culture Khalida Toumi a \u00e9t\u00e9 arr\u00eat\u00e9e en d\u00e9but de soir\u00e9e par les services de s\u00e9curit\u00e9, selon des sources concordantes.<\/p>\n<p>Cette arrestation serait li\u00e9e \u00e0 la gestion de certaines manifestations culturelles internationales dont elle avait la gestion durant l\u2019\u00e9poque o\u00f9 elle g\u00e9rait le secteur de la culture.<\/p>\n<p>Il est \u00e0 rappeler que l\u2019ancienne ministre avait fait l\u2019objet d\u2019une rumeur concernant sa fuite \u00e0 l\u2019\u00e9tranger en fin du mois de juillet dernier. Elle avait tenue \u00e0 d\u00e9mentir \u00e0 l\u2019opinion publique la rumeur qui avait fait le tour du pays.<\/p>\n<p>\u00ab\u00a0Je vous prie de bien vouloir publier la mise au point suivante : je vis et j\u2019habite \u00e0 Alger. Je n\u2019ai pas quitt\u00e9 mon pays depuis au moins un (01) an et je ne compte pas du reste le quitter. Je suis \u00e0 la fois stup\u00e9faite, effar\u00e9e et indign\u00e9e par la l\u00e9g\u00e8ret\u00e9 avec laquelle des mensonges aussi graves sont colport\u00e9s, sans chercher \u00e0 aucun moment \u00e0 faire des v\u00e9rifications, en atteinte flagrante aux droits \u00e9l\u00e9mentaires d\u2019une citoyenne \u00bb, avait affirm\u00e9 l\u2019ancienne ministre de la Culture.<\/p>\n<p>Apr\u00e8s Khalida Toumi, l\u2019opinion publique s\u2019interroge sur l\u2019impunit\u00e9 dont b\u00e9n\u00e9ficie l\u2019ex secr\u00e9taire g\u00e9n\u00e9ral du FLN Amar Sa\u00e2dani sur les malversations li\u00e9es au foncier agricole pour lequel la justice ne s\u2019est pas encore prononc\u00e9e en d\u00e9pit des nombreuses enqu\u00eates approfondies faites contre lui. Serait-il le prochain de la longue liste des personnalit\u00e9s politiques qui \u00a0devraient \u00eatre jug\u00e9s pour les affaires de corruption\u00a0?<\/p>\n<p><span class=\"post-views-label\">Post Views:<\/span> <span class=\"post-views-count\">8<\/span><\/p>\n<p><br class=\"c4\"\/><\/p>\n<p>Auteur: akharoum<br \/>\n<a href=\"https:\/\/www.elwatan.com\/a-la-une\/khalida-toumi-arretee-par-les-services-de-securite-29-10-2019\">Cliquez ici pour lire l&rsquo;article depuis sa source.<\/a><\/p>\n","protected":false},"excerpt":{"rendered":"<p>D. R. L\u2019ancienne ministre de la culture Khalida Toumi a \u00e9t\u00e9 arr\u00eat\u00e9e en d\u00e9but de soir\u00e9e par les services de s\u00e9curit\u00e9, selon des sources concordantes. Cette arrestation serait li\u00e9e \u00e0 la gestion de certaines manifestations culturelles internationales dont elle avait la gestion durant l\u2019\u00e9poque o\u00f9 elle g\u00e9rait le secteur de la culture. Il est \u00e0 [&hellip;]<\/p>\n","protected":false},"author":1743,"featured_media":65917,"comment_status":"closed","ping_status":"closed","sticky":false,"template":"","format":"standard","meta":{"fifu_image_url":"","fifu_image_alt":"","footnotes":""},"categories":[73,53],"tags":[],"class_list":["post-65916","post","type-post","status-publish","format-standard","has-post-thumbnail","hentry","category-actualite","category-algerie"],"_links":{"self":[{"href":"https:\/\/linitiative.ca\/International\/wp-json\/wp\/v2\/posts\/65916","targetHints":{"allow":["GET"]}}],"collection":[{"href":"https:\/\/linitiative.ca\/International\/wp-json\/wp\/v2\/posts"}],"about":[{"href":"https:\/\/linitiative.ca\/International\/wp-json\/wp\/v2\/types\/post"}],"author":[{"embeddable":true,"href":"https:\/\/linitiative.ca\/International\/wp-json\/wp\/v2\/users\/1743"}],"replies":[{"embeddable":true,"href":"https:\/\/linitiative.ca\/International\/wp-json\/wp\/v2\/comments?post=65916"}],"version-history":[{"count":0,"href":"https:\/\/linitiative.ca\/International\/wp-json\/wp\/v2\/posts\/65916\/revisions"}],"wp:featuredmedia":[{"embeddable":true,"href":"https:\/\/linitiative.ca\/International\/wp-json\/"}],"wp:attachment":[{"href":"https:\/\/linitiative.ca\/International\/wp-json\/wp\/v2\/media?parent=65916"}],"wp:term":[{"taxonomy":"category","embeddable":true,"href":"https:\/\/linitiative.ca\/International\/wp-json\/wp\/v2\/categories?post=65916"},{"taxonomy":"post_tag","embeddable":true,"href":"https:\/\/linitiative.ca\/International\/wp-json\/wp\/v2\/tags?post=65916"}],"curies":[{"name":"wp","href":"https:\/\/api.w.org\/{rel}","templated":true}]}}