{"id":65918,"date":"2019-10-29T08:50:00","date_gmt":"2019-10-29T12:50:00","guid":{"rendered":"https:\/\/linitiative.ca\/International\/moncef-ben-slimane-kais-saied-envoie-la-transition-democratique-au-placard\/"},"modified":"2019-10-29T08:50:00","modified_gmt":"2019-10-29T12:50:00","slug":"moncef-ben-slimane-kais-saied-envoie-la-transition-democratique-au-placard","status":"publish","type":"post","link":"https:\/\/linitiative.ca\/International\/moncef-ben-slimane-kais-saied-envoie-la-transition-democratique-au-placard\/","title":{"rendered":"Moncef Ben Slimane: Kais Saied envoie la transition d\u00e9mocratique au placard"},"content":{"rendered":"<p><img decoding=\"async\" src=\"\/uploads\/FCK_files\/Moncef-Ben-Slimane(1).jpg\" alt=\"\" width=\"30%\" vspace=\"5\" hspace=\"5\" align=\"right\"\/>Beaucoup de choses peuvent \u00eatre dites \u00e0 propos du discours\u00a0 du nouveau pr\u00e9sident de la r\u00e9publique, devant l\u2019ARP.<\/p>\n<p>Ce discours, fortement cod\u00e9, siffle la fin d\u2019un cycle de 8 ann\u00e9es de pouvoir d\u2019une \u00e9lite\u00a0 dont le bilan catastrophique fait l\u2019unanimit\u00e9.<\/p>\n<p>Kais Sa\u00efed n\u2019a cess\u00e9 de le rappeler avec en prime\u00a0 la mise entre parenth\u00e8ses des faits, gestes et noms des chefs de gouvernement assis \u00e0 la tribune.<\/p>\n<h2>Un grand silence sur la transition<\/h2>\n<p>Le grand changement annonc\u00e9 par le pr\u00e9sidentantisyst\u00e8mese niche dans son mutisme s\u00e9lectif. Pas une seule fois,K. Sa\u00efed n\u2019aura prononc\u00e9 l\u2019expression sacr\u00e9 et consacr\u00e9e par tous ceux qui parlent de la Tunisie, \u00e0 l\u2019\u00e9chelle nationale et internationale :\u00abla transition d\u00e9mocratique\u00bb.<\/p>\n<p>Un oubli ? Une Omission ? Na\u00eff celui qui croit que,lors de cette premi\u00e8re apparition officielle, le pr\u00e9sident a,involontairement, n\u00e9glig\u00e9 cette marque de fabrique : de la Tunisie post 14 janvier.<br \/>Par contre, les expressions telles que \u2018\u2019la r\u00e9volution par les urnes, la nouvelle souverainet\u00e9 populaire, \u00e9tape historique changement strat\u00e9gique\u2026\u2018\u2019 ont ponctu\u00e9\u00a0 inlassablementcette intervention de pr\u00e8s d\u2019une demi-heure.<\/p>\n<p>Certains renvoient \u00e0 tort cette nouvelle terminologie au lyrisme et au populisme du pr\u00e9sident. Ils passent \u00e0 c\u00f4t\u00e9 de la port\u00e9e et\u00a0 du sens du discours du 23 octobre.<br \/>\u00a0Pour dire les choses simplement,on pourrait r\u00e9sumer le discours de K.Saied\u00a0 en 2 messages :<\/p>\n<ul>\n<li>Hier, c\u2019\u00e9tait la R\u00e9forme Politique et la Transition D\u00e9mocratique.<\/li>\n<li>Aujourd\u2019hui\u00a0 est venu le temps\u00a0 de la R\u00e9alisation des Objectifs de la R\u00e9volution.<\/li>\n<li>K. <strong>Saied inconnu et exclu de la transition<\/strong><\/li>\n<\/ul>\n<p>Le d\u00e9cryptage du discours sugg\u00e8re n\u00e9cessairement cette lecture. Par allusion, non-dits et sous-entendus le 7\u00e9me pr\u00e9sident n\u2019a eu de cesse de rappeler qu\u2019avec lui\u00a0 le syst\u00e8me mis en place par la Haute Instance est envoy\u00e9 aux oubliettes de l\u2019histoire. Que 3 millions de tunisiensont d\u00e9j\u00e0 jug\u00e9,, le 13 octobre 2019, la transition d\u00e9mocratique,l\u2019\u0153uvre d\u2019environ 150 personnes.<\/p>\n<p>Une opinion point \u00e9tonnante de la part d\u2019un pr\u00e9sident de la r\u00e9publique inconnu \u00e0 l\u2019adresse de cette \u00e9lite politique qui a vu le jour au cours des tractations, visibles et invisibles, qui ont\u00a0 \u00e9maill\u00e9 la vie politique tunisienne durant les premiers de 2011.<\/p>\n<p>L\u00e8vera-t-on un jour le voile sur le(s)personnage(s) et les marchandages qui ont hiss\u00e9 aux plus hauts sommets de l&rsquo;\u00e9tat une \u00e9lite dont une bonne partie n\u2019avaient aucune l\u00e9gitim\u00e9 sauf celle de la cooptation par un parrain ?<\/p>\n<p>Exclu d\u00e8s le d\u00e9part de cette machinerie, ce juriste habitant Mnihla, ne compte pas parmi les habitu\u00e9s des lieux et\u00a0 milieux o\u00f9 ont \u00e9t\u00e9 concoct\u00e9s les dispositifs, r\u00e8gles\u00a0 et parrain\u00e9s les futures \u00ab personnalit\u00e9s \u00bb de la transition d\u00e9mocratique.<\/p>\n<p>Les mots tr\u00e8s durs de Kais Sa\u00efed sur la corruption et l\u2019instrumentalisation de\u00a0 l\u2019Etat et de ses moyens\u00a0 sonnaient dans l\u2019h\u00e9micycle\u00a0 comme un doigt accusateur.<\/p>\n<h2>Le pr\u00e9sident face a 3 choix<\/h2>\n<p>Mettons de c\u00f4t\u00e9 les th\u00e9ories complotistes qui ont d\u00e9cel\u00e9 dans ce discours les pr\u00e9mices d\u2019unCalifat ou d\u2019un r\u00e9gime anarcho-communiste.<\/p>\n<p>Plus s\u00e9rieusement, on dira que K.Sa\u00efed est \u00e0 la crois\u00e9e des chemins et face \u00e0 3 choix possibles:<\/p>\n<p><span class=\"c2\"><strong>Hypoth\u00e8se 1:<\/strong><\/span> Se cantonner\u00a0 dans son r\u00f4le de pr\u00e9sident conforme \u00e0 la constitution et laisser la majorit\u00e9 Nahdhaoui diriger le pays et, surtout, g\u00e9rer les crises sociales et \u00e9conomiques qui pointent \u00e0 l\u2019horizon ;<\/p>\n<p><span class=\"c2\"><strong>Hypoth\u00e8se 2:<\/strong><\/span> Adopter le comportement qu\u2019il a inaugur\u00e9 avec cette pri\u00e8re du le vendredi 25 octobre. Acte qui ne peut \u00eatre en aucun\u00a0 cas class\u00e9 dans \u00ab le droit \u00e0 la vie personnelle \u00bb de M.Kais Sa\u00efed.<br \/>Le pr\u00e9sident de la r\u00e9publique tunisienne est un personnage public ; il prie avec s\u00e9curit\u00e9 et cam\u00e9ras point\u00e9s sur lui au Mouled et \u00e0 l\u2019a\u00efd qui sont des cong\u00e9s officiels et jours de f\u00eate de toute la communaut\u00e9 nationale.<\/p>\n<p>Dans l\u2019heure qui a suivi la pri\u00e8re pr\u00e9sidentielle du vendredi 25: les salafistes et obscurantistes\u00a0 de tous bords ont appel\u00e9 \u00e0 suivre l\u2019exemple du pr\u00e9sident et \u00e0 faire de la pri\u00e8re du vendredi une obligation pour tous les responsable politiques et, bien s\u00fbr, tous les citoyens.<\/p>\n<p>Esp\u00e9rions que ceci n\u2019\u00e9tait pas l\u2019intention du pr\u00e9sident qui devrait mesurer l\u2019impact de ces apparitions publiques. L\u2019aura et la confiance dont il b\u00e9n\u00e9ficie devraient le pousser \u00e0 plus de prudence.<\/p>\n<p><span class=\"c2\"><strong>Hypoth\u00e8se 3:<\/strong><\/span> le discours et quelques entretiens\u00a0 de Kais Sa\u00efed avec les m\u00e9dias d\u00e9notent une approche politique bas\u00e9e sur l\u2019id\u00e9e d\u2019une citoyennet\u00e9 tunisienne \u00e0 construire en partant de l\u2019initiative locale et en adoptant la d\u00e9mocratie participative-d\u00e9lib\u00e9rative. Une d\u00e9\u00f9arche, selon K. Saied, capable de rompre avec la d\u00e9pendance \u00e9conomique et le mim\u00e9tisme culturel. L\u2019exemple cit\u00e9 de l\u2019initiative du\u00a0 don d\u2019une journ\u00e9e de salaire corrobore ce propos.<\/p>\n<p>En derni\u00e8re analyse, si le 23 octobre le nouveau pr\u00e9sident d\u00e9clare qu\u2019il veut \u00ab\u00a0 Faire de la r\u00e9volution Tunisienne une exception et une r\u00e9f\u00e9rence mondiale \u00bb parce que Echaab du 14 janvier Yourid\u00a0 Dignit\u00e9, Justice et Libert\u00e9 ; et non \u00e9lections, parlement, mis\u00e8re et transition\u2026. Ce v\u0153u et ce\u00a0 projetsont ceux des jeunes et des exclus de la transition qui l\u2019ont pl\u00e9biscit\u00e9.<\/p>\n<p>Ce grand chambardement ne peut \u00eatre l\u2019apanage d\u2019un pr\u00e9sident tout populaire qu\u2019il est. Seule une forcem\u00e9nerait \u00e0 bon port cette r\u00e9volution citoyenne.<\/p>\n<p>Kais Said aurait il l\u2019intention (de transformer l\u2019enthousiasme et l\u2019espoir d\u00e9clench\u00e9s\u00a0 par son \u00e9lection en un courant politique organis\u00e9 ? Si oui, ce serait une belle aventure et donne perspective pour la soci\u00e9t\u00e9 civile et la d\u00e9mocratie\u00a0 tunisiennes.<\/p>\n<p>A vous de choisir M. le Pr\u00e9sident !<\/p>\n<p class=\"c3\"><strong>Moncef Ben Slimane<\/strong><br \/><em>Universitaire et activiste<\/em><\/p>\n<p>Auteur:<br \/>\n<a href=\"https:\/\/www.leaders.com.tn\/article\/28290-moncef-ben-slimane-kais-saied-envoie-la-transition-democratique-au-placard\">Cliquez ici pour lire l&rsquo;article depuis sa source.<\/a><\/p>\n","protected":false},"excerpt":{"rendered":"<p>Beaucoup de choses peuvent \u00eatre dites \u00e0 propos du discours\u00a0 du nouveau pr\u00e9sident de la r\u00e9publique, devant l\u2019ARP. Ce discours, fortement cod\u00e9, siffle la fin d\u2019un cycle de 8 ann\u00e9es de pouvoir d\u2019une \u00e9lite\u00a0 dont le bilan catastrophique fait l\u2019unanimit\u00e9. Kais Sa\u00efed n\u2019a cess\u00e9 de le rappeler avec en prime\u00a0 la mise entre parenth\u00e8ses des [&hellip;]<\/p>\n","protected":false},"author":1772,"featured_media":65919,"comment_status":"closed","ping_status":"closed","sticky":false,"template":"","format":"standard","meta":{"fifu_image_url":"","fifu_image_alt":"","footnotes":""},"categories":[73,55],"tags":[],"class_list":["post-65918","post","type-post","status-publish","format-standard","has-post-thumbnail","hentry","category-actualite","category-tunisie"],"_links":{"self":[{"href":"https:\/\/linitiative.ca\/International\/wp-json\/wp\/v2\/posts\/65918","targetHints":{"allow":["GET"]}}],"collection":[{"href":"https:\/\/linitiative.ca\/International\/wp-json\/wp\/v2\/posts"}],"about":[{"href":"https:\/\/linitiative.ca\/International\/wp-json\/wp\/v2\/types\/post"}],"author":[{"embeddable":true,"href":"https:\/\/linitiative.ca\/International\/wp-json\/wp\/v2\/users\/1772"}],"replies":[{"embeddable":true,"href":"https:\/\/linitiative.ca\/International\/wp-json\/wp\/v2\/comments?post=65918"}],"version-history":[{"count":0,"href":"https:\/\/linitiative.ca\/International\/wp-json\/wp\/v2\/posts\/65918\/revisions"}],"wp:featuredmedia":[{"embeddable":true,"href":"https:\/\/linitiative.ca\/International\/wp-json\/"}],"wp:attachment":[{"href":"https:\/\/linitiative.ca\/International\/wp-json\/wp\/v2\/media?parent=65918"}],"wp:term":[{"taxonomy":"category","embeddable":true,"href":"https:\/\/linitiative.ca\/International\/wp-json\/wp\/v2\/categories?post=65918"},{"taxonomy":"post_tag","embeddable":true,"href":"https:\/\/linitiative.ca\/International\/wp-json\/wp\/v2\/tags?post=65918"}],"curies":[{"name":"wp","href":"https:\/\/api.w.org\/{rel}","templated":true}]}}