{"id":65920,"date":"2019-10-29T10:16:00","date_gmt":"2019-10-29T14:16:00","guid":{"rendered":"https:\/\/linitiative.ca\/International\/abdelkarim-zebidi-et-khemaies-jhinaoui-limoges-par-chahed-de-concert-avec-saied-eclairages\/"},"modified":"2019-10-29T10:16:00","modified_gmt":"2019-10-29T14:16:00","slug":"abdelkarim-zebidi-et-khemaies-jhinaoui-limoges-par-chahed-de-concert-avec-saied-eclairages","status":"publish","type":"post","link":"https:\/\/linitiative.ca\/International\/abdelkarim-zebidi-et-khemaies-jhinaoui-limoges-par-chahed-de-concert-avec-saied-eclairages\/","title":{"rendered":"Abdelkarim Zebidi et Khemaies Jhinaoui limog\u00e9s par Chahed de concert avec Saied : \u00e9clairages"},"content":{"rendered":"<p>C\u2019\u00e9tait pr\u00e9visible, et \u00e7a n\u2019a pas tard\u00e9. Les ministres de la D\u00e9fense nationale, Abdelkarim Zebidi, et des Affaires \u00e9trang\u00e8res, Khemaies Jhinaoui ont \u00e9t\u00e9 tous deux relev\u00e9s de leurs fonctions. La d\u00e9cision en a prise de concert par le chef du gouvernement et le pr\u00e9sident de la R\u00e9publique, annonce un communiqu\u00e9 de la Kasbah, se r\u00e9f\u00e9rant aux articles 92 et 89 de la constitution. L\u2019int\u00e9rim sera assur\u00e9 \u00e0 la D\u00e9fense nationale par Karim Jamoussi, ministre de la Justice et, aux Affaires \u00e9trang\u00e8res, par l\u2019actuel secr\u00e9taire d\u2019Etat, Sabri Bach Tobji.<br \/>Dans la foul\u00e9e, Hatem Ferjani, secr\u00e9taire d\u2019Etat aupr\u00e8s du ministre des Affaires \u00e9trang\u00e8res charg\u00e9 de la Diplomatie \u00e9conomique a \u00e9t\u00e9 d\u00e9charg\u00e9 de ses fonctions. D\u00e9put\u00e9 de Nida dans la circonscription d\u2019Allemagne, cet avocat de profession avait \u00e9t\u00e9 remplac\u00e9 \u00e0 l\u2019ARP, apr\u00e8s son entr\u00e9e au gouvernement, par Yassine Ayari.<\/p>\n<p>Le d\u00e9lestage de Jhinaoui \u00e9tait d\u00e9j\u00e0 dans l\u2019air depuis lundi, apr\u00e8s avoir \u00e9t\u00e9 \u00e9cart\u00e9 de l\u2019audience accord\u00e9e par le chef de l\u2019Etat au ministre allemand des Affaires \u00e9trang\u00e8res. Beaucoup y voient la main de son \u00ab rival \u00bb, l\u2019ancien ambassadeur Abderraouf Betbaieb, d\u00e9sormais l\u2019homme fort dans l\u2019entourage du pr\u00e9sident Saied. Quant au d\u00e9part de Zebidi, certains ne le croyaient pas intervenir de sit\u00f4t. Les deux hommes se connaissent de longue date et sont cens\u00e9s s\u2019appr\u00e9cier mutuellement. Jeune enseignant \u00e0 la Facult\u00e9 de Droit de Sousse dans les ann\u00e9es 1990, Saied avait Zebidi pour recteur d\u2019universit\u00e9 du Centre&#8230; Beaucoup fondaient beaucoup d\u2019espoir sur cette relation rest\u00e9e intacte jusqu\u2019\u00e0 tout r\u00e9cemment, bien que Saied et Zebidi s\u2019\u00e9taient oppos\u00e9s au premier tour de l\u2019\u00e9lection pr\u00e9sidentielle. Des vents contraires semblent avoir depuis lors souffl\u00e9&#8230;<\/p>\n<p class=\"c2\"><img decoding=\"async\" src=\"\/uploads\/FCK_files\/IMG-20191029-WA0003(1).jpg\" alt=\"\" width=\"100%\" vspace=\"5\" hspace=\"5\" align=\"middle\"\/><br \/><strong>Lire aussi<\/strong><\/p>\n<p class=\"c2\"><a href=\"https:\/\/www.leaders.com.tn\/article\/28293-abdelkarim-zebidi-et-khemaies-jhinaoui-limoges-par-chahed-de-concert-avec-saied\" target=\"_blank\" rel=\"noopener noreferrer\">Abdelkarim Zebidi et Khemaies Jhinaoui limog\u00e9s par Chahed de concert avec Saied : \u00e9clairages<\/a><\/p>\n<p>Auteur:<br \/>\n<a href=\"https:\/\/www.leaders.com.tn\/article\/28293-abdelkarim-zebidi-et-khemaies-jhinaoui-limoges-par-chahed-de-concert-avec-saied\">Cliquez ici pour lire l&rsquo;article depuis sa source.<\/a><\/p>\n","protected":false},"excerpt":{"rendered":"<p>C\u2019\u00e9tait pr\u00e9visible, et \u00e7a n\u2019a pas tard\u00e9. Les ministres de la D\u00e9fense nationale, Abdelkarim Zebidi, et des Affaires \u00e9trang\u00e8res, Khemaies Jhinaoui ont \u00e9t\u00e9 tous deux relev\u00e9s de leurs fonctions. La d\u00e9cision en a prise de concert par le chef du gouvernement et le pr\u00e9sident de la R\u00e9publique, annonce un communiqu\u00e9 de la Kasbah, se r\u00e9f\u00e9rant [&hellip;]<\/p>\n","protected":false},"author":1772,"featured_media":65921,"comment_status":"closed","ping_status":"closed","sticky":false,"template":"","format":"standard","meta":{"fifu_image_url":"","fifu_image_alt":"","footnotes":""},"categories":[73,55],"tags":[],"class_list":["post-65920","post","type-post","status-publish","format-standard","has-post-thumbnail","hentry","category-actualite","category-tunisie"],"_links":{"self":[{"href":"https:\/\/linitiative.ca\/International\/wp-json\/wp\/v2\/posts\/65920","targetHints":{"allow":["GET"]}}],"collection":[{"href":"https:\/\/linitiative.ca\/International\/wp-json\/wp\/v2\/posts"}],"about":[{"href":"https:\/\/linitiative.ca\/International\/wp-json\/wp\/v2\/types\/post"}],"author":[{"embeddable":true,"href":"https:\/\/linitiative.ca\/International\/wp-json\/wp\/v2\/users\/1772"}],"replies":[{"embeddable":true,"href":"https:\/\/linitiative.ca\/International\/wp-json\/wp\/v2\/comments?post=65920"}],"version-history":[{"count":0,"href":"https:\/\/linitiative.ca\/International\/wp-json\/wp\/v2\/posts\/65920\/revisions"}],"wp:featuredmedia":[{"embeddable":true,"href":"https:\/\/linitiative.ca\/International\/wp-json\/"}],"wp:attachment":[{"href":"https:\/\/linitiative.ca\/International\/wp-json\/wp\/v2\/media?parent=65920"}],"wp:term":[{"taxonomy":"category","embeddable":true,"href":"https:\/\/linitiative.ca\/International\/wp-json\/wp\/v2\/categories?post=65920"},{"taxonomy":"post_tag","embeddable":true,"href":"https:\/\/linitiative.ca\/International\/wp-json\/wp\/v2\/tags?post=65920"}],"curies":[{"name":"wp","href":"https:\/\/api.w.org\/{rel}","templated":true}]}}