{"id":65929,"date":"2019-10-29T10:46:48","date_gmt":"2019-10-29T14:46:48","guid":{"rendered":"https:\/\/linitiative.ca\/International\/afrique-la-fondation-ocp-accompagne-des-cooperatives-marocaines\/"},"modified":"2019-10-29T10:46:48","modified_gmt":"2019-10-29T14:46:48","slug":"afrique-la-fondation-ocp-accompagne-des-cooperatives-marocaines","status":"publish","type":"post","link":"https:\/\/linitiative.ca\/International\/afrique-la-fondation-ocp-accompagne-des-cooperatives-marocaines\/","title":{"rendered":"Afrique : La Fondation OCP accompagne des coop\u00e9ratives marocaines"},"content":{"rendered":"<p><strong>La Fondation OCP accompagne 30 coop\u00e9ratives marocaines qui exposent leur savoir-faire au deuxi\u00e8me Salon Africain Tournant de l\u2019\u00c9conomie Sociale et Solidaire (ESS).<\/strong><\/p>\n<div class=\"c10\"\/>\n<p>Centr\u00e9 autour du th\u00e8me \u00a0\u00bbL\u2019\u00c9conomie Sociale et Solidaire : un mod\u00e8le alternatif et inclusif\u00a0\u00bb, ce salon r\u00e9unit, du 29 octobre au 05 novembre \u00e0 Dakar, des acteurs du S\u00e9n\u00e9gal, du Maroc et de la C\u00f4te d\u2019Ivoire. Ces coop\u00e9ratives mettent en avant l\u2019exp\u00e9rience marocaine dans l\u2019\u00e9conomie sociale et solidaire, souligne la Fondation, dans un communiqu\u00e9, estimant que son action \u00a0\u00bbs\u2019inscrit dans le cadre des efforts de promotion d\u00e9ploy\u00e9s par la Fondation OCP afin de favoriser l\u2019\u00e9mergence d\u2019un entrepreneuriat social innovant et socialement responsable en Afrique\u2019\u2019.<\/p>\n<p>La Fondation, qui participe, en partenariat avec le minist\u00e8re marocain du Tourisme, de l\u2019Artisanat, du Transport A\u00e9rien et de l\u2019\u00c9conomie Sociale \u00e0 cette deuxi\u00e8me \u00e9dition du Salon, indique que cette manifestation s\u2019inscrit dans le cadre des initiatives lanc\u00e9es par les Groupes d\u2019impulsion \u00e9conomiques Maroc-S\u00e9n\u00e9gal et Maroc-C\u00f4te d\u2019Ivoire.<\/p>\n<p>Lire aussi : <a href=\"https:\/\/www.challenge.ma\/locp-et-lua-renforcent-leur-partenariat-116573\/\">L\u2019OCP et l\u2019UA renforcent leur partenariat<\/a><\/p>\n<p>Le Salon ESS de Dakar conna\u00eet la participation de 52 coop\u00e9ratives marocaines qui se fixent pour objectifs de mettre en avant les produits du terroir et l\u2019artisanat marocains, de partager leurs exp\u00e9riences avec les coop\u00e9ratives africaines et de d\u00e9velopper des opportunit\u00e9s d\u2019acc\u00e8s \u00e0 de nouveaux march\u00e9s.<\/p>\n<p>A cette occasion, trois prix seront attribu\u00e9s par la Fondation OCP aux coop\u00e9ratives les plus innovantes. La Fondation OCP contribue \u00e9galement \u00e0 l\u2019enrichissement du programme scientifique pr\u00e9vu en marge du salon, \u00e0 travers la participation aux panels autour des th\u00e9matiques du marketing digital et du d\u00e9veloppement territorial de l\u2019\u00c9conomie Sociale et Solidaire.<\/p>\n<p>Reconnue d\u2019utilit\u00e9 publique, la Fondation OCP participe \u00e0 la diffusion du savoir en \u00e9tant un acteur engag\u00e9 pour la transmission d\u2019un monde meilleur aux g\u00e9n\u00e9rations futures. Ses actions s\u2019articulent autour de plusieurs domaines, tels que l\u2019\u00e9ducation, la formation, la recherche et le d\u00e9veloppement.<\/p>\n<div class=\"c17\">\n<fieldset class=\"c16\">\n<legend><strong><span class=\"c11\">Challenge<\/span><span class=\"c12\">news<\/span><\/strong><\/legend>\n<div class=\"c15\">Le meilleur de la r\u00e9daction s\u00e9lectionn\u00e9 par Challenge :<\/p>\n<\/div>\n<\/fieldset>\n<\/div>\n<p>Auteur: challenge<br \/>\n<a href=\"https:\/\/www.challenge.ma\/afrique-la-fondation-ocp-accompagne-des-cooperatives-marocaines-121694\/\">Cliquez ici pour lire l&rsquo;article depuis sa source.<\/a><\/p>\n","protected":false},"excerpt":{"rendered":"<p>La Fondation OCP accompagne 30 coop\u00e9ratives marocaines qui exposent leur savoir-faire au deuxi\u00e8me Salon Africain Tournant de l\u2019\u00c9conomie Sociale et Solidaire (ESS). Centr\u00e9 autour du th\u00e8me \u00a0\u00bbL\u2019\u00c9conomie Sociale et Solidaire : un mod\u00e8le alternatif et inclusif\u00a0\u00bb, ce salon r\u00e9unit, du 29 octobre au 05 novembre \u00e0 Dakar, des acteurs du S\u00e9n\u00e9gal, du Maroc et de [&hellip;]<\/p>\n","protected":false},"author":1787,"featured_media":0,"comment_status":"closed","ping_status":"closed","sticky":false,"template":"","format":"standard","meta":{"fifu_image_url":"","fifu_image_alt":"","footnotes":""},"categories":[78,54],"tags":[],"class_list":["post-65929","post","type-post","status-publish","format-standard","hentry","category-economie","category-maroc"],"_links":{"self":[{"href":"https:\/\/linitiative.ca\/International\/wp-json\/wp\/v2\/posts\/65929","targetHints":{"allow":["GET"]}}],"collection":[{"href":"https:\/\/linitiative.ca\/International\/wp-json\/wp\/v2\/posts"}],"about":[{"href":"https:\/\/linitiative.ca\/International\/wp-json\/wp\/v2\/types\/post"}],"author":[{"embeddable":true,"href":"https:\/\/linitiative.ca\/International\/wp-json\/wp\/v2\/users\/1787"}],"replies":[{"embeddable":true,"href":"https:\/\/linitiative.ca\/International\/wp-json\/wp\/v2\/comments?post=65929"}],"version-history":[{"count":0,"href":"https:\/\/linitiative.ca\/International\/wp-json\/wp\/v2\/posts\/65929\/revisions"}],"wp:attachment":[{"href":"https:\/\/linitiative.ca\/International\/wp-json\/wp\/v2\/media?parent=65929"}],"wp:term":[{"taxonomy":"category","embeddable":true,"href":"https:\/\/linitiative.ca\/International\/wp-json\/wp\/v2\/categories?post=65929"},{"taxonomy":"post_tag","embeddable":true,"href":"https:\/\/linitiative.ca\/International\/wp-json\/wp\/v2\/tags?post=65929"}],"curies":[{"name":"wp","href":"https:\/\/api.w.org\/{rel}","templated":true}]}}