{"id":65930,"date":"2019-10-29T11:12:45","date_gmt":"2019-10-29T15:12:45","guid":{"rendered":"https:\/\/linitiative.ca\/International\/ach-waqe3-lactualite-du-jour-decryptee-par-jamal-berraoui\/"},"modified":"2019-10-29T11:12:45","modified_gmt":"2019-10-29T15:12:45","slug":"ach-waqe3-lactualite-du-jour-decryptee-par-jamal-berraoui","status":"publish","type":"post","link":"https:\/\/linitiative.ca\/International\/ach-waqe3-lactualite-du-jour-decryptee-par-jamal-berraoui\/","title":{"rendered":"\u00ab\u00a0Ach Waqe3\u00a0\u00bb : L\u2019actualit\u00e9 du jour d\u00e9crypt\u00e9e par Jamal Berraoui"},"content":{"rendered":"<p><strong>Une des \u00e9missions phares de MFM Radio, \u00ab\u00a0Ach Waqe3\u00a0\u00bb, traite de l\u2019actualit\u00e9 du jour avec le journaliste politique et \u00e9conomique Jamal Berraoui.<\/strong><\/p>\n<div class=\"c10\"\/>\n<p>L\u2019\u00e9mission a choisi aujourd\u2019hui comme th\u00e8me d\u2019ouverture l\u2019attaque d\u2019une mosqu\u00e9e \u00e0 Bayonne en France, qui illustre les cons\u00e9quences f\u00e2cheuses de la culture de la haine qui se nourrit d\u2019une certaine pens\u00e9e extr\u00e9miste, incarn\u00e9e, en France par exemple par le pol\u00e9miste Eric Zemmour.<\/p>\n<div class=\"wp-block-embed__wrapper\">\n<div class=\"fb-video\" data-href=\"https:\/\/www.facebook.com\/RADIOMFM.Officiel\/videos\/714905862361395\/\" data-width=\"1140\">\n<blockquote cite=\"https:\/\/www.facebook.com\/RADIOMFM.Officiel\/videos\/714905862361395\/\" class=\"fb-xfbml-parse-ignore\">\n<p>#\u0622\u0634_\u0648\u0627\u0642\u0639\u0631\u0641\u0642\u0629 \u0645\u0627\u0621 \u0627\u0644\u0639\u064a\u0646\u064a\u0646 \u0639\u064a\u0646\u0627\u0646\u064a \u0648\u0627\u0644\u062e\u0628\u064a\u0631 \u0627\u0644\u0633\u064a\u0627\u0633\u064a \u0648\u0627\u0644\u0625\u0642\u062a\u0635\u0627\u062f\u064a \u062c\u0645\u0627\u0644 \u0628\u0631\u0627\u0648\u064a \u0645\u0628\u0627\u0634\u0631\u0629 \u0639\u0644\u0649 \u0625\u0645 \u0625\u0641 \u0625\u0645www.mfmradio.ma#instagram : radiomfmofficiel#achwa9a3 #mfm #mfmradio #carte_blanche<\/p>\n<p>Publi\u00e9e par <a href=\"https:\/\/www.facebook.com\/RADIOMFM.Officiel\/\">RADIO MFM Officiel<\/a> sur Mardi 29 octobre 2019<\/p><\/blockquote>\n<\/div>\n<\/div>\n<p>L\u2019\u00e9mission encha\u00eene avec la d\u00e9signation, lundi, du DG de Somaca Mohamed Bachiri pr\u00e9sident int\u00e9rimaire de la CGEM, la r\u00e9forme de l\u2019enseignement, les prix des m\u00e9dicaments\u2026 L\u2019\u00e9mission donne \u00e0 la fin carte blanche \u00e0 l\u2019analyste politique et \u00e9conomique pour traiter un sujet de son choix. Aujourd\u2019hui, Jamal Berraoui propose la comm\u00e9moration par l\u2019USFP de 60 ans de l\u2019enl\u00e8vement de Mehdi Ben Barka, une occasion pour le parti de se r\u00e9unir et renouveler ses structures.<\/p>\n<p>L\u2019\u00e9mission \u00ab\u00a0Ach Waqe3\u00a0\u00bb est diffus\u00e9e sur les ondes de MFM Radio de lundi \u00e0 vendredi, de 12h30 \u00e0 13h30.<\/p>\n<div class=\"c17\">\n<fieldset class=\"c16\">\n<legend><strong><span class=\"c11\">Challenge<\/span><span class=\"c12\">news<\/span><\/strong><\/legend>\n<div class=\"c15\">Le meilleur de la r\u00e9daction s\u00e9lectionn\u00e9 par Challenge :<\/p>\n<\/div>\n<\/fieldset>\n<\/div>\n<p>Auteur: challenge<br \/>\n<a href=\"https:\/\/www.challenge.ma\/ach-waqe3-lactualite-du-jour-decryptee-par-jamal-berraoui-121704\/\">Cliquez ici pour lire l&rsquo;article depuis sa source.<\/a><\/p>\n","protected":false},"excerpt":{"rendered":"<p>Une des \u00e9missions phares de MFM Radio, \u00ab\u00a0Ach Waqe3\u00a0\u00bb, traite de l\u2019actualit\u00e9 du jour avec le journaliste politique et \u00e9conomique Jamal Berraoui. L\u2019\u00e9mission a choisi aujourd\u2019hui comme th\u00e8me d\u2019ouverture l\u2019attaque d\u2019une mosqu\u00e9e \u00e0 Bayonne en France, qui illustre les cons\u00e9quences f\u00e2cheuses de la culture de la haine qui se nourrit d\u2019une certaine pens\u00e9e extr\u00e9miste, incarn\u00e9e, [&hellip;]<\/p>\n","protected":false},"author":1787,"featured_media":0,"comment_status":"closed","ping_status":"closed","sticky":false,"template":"","format":"standard","meta":{"fifu_image_url":"","fifu_image_alt":"","footnotes":""},"categories":[78,54],"tags":[],"class_list":["post-65930","post","type-post","status-publish","format-standard","hentry","category-economie","category-maroc"],"_links":{"self":[{"href":"https:\/\/linitiative.ca\/International\/wp-json\/wp\/v2\/posts\/65930","targetHints":{"allow":["GET"]}}],"collection":[{"href":"https:\/\/linitiative.ca\/International\/wp-json\/wp\/v2\/posts"}],"about":[{"href":"https:\/\/linitiative.ca\/International\/wp-json\/wp\/v2\/types\/post"}],"author":[{"embeddable":true,"href":"https:\/\/linitiative.ca\/International\/wp-json\/wp\/v2\/users\/1787"}],"replies":[{"embeddable":true,"href":"https:\/\/linitiative.ca\/International\/wp-json\/wp\/v2\/comments?post=65930"}],"version-history":[{"count":0,"href":"https:\/\/linitiative.ca\/International\/wp-json\/wp\/v2\/posts\/65930\/revisions"}],"wp:attachment":[{"href":"https:\/\/linitiative.ca\/International\/wp-json\/wp\/v2\/media?parent=65930"}],"wp:term":[{"taxonomy":"category","embeddable":true,"href":"https:\/\/linitiative.ca\/International\/wp-json\/wp\/v2\/categories?post=65930"},{"taxonomy":"post_tag","embeddable":true,"href":"https:\/\/linitiative.ca\/International\/wp-json\/wp\/v2\/tags?post=65930"}],"curies":[{"name":"wp","href":"https:\/\/api.w.org\/{rel}","templated":true}]}}