{"id":65931,"date":"2019-10-29T11:29:51","date_gmt":"2019-10-29T15:29:51","guid":{"rendered":"https:\/\/linitiative.ca\/International\/casablanca-inauguration-de-deux-sites-industriels\/"},"modified":"2019-10-29T11:29:51","modified_gmt":"2019-10-29T15:29:51","slug":"casablanca-inauguration-de-deux-sites-industriels","status":"publish","type":"post","link":"https:\/\/linitiative.ca\/International\/casablanca-inauguration-de-deux-sites-industriels\/","title":{"rendered":"Casablanca : Inauguration de deux sites industriels"},"content":{"rendered":"<p><strong>Deux unit\u00e9s de production de composants a\u00e9ronautiques ont \u00e9t\u00e9 inaugur\u00e9es, mardi \u00e0 Nouaceur, par le ministre de l\u2019Industrie, du commerce, de l\u2019\u00e9conomie verte et num\u00e9rique, Moulay Hafid Elalamy.<\/strong><\/p>\n<div class=\"c10\"\/>\n<p>Il s\u2019agit d\u2019une nouvelle unit\u00e9 de production de la soci\u00e9t\u00e9 marocaine d\u2019\u00e9tude et de fabrication des outillages a\u00e9ronautiques (EFOA) \u2013 groupe \u00ab\u00a0We are\u00a0\u00bb, install\u00e9e \u00e0 l\u2019A\u00e9rop\u00f4le de Casablanca, et du site de Tacaero Maroc (groupe Tecalemit Aerospace), implant\u00e9e \u00e0 la zone industrielle Midparc.<\/p>\n<p>D\u2019une superficie de 2.350 m\u00b2, l\u2019unit\u00e9 EFOA \u2013 groupe \u00ab\u00a0<strong>We are<\/strong>\u00ab\u00a0, qui a mobilis\u00e9 un investissement de 50 millions de dirhams (MDH) avec la cr\u00e9ation de 55 postes d\u2019emplois directs, est sp\u00e9cialis\u00e9e dans l\u2019outillage et la fabrication des pi\u00e8ces \u00e9l\u00e9mentaires chaudronn\u00e9es et des sous-ensembles a\u00e9ronautiques. La cr\u00e9ation de ce site, qui vient de renforcer la capacit\u00e9 de production de l\u2019industrie a\u00e9ronautique marocaine, fait suite \u00e0 la signature, le 24 octobre 2018 au salon \u00ab\u00a0Marrakech Air Show\u00a0\u00bb, d\u2019un M\u00e9morandum d\u2019entente entre l\u2019Office national des a\u00e9roports (ONDA) et l\u2019EFOA.<\/p>\n<p>S\u2019agissant de <strong>Tacaero Maroc<\/strong>, son activit\u00e9 consiste \u00e0 fabriquer les raccords de canalisations et \u00e0 r\u00e9aliser les rampes de c\u00e2blages. A travers, ce nouveau site, Tecalemit Aerospace ambitionne d\u2019accompagner davantage ses clients comme le groupe Safran et de conqu\u00e9rir de nouveaux march\u00e9s, gr\u00e2ce aux proximit\u00e9s cr\u00e9\u00e9es avec des acteurs tels que Boeing et Bombardier.<\/p>\n<p>Lire aussi : <a href=\"https:\/\/www.challenge.ma\/inauguration-de-deux-nouvelles-usines-aeronautiques-a-casablanca-97602\/\">Inauguration de deux nouvelles usines a\u00e9ronautiques \u00e0 Casablanca<\/a><\/p>\n<p>Au Maroc, Tacaero r\u00e9alise un chiffre d\u2019affaires de 1,2 million d\u2019euros en 2019 et investit 14 MDH en machines. \u00ab\u00a0Ces deux usines sont tr\u00e8s particuli\u00e8res et pointues dans les domaines de la fabrication de pi\u00e8ces de pr\u00e9cision dans le secteur a\u00e9ronautique, de traitement de surface et de peinture qui sont des secteurs extr\u00eamement recherch\u00e9s \u00e0 travers le monde\u00a0\u00bb, a soulign\u00e9 Elalamy lors des c\u00e9r\u00e9monies d\u2019inauguration, marqu\u00e9es par la pr\u00e9sence notamment du Wali de la r\u00e9gion de Casablanca-Settat, gouverneur de la pr\u00e9fecture de Casablanca, Said Ahmidouch, et du Gouverneur de Nouaceur, Abdellah Chater.<\/p>\n<p>Le ministre a, \u00e0 cette occasion, relev\u00e9 que le secteur <strong>a\u00e9ronautique<\/strong> se d\u00e9veloppe, se f\u00e9licitant de la progression de l\u2019emploi de tr\u00e8s haute qualit\u00e9 dans ce secteur de 70% \u00e0 17.000 postes et ce, depuis le lancement du Plan d\u2019acc\u00e9l\u00e9ration industrielle (PAI) en 2014.<\/p>\n<p>Pr\u00e9cisant que le chiffre d\u2019affaires (CA) \u00e0 l\u2019export enregistre une am\u00e9lioration moyenne annuelle de plus de 20%, M. Elalamy a estim\u00e9 que ce secteur devra tirer vers le haut l\u2019ensemble de l\u2019industrie marocaine.<\/p>\n<p>L\u2019industrie a\u00e9ronautique marocaine compte actuellement 140 entreprises. Elle r\u00e9alise un CA de 17 milliards de dirhams, un taux d\u2019int\u00e9gration de 34%, ainsi qu\u2019une croissance de plus de 20% par an, soit quatre fois plus que la moyenne mondiale et cinq fois la croissance du PIB.<\/p>\n<div class=\"c17\">\n<fieldset class=\"c16\">\n<legend><strong><span class=\"c11\">Challenge<\/span><span class=\"c12\">news<\/span><\/strong><\/legend>\n<div class=\"c15\">Le meilleur de la r\u00e9daction s\u00e9lectionn\u00e9 par Challenge :<\/p>\n<\/div>\n<\/fieldset>\n<\/div>\n<p>Auteur: challenge<br \/>\n<a href=\"https:\/\/www.challenge.ma\/casablanca-inauguration-de-deux-sites-industriels-121716\/\">Cliquez ici pour lire l&rsquo;article depuis sa source.<\/a><\/p>\n","protected":false},"excerpt":{"rendered":"<p>Deux unit\u00e9s de production de composants a\u00e9ronautiques ont \u00e9t\u00e9 inaugur\u00e9es, mardi \u00e0 Nouaceur, par le ministre de l\u2019Industrie, du commerce, de l\u2019\u00e9conomie verte et num\u00e9rique, Moulay Hafid Elalamy. Il s\u2019agit d\u2019une nouvelle unit\u00e9 de production de la soci\u00e9t\u00e9 marocaine d\u2019\u00e9tude et de fabrication des outillages a\u00e9ronautiques (EFOA) \u2013 groupe \u00ab\u00a0We are\u00a0\u00bb, install\u00e9e \u00e0 l\u2019A\u00e9rop\u00f4le de [&hellip;]<\/p>\n","protected":false},"author":1787,"featured_media":0,"comment_status":"closed","ping_status":"closed","sticky":false,"template":"","format":"standard","meta":{"fifu_image_url":"","fifu_image_alt":"","footnotes":""},"categories":[78,54],"tags":[],"class_list":["post-65931","post","type-post","status-publish","format-standard","hentry","category-economie","category-maroc"],"_links":{"self":[{"href":"https:\/\/linitiative.ca\/International\/wp-json\/wp\/v2\/posts\/65931","targetHints":{"allow":["GET"]}}],"collection":[{"href":"https:\/\/linitiative.ca\/International\/wp-json\/wp\/v2\/posts"}],"about":[{"href":"https:\/\/linitiative.ca\/International\/wp-json\/wp\/v2\/types\/post"}],"author":[{"embeddable":true,"href":"https:\/\/linitiative.ca\/International\/wp-json\/wp\/v2\/users\/1787"}],"replies":[{"embeddable":true,"href":"https:\/\/linitiative.ca\/International\/wp-json\/wp\/v2\/comments?post=65931"}],"version-history":[{"count":0,"href":"https:\/\/linitiative.ca\/International\/wp-json\/wp\/v2\/posts\/65931\/revisions"}],"wp:attachment":[{"href":"https:\/\/linitiative.ca\/International\/wp-json\/wp\/v2\/media?parent=65931"}],"wp:term":[{"taxonomy":"category","embeddable":true,"href":"https:\/\/linitiative.ca\/International\/wp-json\/wp\/v2\/categories?post=65931"},{"taxonomy":"post_tag","embeddable":true,"href":"https:\/\/linitiative.ca\/International\/wp-json\/wp\/v2\/tags?post=65931"}],"curies":[{"name":"wp","href":"https:\/\/api.w.org\/{rel}","templated":true}]}}