{"id":65937,"date":"2019-10-29T15:52:05","date_gmt":"2019-10-29T19:52:05","guid":{"rendered":"https:\/\/linitiative.ca\/International\/tunisie-bousalem-un-individu-tente-de-bruler-le-delegue-de-la-ville-devant-ses-enfants\/"},"modified":"2019-10-29T15:52:05","modified_gmt":"2019-10-29T19:52:05","slug":"tunisie-bousalem-un-individu-tente-de-bruler-le-delegue-de-la-ville-devant-ses-enfants","status":"publish","type":"post","link":"https:\/\/linitiative.ca\/International\/tunisie-bousalem-un-individu-tente-de-bruler-le-delegue-de-la-ville-devant-ses-enfants\/","title":{"rendered":"Tunisie \u2013 Bousalem\u00a0: Un individu tente de br\u00fbler le d\u00e9l\u00e9gu\u00e9 de la ville devant ses enfants"},"content":{"rendered":"<div class=\"post-cont-in left relative\">\n<div class=\"swp_social_panel swp_horizontal_panel swp_flat_fresh swp_default_full_color swp_individual_full_color swp_other_full_color scale-100 scale-\" data-min-width=\"1100\" data-float-color=\"#ffffff\" data-float=\"none\" data-float-mobile=\"none\" data-transition=\"slide\">\n<div class=\"nc_tweetContainer swp_share_button total_shares total_sharesalt\"><span class=\"swp_count\">28 <span class=\"swp_label\">Partages<\/span><\/span><\/div>\n<\/div>\n<p>Un individu qui vocif\u00e9rait devant le si\u00e8ge de la d\u00e9l\u00e9gation de Bousalem, pour des revendications sociales, a surpris le d\u00e9l\u00e9gu\u00e9 \u00e0 sa sortie de son lieu de travail, accompagn\u00e9 de ses enfants et l\u2019a asperg\u00e9 d\u2019essence et s\u2019en est asperg\u00e9 lui-m\u00eame, avant de tenter de mettre le feu.<\/p>\n<div class=\"code-block code-block-1 c3\"><ins class=\"adsbygoogle c2\" data-ad-layout=\"in-article\" data-ad-format=\"fluid\" data-ad-client=\"ca-pub-2102118777505746\" data-ad-slot=\"7301775417\"\/> <\/div>\n<p>Les forces de l\u2019ordre pr\u00e9sentes sur place ont r\u00e9agi de fa\u00e7on instantan\u00e9e et l\u2019ont emp\u00each\u00e9 de commettre l\u2019irr\u00e9parable. Ils l\u2019ont, par la suite, maintenu en \u00e9tat d\u2019arrestation sur ordre du parquet.<\/p>\n<div class=\"code-block code-block-2 c3\"><ins class=\"adsbygoogle c2\" data-ad-layout=\"in-article\" data-ad-format=\"fluid\" data-ad-client=\"ca-pub-2102118777505746\" data-ad-slot=\"7301775417\"\/> <\/div>\n<p><strong>Que se passe-t-il en Tunisie?<\/strong><br \/>Nous expliquons sur notre <a href=\"https:\/\/www.youtube.com\/channel\/UCRzypVq0B_yBad5eGrwBx0Q?sub_confirmation=1\" target=\"_blank\" rel=\"noopener noreferrer\">cha\u00eene YouTube<\/a> . <a href=\"https:\/\/www.youtube.com\/channel\/UCRzypVq0B_yBad5eGrwBx0Q?sub_confirmation=1\" target=\"_blank\" rel=\"noopener noreferrer\">Abonnez-vous!<\/a><\/p>\n<div class=\"mvp-org-wrap mvp-org-logo\" itemprop=\"publisher\" itemscope=\"\" itemtype=\"https:\/\/schema.org\/Organization\"><img decoding=\"async\" src=\"https:\/\/www.tunisienumerique.com\/wp-content\/uploads\/2017\/02\/logo_tunisie_numerique.png\"\/><\/div>\n<div class=\"swp_social_panel swp_horizontal_panel swp_flat_fresh swp_default_full_color swp_individual_full_color swp_other_full_color scale-100 scale-\" data-min-width=\"1100\" data-float-color=\"#ffffff\" data-float=\"none\" data-float-mobile=\"none\" data-transition=\"slide\">\n<div class=\"nc_tweetContainer swp_share_button total_shares total_sharesalt\"><span class=\"swp_count\">28 <span class=\"swp_label\">Partages<\/span><\/span><\/div>\n<\/div>\n<div class=\"mvp-related-posts left relative\">\n<h4 class=\"post-header\"><span class=\"post-header\">Lire aussi<\/span><\/h4>\n<\/div>\n<\/div>\n<p>Auteur: LM<br \/>\n<a href=\"https:\/\/www.tunisienumerique.com\/tunisie-bousalem-un-individu-tente-de-bruler-le-delegue-de-la-ville-devant-ses-enfants\/\">Cliquez ici pour lire l&rsquo;article depuis sa source.<\/a><\/p>\n","protected":false},"excerpt":{"rendered":"<p>28 Partages Un individu qui vocif\u00e9rait devant le si\u00e8ge de la d\u00e9l\u00e9gation de Bousalem, pour des revendications sociales, a surpris le d\u00e9l\u00e9gu\u00e9 \u00e0 sa sortie de son lieu de travail, accompagn\u00e9 de ses enfants et l\u2019a asperg\u00e9 d\u2019essence et s\u2019en est asperg\u00e9 lui-m\u00eame, avant de tenter de mettre le feu. Les forces de l\u2019ordre pr\u00e9sentes [&hellip;]<\/p>\n","protected":false},"author":1789,"featured_media":65938,"comment_status":"closed","ping_status":"closed","sticky":false,"template":"","format":"standard","meta":{"fifu_image_url":"","fifu_image_alt":"","footnotes":""},"categories":[73,55],"tags":[],"class_list":["post-65937","post","type-post","status-publish","format-standard","has-post-thumbnail","hentry","category-actualite","category-tunisie"],"_links":{"self":[{"href":"https:\/\/linitiative.ca\/International\/wp-json\/wp\/v2\/posts\/65937","targetHints":{"allow":["GET"]}}],"collection":[{"href":"https:\/\/linitiative.ca\/International\/wp-json\/wp\/v2\/posts"}],"about":[{"href":"https:\/\/linitiative.ca\/International\/wp-json\/wp\/v2\/types\/post"}],"author":[{"embeddable":true,"href":"https:\/\/linitiative.ca\/International\/wp-json\/wp\/v2\/users\/1789"}],"replies":[{"embeddable":true,"href":"https:\/\/linitiative.ca\/International\/wp-json\/wp\/v2\/comments?post=65937"}],"version-history":[{"count":0,"href":"https:\/\/linitiative.ca\/International\/wp-json\/wp\/v2\/posts\/65937\/revisions"}],"wp:featuredmedia":[{"embeddable":true,"href":"https:\/\/linitiative.ca\/International\/wp-json\/"}],"wp:attachment":[{"href":"https:\/\/linitiative.ca\/International\/wp-json\/wp\/v2\/media?parent=65937"}],"wp:term":[{"taxonomy":"category","embeddable":true,"href":"https:\/\/linitiative.ca\/International\/wp-json\/wp\/v2\/categories?post=65937"},{"taxonomy":"post_tag","embeddable":true,"href":"https:\/\/linitiative.ca\/International\/wp-json\/wp\/v2\/tags?post=65937"}],"curies":[{"name":"wp","href":"https:\/\/api.w.org\/{rel}","templated":true}]}}