{"id":65939,"date":"2019-10-29T16:09:11","date_gmt":"2019-10-29T20:09:11","guid":{"rendered":"https:\/\/linitiative.ca\/International\/tunisie-video-le-chef-de-letat-recoit-mehdi-jomaa\/"},"modified":"2019-10-29T16:09:11","modified_gmt":"2019-10-29T20:09:11","slug":"tunisie-video-le-chef-de-letat-recoit-mehdi-jomaa","status":"publish","type":"post","link":"https:\/\/linitiative.ca\/International\/tunisie-video-le-chef-de-letat-recoit-mehdi-jomaa\/","title":{"rendered":"Tunisie \u2013 VIDEO\u00a0: Le chef de l\u2019Etat re\u00e7oit Mehdi Joma\u00e2"},"content":{"rendered":"<div class=\"post-cont-in left relative\">\n<div class=\"swp_social_panel swp_horizontal_panel swp_flat_fresh swp_default_full_color swp_individual_full_color swp_other_full_color scale-100 scale-\" data-min-width=\"1100\" data-float-color=\"#ffffff\" data-float=\"none\" data-float-mobile=\"none\" data-transition=\"slide\">\n<div class=\"nc_tweetContainer swp_share_button total_shares total_sharesalt\"><span class=\"swp_count\">7 <span class=\"swp_label\">Partages<\/span><\/span><\/div>\n<\/div>\n<p>Le chef de l\u2019Etat, Ka\u00efs Sa\u00efed a re\u00e7u cet apr\u00e8s midi, au palais de Carthage, le pr\u00e9sident du parti \u00ab\u00a0Al Badil\u00a0\u00bb, Mehdi Joma\u00e2 qui a annonc\u00e9 \u00e0 l\u2019issue de l\u2019entretien qu\u2019il a f\u00e9licit\u00e9 le pr\u00e9sident pour la confiance des tunisiens en sa personne, \u00e9mettant l\u2019espoir que ce quinquennat soit celui de la relance, si jamais les efforts des forces vives du pays se conjuguent pour d\u00e9passer les probl\u00e8mes actuels.<\/p>\n<div class=\"code-block code-block-1 c4\"><ins class=\"adsbygoogle c3\" data-ad-layout=\"in-article\" data-ad-format=\"fluid\" data-ad-client=\"ca-pub-2102118777505746\" data-ad-slot=\"7301775417\"\/> <\/div>\n<p><strong>Que se passe-t-il en Tunisie?<\/strong><br \/>Nous expliquons sur notre <a href=\"https:\/\/www.youtube.com\/channel\/UCRzypVq0B_yBad5eGrwBx0Q?sub_confirmation=1\" target=\"_blank\" rel=\"noopener noreferrer\">cha\u00eene YouTube<\/a> . <a href=\"https:\/\/www.youtube.com\/channel\/UCRzypVq0B_yBad5eGrwBx0Q?sub_confirmation=1\" target=\"_blank\" rel=\"noopener noreferrer\">Abonnez-vous!<\/a><\/p>\n<div class=\"mvp-org-wrap mvp-org-logo\" itemprop=\"publisher\" itemscope=\"\" itemtype=\"https:\/\/schema.org\/Organization\"><img decoding=\"async\" src=\"https:\/\/www.tunisienumerique.com\/wp-content\/uploads\/2017\/02\/logo_tunisie_numerique.png\"\/><\/div>\n<div class=\"swp_social_panel swp_horizontal_panel swp_flat_fresh swp_default_full_color swp_individual_full_color swp_other_full_color scale-100 scale-\" data-min-width=\"1100\" data-float-color=\"#ffffff\" data-float=\"none\" data-float-mobile=\"none\" data-transition=\"slide\">\n<div class=\"nc_tweetContainer swp_share_button total_shares total_sharesalt\"><span class=\"swp_count\">7 <span class=\"swp_label\">Partages<\/span><\/span><\/div>\n<\/div>\n<div class=\"mvp-related-posts left relative\">\n<h4 class=\"post-header\"><span class=\"post-header\">Lire aussi<\/span><\/h4>\n<\/div>\n<\/div>\n<p>Auteur: LM<br \/>\n<a href=\"https:\/\/www.tunisienumerique.com\/tunisie-video-le-chef-de-letat-recoit-mehdi-jomaa\/\">Cliquez ici pour lire l&rsquo;article depuis sa source.<\/a><\/p>\n","protected":false},"excerpt":{"rendered":"<p>7 Partages Le chef de l\u2019Etat, Ka\u00efs Sa\u00efed a re\u00e7u cet apr\u00e8s midi, au palais de Carthage, le pr\u00e9sident du parti \u00ab\u00a0Al Badil\u00a0\u00bb, Mehdi Joma\u00e2 qui a annonc\u00e9 \u00e0 l\u2019issue de l\u2019entretien qu\u2019il a f\u00e9licit\u00e9 le pr\u00e9sident pour la confiance des tunisiens en sa personne, \u00e9mettant l\u2019espoir que ce quinquennat soit celui de la relance, [&hellip;]<\/p>\n","protected":false},"author":1789,"featured_media":65940,"comment_status":"closed","ping_status":"closed","sticky":false,"template":"","format":"standard","meta":{"fifu_image_url":"","fifu_image_alt":"","footnotes":""},"categories":[73,55],"tags":[],"class_list":["post-65939","post","type-post","status-publish","format-standard","has-post-thumbnail","hentry","category-actualite","category-tunisie"],"_links":{"self":[{"href":"https:\/\/linitiative.ca\/International\/wp-json\/wp\/v2\/posts\/65939","targetHints":{"allow":["GET"]}}],"collection":[{"href":"https:\/\/linitiative.ca\/International\/wp-json\/wp\/v2\/posts"}],"about":[{"href":"https:\/\/linitiative.ca\/International\/wp-json\/wp\/v2\/types\/post"}],"author":[{"embeddable":true,"href":"https:\/\/linitiative.ca\/International\/wp-json\/wp\/v2\/users\/1789"}],"replies":[{"embeddable":true,"href":"https:\/\/linitiative.ca\/International\/wp-json\/wp\/v2\/comments?post=65939"}],"version-history":[{"count":0,"href":"https:\/\/linitiative.ca\/International\/wp-json\/wp\/v2\/posts\/65939\/revisions"}],"wp:featuredmedia":[{"embeddable":true,"href":"https:\/\/linitiative.ca\/International\/wp-json\/"}],"wp:attachment":[{"href":"https:\/\/linitiative.ca\/International\/wp-json\/wp\/v2\/media?parent=65939"}],"wp:term":[{"taxonomy":"category","embeddable":true,"href":"https:\/\/linitiative.ca\/International\/wp-json\/wp\/v2\/categories?post=65939"},{"taxonomy":"post_tag","embeddable":true,"href":"https:\/\/linitiative.ca\/International\/wp-json\/wp\/v2\/tags?post=65939"}],"curies":[{"name":"wp","href":"https:\/\/api.w.org\/{rel}","templated":true}]}}