{"id":65943,"date":"2019-10-29T17:01:31","date_gmt":"2019-10-29T21:01:31","guid":{"rendered":"https:\/\/linitiative.ca\/International\/proces-pour-les-reparations-civiles-du-putsch-manquela-catharsis-passe-aussi-par-la\/"},"modified":"2019-10-29T17:01:31","modified_gmt":"2019-10-29T21:01:31","slug":"proces-pour-les-reparations-civiles-du-putsch-manquela-catharsis-passe-aussi-par-la","status":"publish","type":"post","link":"https:\/\/linitiative.ca\/International\/proces-pour-les-reparations-civiles-du-putsch-manquela-catharsis-passe-aussi-par-la\/","title":{"rendered":"PROCES POUR LES REPARATIONS CIVILES DU PUTSCH MANQUE:La catharsis passe aussi par l\u00e0 !"},"content":{"rendered":"<div class=\"stream-item stream-item-above-post-content\">\n<p><noscript><\/p>\n<p><a href=\"\/\/www3.smartadserver.com\/ac?jump=1&#038;nwid=2136&#038;siteid=240610&#038;pgname=rg&#038;fmtid=49046&#038;visit=m&#038;tmstp=[timestamp]&#038;out=nonrich\" target=\"_blank\" rel=\"noopener noreferrer\"><img decoding=\"async\" src=\"\/\/www3.smartadserver.com\/ac?out=nonrich&#038;nwid=2136&#038;siteid=240610&#038;pgname=rg&#038;fmtid=49046&#038;visit=m&#038;tmstp=[timestamp]\" border=\"0\" alt=\"\"\/><\/a><\/p>\n<p><\/noscript><\/div>\n<p class=\"c3\">L\u2019audience sur les int\u00e9r\u00eats civils, du proc\u00e8s du coup d\u2019Etat manqu\u00e9 de septembre 2015 qui, apr\u00e8s 18 longs mois de d\u00e9bats,\u00a0 avait abouti \u00e0 des condamnations plus ou moins lourdes pour certains accus\u00e9s et \u00e0 la relaxe pure et simple pour d\u2019autres, est ouverte le 29 octobre dernier. Seuls ceux qui avaient \u00e9cop\u00e9 de condamnations m\u00eame avec sursis, \u00e9taient donc de retour dans le box des accus\u00e9s pour \u00e9couter les pr\u00e9tentions en termes de r\u00e9parations des dommages et int\u00e9r\u00eats de plus de 300 victimes qui se sont constitu\u00e9es en parties civiles.<\/p>\n<p class=\"c3\">En attendant de voir l\u2019issue de ce proc\u00e8s tout aussi important que le jugement du dossier, l\u2019on peut d\u00e9j\u00e0 se f\u00e9liciter que la logique qui a pr\u00e9valu depuis le d\u00e9but de cette affaire de putsch manqu\u00e9 et qui est celle de laisser la Justice faire son travail jusqu\u2019au bout, continue de pr\u00e9valoir. Ce n\u2019est pas rien dans un pays o\u00f9 jusque-l\u00e0, les affaires de coups d\u2019Etat se r\u00e9glaient de fa\u00e7on exp\u00e9ditive et le plus souvent par les armes.<\/p>\n<p class=\"c3\"><strong>C\u2019est un bond qualitatif que le Burkina a fait en mati\u00e8re d\u2019Etat de droit<\/strong><\/p>\n<p class=\"c3\">Certains des pensionnaires aujourd\u2019hui de la Maison d\u2019arr\u00eat et de correction des arm\u00e9es (MACA) sont bien plac\u00e9s pour t\u00e9moigner de cette \u00e8re que l\u2019on esp\u00e8re d\u00e9finitivement r\u00e9volue o\u00f9 certains de leurs camarades ont \u00e9t\u00e9 envoy\u00e9s <em>ad patres<\/em> apr\u00e8s des aveux obtenus au forceps. Et m\u00eame apr\u00e8s ces ex\u00e9cutions sommaires, les familles des victimes ont d\u00fb se r\u00e9signer \u00e0 de longues travers\u00e9es du d\u00e9sert, payant pour des fautes qu\u2019elles n\u2019avaient pas commises. C\u2019est donc un bond qualitatif que le Burkina a fait en mati\u00e8re d\u2019Etat de droit. Il appartiendra aux condamn\u00e9s, s\u2019ils ne sont pas en phase avec les d\u00e9cisions qui sortiront de cette nouvelle phase dans le traitement judiciaire du dossier, de recourir aux voies l\u00e9gales pour faire pr\u00e9valoir leurs droits.<\/p>\n<p class=\"c3\">Par ailleurs, l\u2019on peut aussi se f\u00e9liciter de cette nouvelle \u00e9tape dans le dossier judiciaire du putsch manqu\u00e9 de septembre 2015, qui fait souffler un vent d\u2019espoir pour les victimes dont certaines tra\u00eenent encore des balles dans le corps. Au-del\u00e0 du pansement des blessures morales fait par les condamnations p\u00e9nales des auteurs du coup d\u2019Etat et de leurs soutiens, c\u2019est donc l\u2019heure, pour les victimes ou leurs ayants droit, d\u2019exprimer leurs attentes en termes financiers et mat\u00e9riels en r\u00e9paration des pr\u00e9judices subis lors des manifestations en vue de faire \u00e9chec au coup de force du g\u00e9n\u00e9ral Gilbert Diend\u00e9r\u00e9. Dans un contexte socio\u00e9conomique des plus difficiles o\u00f9 bien des familles se sentaient abandonn\u00e9es \u00e0 leur sort apr\u00e8s avoir pay\u00e9 le prix fort de la r\u00e9sistance au coup d\u2019Etat, cette \u00e9tape est bien plus que cruciale. M\u00eame si la bataille est loin d\u2019\u00eatre gagn\u00e9e, l\u2019on peut dire que l\u2019espoir fait vivre. Cela dit, les familles des victimes doivent toutefois savoir raison garder pour ne pas vendanger leur dignit\u00e9 en donnant l\u2019air de monnayer la vie ou les souffrances de leurs enfants qui se sont sacrifi\u00e9s pour une cause noble ou de disputer comme des charognards les corps de ceux qui sont tomb\u00e9s sur le champ de bataille.<\/p>\n<p class=\"c3\">Au-del\u00e0 des victimes directes des \u00e9v\u00e8nements malheureux de septembre 2015, l\u2019audience sur les int\u00e9r\u00eats civils du coup d\u2019Etat manqu\u00e9, marque le d\u00e9but d\u2019une catharsis sociale pour tout le pays, en franchissant une \u00e9tape importante dans le processus de r\u00e9conciliation nationale que d\u2019aucuns n\u2019envisageaient autrement que dans le triptyque \u00ab\u00a0<em>V\u00e9rit\u00e9-Justice-R\u00e9conciliation<\/em>\u00a0\u00bb.<\/p>\n<p class=\"c3\"><strong>Il faut craindre que l\u2019Etat ne se retrouve \u00e0 endosser toutes les responsabilit\u00e9s financi\u00e8res de ce coup de force<\/strong><\/p>\n<p class=\"c3\">Cela dit, cette nouvelle phase dans le traitement judiciaire qui tient en haleine les Burkinab\u00e8, suscite bien des interrogations. Ceux qui sont reconnus coupables des faits du coup d\u2019Etat et de leurs cons\u00e9quences, ont-ils la surface financi\u00e8re n\u00e9cessaire pour r\u00e9pondre aux attentes financi\u00e8res et mat\u00e9rielles des victimes ou de leurs ayants droit\u00a0? Si la r\u00e9ponse semble ais\u00e9e pour ceux qui ont occup\u00e9 des postes juteux dans l\u2019Administration Compaor\u00e9, elle n\u2019est pas \u00e9vidente pour les soldats du rang\u00a0\u00a0\u00a0\u00a0 \u00a0condamn\u00e9s dans cette affaire. Et m\u00eame dans le cas des nantis, l\u2019Etat a-t-il les moyens d\u2019op\u00e9rer des saisies sur leurs comptes ou de leurs biens \u00e0 hauteur des r\u00e9parations demand\u00e9es dans un contexte o\u00f9 l\u2019on sait que les mis en cause ont parfois eu le temps de mettre en lieux s\u00fbrs leurs avoirs\u00a0?\u00a0 Il faut donc craindre que l\u2019Etat ne se retrouve \u00e0 endosser toutes les responsabilit\u00e9s financi\u00e8res de ce coup de force alors qu\u2019il est en lui-m\u00eame l\u2019une des principales victimes et que les familles l\u00e9s\u00e9es ne se retrouvent jet\u00e9es dans les arcanes de l\u2019Administration pour ne r\u00e9colter finalement que de modiques sommes. L\u2019autre crainte, et pas des moindres, c\u2019est de voir aussi, cette derni\u00e8re phase du proc\u00e8s renforcer les dissensions au sein de la soci\u00e9t\u00e9 burkinab\u00e8. Il n\u2019est pas exclu, en effet, que les sympathisants des condamn\u00e9s qui crient \u00e0 la \u00ab\u00a0<em>cabale politique\u00a0<\/em>\u00bb, voient dans les condamnations civiles qui sortiront de l\u2019audience, la liquidation \u00e9conomique et la clochardisation de leurs leaders.<\/p>\n<p class=\"c3\">En attendant de voir quelles r\u00e9ponses les autorit\u00e9s judiciaires apporteront \u00e0 ces questions, l\u2019on ne peut qu\u2019\u00e9mettre le v\u0153u de voir les choses aller vite pour non seulement soulager au plus vite les souffrances des victimes, mais aussi pour amoindrir pour le contribuable, les co\u00fbts de ce proc\u00e8s.<\/p>\n<p class=\"c3\"><strong><em>\u00ab\u00a0 Le Pays\u00a0\u00bb<\/em><\/strong><\/p>\n<p>Auteur: Le Pays<br \/>\n<a href=\"http:\/\/lepays.bf\/proces-pour-les-reparations-civiles-du-putsch-manquela-catharsis-passe-aussi-par-la\/\">Cliquez ici pour lire l&rsquo;article depuis sa source.<\/a><\/p>\n","protected":false},"excerpt":{"rendered":"<p>L\u2019audience sur les int\u00e9r\u00eats civils, du proc\u00e8s du coup d\u2019Etat manqu\u00e9 de septembre 2015 qui, apr\u00e8s 18 longs mois de d\u00e9bats,\u00a0 avait abouti \u00e0 des condamnations plus ou moins lourdes pour certains accus\u00e9s et \u00e0 la relaxe pure et simple pour d\u2019autres, est ouverte le 29 octobre dernier. Seuls ceux qui avaient \u00e9cop\u00e9 de condamnations [&hellip;]<\/p>\n","protected":false},"author":1813,"featured_media":0,"comment_status":"closed","ping_status":"closed","sticky":false,"template":"","format":"standard","meta":{"fifu_image_url":"","fifu_image_alt":"","footnotes":""},"categories":[73,81],"tags":[],"class_list":["post-65943","post","type-post","status-publish","format-standard","hentry","category-actualite","category-burkina-faso"],"_links":{"self":[{"href":"https:\/\/linitiative.ca\/International\/wp-json\/wp\/v2\/posts\/65943","targetHints":{"allow":["GET"]}}],"collection":[{"href":"https:\/\/linitiative.ca\/International\/wp-json\/wp\/v2\/posts"}],"about":[{"href":"https:\/\/linitiative.ca\/International\/wp-json\/wp\/v2\/types\/post"}],"author":[{"embeddable":true,"href":"https:\/\/linitiative.ca\/International\/wp-json\/wp\/v2\/users\/1813"}],"replies":[{"embeddable":true,"href":"https:\/\/linitiative.ca\/International\/wp-json\/wp\/v2\/comments?post=65943"}],"version-history":[{"count":0,"href":"https:\/\/linitiative.ca\/International\/wp-json\/wp\/v2\/posts\/65943\/revisions"}],"wp:attachment":[{"href":"https:\/\/linitiative.ca\/International\/wp-json\/wp\/v2\/media?parent=65943"}],"wp:term":[{"taxonomy":"category","embeddable":true,"href":"https:\/\/linitiative.ca\/International\/wp-json\/wp\/v2\/categories?post=65943"},{"taxonomy":"post_tag","embeddable":true,"href":"https:\/\/linitiative.ca\/International\/wp-json\/wp\/v2\/tags?post=65943"}],"curies":[{"name":"wp","href":"https:\/\/api.w.org\/{rel}","templated":true}]}}