{"id":65944,"date":"2019-10-29T17:06:05","date_gmt":"2019-10-29T21:06:05","guid":{"rendered":"https:\/\/linitiative.ca\/International\/an-v-de-linsurrection-populaire-au-burkinail-ne-faut-pas-jeter-le-bebe-avec-leau-du-bain\/"},"modified":"2019-10-29T17:06:05","modified_gmt":"2019-10-29T21:06:05","slug":"an-v-de-linsurrection-populaire-au-burkinail-ne-faut-pas-jeter-le-bebe-avec-leau-du-bain","status":"publish","type":"post","link":"https:\/\/linitiative.ca\/International\/an-v-de-linsurrection-populaire-au-burkinail-ne-faut-pas-jeter-le-bebe-avec-leau-du-bain\/","title":{"rendered":"AN V DE L\u2019INSURRECTION POPULAIRE AU BURKINA:Il ne faut pas jeter le b\u00e9b\u00e9 avec l\u2019eau du bain"},"content":{"rendered":"<div class=\"stream-item stream-item-above-post-content\">\n<p><noscript><\/p>\n<p><a href=\"\/\/www3.smartadserver.com\/ac?jump=1&#038;nwid=2136&#038;siteid=240610&#038;pgname=rg&#038;fmtid=49046&#038;visit=m&#038;tmstp=[timestamp]&#038;out=nonrich\" target=\"_blank\" rel=\"noopener noreferrer\"><img decoding=\"async\" src=\"\/\/www3.smartadserver.com\/ac?out=nonrich&#038;nwid=2136&#038;siteid=240610&#038;pgname=rg&#038;fmtid=49046&#038;visit=m&#038;tmstp=[timestamp]\" border=\"0\" alt=\"\"\/><\/a><\/p>\n<p><\/noscript><\/div>\n<p class=\"c3\">Octobre 2014-octobre 2015. Cela fait cinq ans que les Burkinab\u00e8, \u00e0 travers une insurrection populaire qui mettait fin \u00e0 27 ans de r\u00e8gne,\u00a0 ont chang\u00e9 le cours de l\u2019histoire que voulait imposer l\u2019ex-pr\u00e9sident Blaise Compaor\u00e9 \u00e0 leur pays.\u00a0 En disant non \u00e0 la patrimonialisation du pouvoir et \u00e0 tout pouvoir \u00e0 vie, les Burkinab\u00e8 entendaient non seulement arrimer leur pays \u00e0 la vraie d\u00e9mocratie par le jeu de l\u2019alternance, mais esp\u00e9raient aussi des lendemains meilleurs. \u00a0Mais cinq ans apr\u00e8s, qu\u2019en est-il\u00a0? <em>Le pays des Hommes int\u00e8gres<\/em> se porte-t-il mieux\u00a0? Non\u00a0! En tout cas, ce serait mentir que de r\u00e9pondre par l\u2019affirmative, tant le quotidien des Burkinab\u00e8 n\u2019a pas fondamentalement chang\u00e9 par rapport \u00e0 l\u2019\u00e8re Compaor\u00e9.<\/p>\n<p class=\"c3\"><strong>Apr\u00e8s l\u2019euphorie, l\u2019heure est au d\u00e9senchantement pour de nombreux insurg\u00e9s<\/strong><\/p>\n<p class=\"c3\"><strong>O<\/strong>n se demande m\u00eame s\u2019il n\u2019a pas empir\u00e9 par endroits avec les attaques terroristes qui sont en passe d\u2019annihiler les efforts de d\u00e9veloppement du gouvernement et qui continuent de troubler le sommeil des populations. C\u2019est dire si apr\u00e8s l\u2019euphorie de la victoire, l\u2019heure est au d\u00e9senchantement pour de nombreux insurg\u00e9s. \u00a0Pour autant, faut-il regretter l\u2019insurrection populaire\u00a0? Evidemment, non. D\u2019abord parce que la d\u00e9mocratie \u00e0 la sauce Compaor\u00e9 que Blaise voulait servir aux Burkinab\u00e8, n\u2019offrait aucune possibilit\u00e9 d\u2019alternance par la voie des urnes, dans un syst\u00e8me compl\u00e8tement verrouill\u00e9 au profit d\u2019un seul individu et de son clan. C\u2019est dire si malgr\u00e9<\/p>\n<p class=\"c3\">les insuffisances de la Transition, l\u2019insurrection a permis de sauver la d\u00e9mocratie au Burkina Faso et de lib\u00e9rer davantage la parole. Au point que m\u00eame les partisans de Blaise Compaor\u00e9 qui soutenaient <em>mordicus<\/em> qu\u2019il n\u2019y avait pas de Burkinab\u00e8 capable de diriger le pays en dehors de leur mentor, se d\u00e9couvrent aujourd\u2019hui plusieurs comp\u00e9tences, en leur sein, \u00e0 m\u00eame de briguer la magistrature supr\u00eame. Si l\u2019insurrection populaire n\u2019\u00e9tait pas pass\u00e9e par l\u00e0, il y a lieu de croire que certaines de ces ambitions ne se seraient jamais exprim\u00e9es au grand jour. Mais cela est bon pour la d\u00e9mocratie.<\/p>\n<p class=\"c3\">Ensuite, en se dressant contre les vell\u00e9it\u00e9s monarchistes de leur pr\u00e9sident, les Burkinab\u00e8 ont marqu\u00e9 les esprits au-del\u00e0 m\u00eame du continent africain o\u00f9 de nombreux chefs d\u2019Etat continuent de se poser aujourd\u2019hui encore en vrais pr\u00e9dateurs des libert\u00e9s et en autant de fossoyeurs de la d\u00e9mocratie. Car, \u00e0 quoi rime une d\u00e9mocratie sans alternance quand on sait que les longs r\u00e8gnes d\u00e9bouchent le plus souvent sur le chaos\u00a0? C\u2019est dire si cette insurrection, d\u2019une certaine fa\u00e7on, \u00e9tait une alternative avec laquelle il fallait n\u00e9cessairement compter dans le contexte burkinab\u00e8 de l\u2019\u00e9poque. Car, on en \u00e9tait arriv\u00e9 \u00e0 un tel niveau de d\u00e9fiance entre les protagonistes, que le sc\u00e9nario qui restait, \u00e9tait celui du \u00e7a passe ou \u00e7a casse. La suite, on la conna\u00eet.<\/p>\n<p class=\"c3\">Mais, cinq ans apr\u00e8s, les Burkinab\u00e8 vivent les cons\u00e9quences de leur insurrection. Entre attaques terroristes dont de nombreux Burkinab\u00e8 continuent de se demander si elles n\u2019ont pas, d\u2019une fa\u00e7on ou d\u2019une autre, de lien avec la chute de l\u2019ex-homme fort du pays, mouvements d\u2019humeur et revendications sociales, les Burkinab\u00e8 peinent v\u00e9ritablement \u00e0 joindre les deux bouts. Et le changement tant esp\u00e9r\u00e9 tarde \u00e0 venir, tant les autorit\u00e9s actuelles peinent \u00e0 marquer v\u00e9ritablement la rupture avec le r\u00e9gime d\u00e9chu de Blaise Compaor\u00e9.<\/p>\n<p class=\"c3\"><strong>La n\u00e9cessit\u00e9 d\u2019une prise de conscience collective s\u2019impose<\/strong><\/p>\n<p class=\"c3\">Et cela fait nourrir des regrets jusqu\u2019au sein des insurg\u00e9s dont certains \u00a0ont des raisons de penser que l\u2019insurrection populaire n\u2019est pas all\u00e9e \u00e0 son terme. \u00a0Mais on peut difficilement donner tort \u00e0 ces derniers car, quoi qu\u2019on dise, le \u00ab\u00a0<em>d\u00e9gagisme<\/em>\u00a0\u00bb, tel que pr\u00f4n\u00e9 et r\u00e9clam\u00e9 sous d\u2019autres cieux, n\u2019a pas eu lieu au Burkina o\u00f9 le m\u00eame vieux personnel politique se retrouve encore aux affaires, avec une offre politique loin de sortir des sentiers battus. Mais si dans la d\u00e9gradation continuelle de la situation du pays, l\u2019on ne peut pas mettre hors de cause la responsabilit\u00e9 du r\u00e9gime actuel, il y a que les Burkinab\u00e8 ont aussi fait dans l\u2019exc\u00e8s au point que l\u2019incivisme est en passe, si ce n\u2019est d\u00e9j\u00e0 fait, de saper l\u2019autorit\u00e9 de l\u2019Etat. Et c\u2019est peu de dire que dans ce contexte, les autorit\u00e9s ne savent v\u00e9ritablement pas quoi, du b\u00e2ton ou de la carotte, utiliser dans ce Burkina post-insurrectionnel o\u00f9 les attentes des populations ont toujours \u00e9t\u00e9 fortes, multiples et multiformes. C\u2019est pourquoi la n\u00e9cessit\u00e9 d\u2019une prise de conscience collective s\u2019impose, allant dans le sens de la discipline et de l\u2019auto- discipline arrim\u00e9es au patriotisme, pour pouvoir faire face aux nombreux d\u00e9fis et surtout\u00a0 \u00e0 l\u2019adversit\u00e9 commune qui se d\u00e9cline aujourd\u2019hui principalement et prioritairement, en terme de s\u00e9curit\u00e9.<\/p>\n<p class=\"c3\">En tout \u00e9tat de cause, comme le dit l\u2019adage, \u00ab\u00a0<em>l\u2019eau vers\u00e9e ne se ramasse pas<\/em>\u00a0\u00bb. C\u2019est dire que l\u2019insurrection populaire des 30 et 31 octobre 2014, fait d\u00e9sormais partie int\u00e9grante de l\u2019histoire du peuple burkinab\u00e8. Il lui appartient alors de l\u2019assumer pleinement et enti\u00e8rement, et de se ressaisir pour redresser la barre l\u00e0 o\u00f9 il le faut. Car, comme le dit un autre adage, \u00ab\u00a0<em>il ne faut pas jeter le b\u00e9b\u00e9 avec l\u2019eau du bain\u00a0<\/em>\u00bb. Et si le tableau est aujourd\u2019hui loin d\u2019\u00eatre rose, l\u2019on ne peut pas non plus le peindre totalement en noir. Des efforts ont \u00e9t\u00e9 ind\u00e9niablement faits et peuvent compter pour autant d\u2019acquis dans diff\u00e9rents domaines, m\u00eame si beaucoup reste encore \u00e0 faire. Ce n\u2019est certainement pas en cinq ans que l\u2019on peut tourner la page de 27 ans de dictature. \u00a0\u00a0Mais il appartient aux tenants du pouvoir de donner des signaux forts de leur volont\u00e9 d\u2019aller dans le sens des aspirations du peuple burkinab\u00e8. \u00a0Pour cela, il faut non seulement de la vision, mais cela passe aussi par une gouvernance vertueuse.<\/p>\n<p class=\"c3\"><strong><em>\u00a0\u00ab\u00a0Le Pays\u00a0\u00bb<\/em><\/strong><\/p>\n<p class=\"c3\"><strong>\u00a0<\/strong><\/p>\n<p class=\"c3\"><strong>\u00a0<\/strong><\/p>\n<p>Auteur: Le Pays<br \/>\n<a href=\"http:\/\/lepays.bf\/an-v-de-linsurrection-populaire-au-burkinail-ne-faut-pas-jeter-le-bebe-avec-leau-du-bain\/\">Cliquez ici pour lire l&rsquo;article depuis sa source.<\/a><\/p>\n","protected":false},"excerpt":{"rendered":"<p>Octobre 2014-octobre 2015. Cela fait cinq ans que les Burkinab\u00e8, \u00e0 travers une insurrection populaire qui mettait fin \u00e0 27 ans de r\u00e8gne,\u00a0 ont chang\u00e9 le cours de l\u2019histoire que voulait imposer l\u2019ex-pr\u00e9sident Blaise Compaor\u00e9 \u00e0 leur pays.\u00a0 En disant non \u00e0 la patrimonialisation du pouvoir et \u00e0 tout pouvoir \u00e0 vie, les Burkinab\u00e8 entendaient [&hellip;]<\/p>\n","protected":false},"author":1813,"featured_media":0,"comment_status":"closed","ping_status":"closed","sticky":false,"template":"","format":"standard","meta":{"fifu_image_url":"","fifu_image_alt":"","footnotes":""},"categories":[73,81],"tags":[],"class_list":["post-65944","post","type-post","status-publish","format-standard","hentry","category-actualite","category-burkina-faso"],"_links":{"self":[{"href":"https:\/\/linitiative.ca\/International\/wp-json\/wp\/v2\/posts\/65944","targetHints":{"allow":["GET"]}}],"collection":[{"href":"https:\/\/linitiative.ca\/International\/wp-json\/wp\/v2\/posts"}],"about":[{"href":"https:\/\/linitiative.ca\/International\/wp-json\/wp\/v2\/types\/post"}],"author":[{"embeddable":true,"href":"https:\/\/linitiative.ca\/International\/wp-json\/wp\/v2\/users\/1813"}],"replies":[{"embeddable":true,"href":"https:\/\/linitiative.ca\/International\/wp-json\/wp\/v2\/comments?post=65944"}],"version-history":[{"count":0,"href":"https:\/\/linitiative.ca\/International\/wp-json\/wp\/v2\/posts\/65944\/revisions"}],"wp:attachment":[{"href":"https:\/\/linitiative.ca\/International\/wp-json\/wp\/v2\/media?parent=65944"}],"wp:term":[{"taxonomy":"category","embeddable":true,"href":"https:\/\/linitiative.ca\/International\/wp-json\/wp\/v2\/categories?post=65944"},{"taxonomy":"post_tag","embeddable":true,"href":"https:\/\/linitiative.ca\/International\/wp-json\/wp\/v2\/tags?post=65944"}],"curies":[{"name":"wp","href":"https:\/\/api.w.org\/{rel}","templated":true}]}}