{"id":65946,"date":"2019-10-29T16:59:34","date_gmt":"2019-10-29T20:59:34","guid":{"rendered":"https:\/\/linitiative.ca\/International\/proces-du-putsch-letat-civilement-responsable-selon-les-avocats-de-la-defense\/"},"modified":"2019-10-29T16:59:34","modified_gmt":"2019-10-29T20:59:34","slug":"proces-du-putsch-letat-civilement-responsable-selon-les-avocats-de-la-defense","status":"publish","type":"post","link":"https:\/\/linitiative.ca\/International\/proces-du-putsch-letat-civilement-responsable-selon-les-avocats-de-la-defense\/","title":{"rendered":"Proc\u00e8s du putsch : l\u2019Etat civilement responsable, selon les avocats de la d\u00e9fense"},"content":{"rendered":"<div class=\"td-post-featured-image\"><a href=\"https:\/\/i1.wp.com\/www.sidwaya.info\/wp-content\/uploads\/2019\/10\/0-3.jpg?fit=635%2C507&#038;ssl=1\" data-caption=\"\"><img loading=\"lazy\" decoding=\"async\" width=\"635\" height=\"507\" class=\"entry-thumb td-modal-image\" src=\"https:\/\/i1.wp.com\/www.sidwaya.info\/wp-content\/uploads\/2019\/10\/0-3.jpg?resize=635%2C507&#038;ssl=1\" srcset=\"https:\/\/i1.wp.com\/www.sidwaya.info\/wp-content\/uploads\/2019\/10\/0-3.jpg?w=635&#038;ssl=1 635w, https:\/\/i1.wp.com\/www.sidwaya.info\/wp-content\/uploads\/2019\/10\/0-3.jpg?resize=300%2C240&#038;ssl=1 300w, https:\/\/i1.wp.com\/www.sidwaya.info\/wp-content\/uploads\/2019\/10\/0-3.jpg?resize=526%2C420&#038;ssl=1 526w\" sizes=\"auto, (max-width: 635px) 100vw, 635px\" alt=\"\" title=\"0\"\/><\/a><\/div>\n<div class=\"td-a-rec td-a-rec-id-content_top td_uid_30_5db8b2b71a9b9_rand td_block_template_1\"><img loading=\"lazy\" decoding=\"async\" class=\"aligncenter size-full wp-image-15640\" src=\"https:\/\/www.sidwaya.info\/wp-content\/uploads\/2019\/10\/pf-pub-1.jpeg\" alt=\"\" width=\"1080\" height=\"360\"\/><\/div>\n<p><strong>L\u2019examen des int\u00e9r\u00eats civils dans le proc\u00e8s du putsch manqu\u00e9 a repris, mardi 29 octobre 2019, au tribunal militaire. Apr\u00e8s quelques deux heures d\u2019audience, le proc\u00e8s a \u00e9t\u00e9 une fois de plus renvoy\u00e9 au 19 novembre prochain, afin de permettre aux avocats des parties prenantes d\u2019examiner les r\u00e9clamations formul\u00e9es.<\/strong><\/p>\n<p>D\u00e9but\u00e9 le mardi 22 octobre dernier, l\u2019examen des int\u00e9r\u00eats civils dans le proc\u00e8s du putsch peinent \u00e0 rentrer dans le vif du sujet. Toutefois, elle aura permis aux avocats de la partie civile de d\u00e9poser les conclusions de leurs r\u00e9clamations aupr\u00e8s du parquet et de la d\u00e9fense. Prenant acte de celles-ci, les avocats de la d\u00e9fense ont demand\u00e9 que chaque accus\u00e9 re\u00e7oive ces r\u00e9clamations individuellement afin de leur permettre d\u2019aviser en connaissance de cause. Mais, ce que l\u2019on peut retenir d\u2019ores et d\u00e9j\u00e0, est qu\u2019\u00e0 l\u2019entame, Me Dieudonn\u00e9 Bonkoungou, un des avocats de la d\u00e9fense a cit\u00e9 l\u2019Etat burkinab\u00e8 comme \u00e9tant civilement responsable et doit par cons\u00e9quent d\u00e9dommager les victimes du putsch manqu\u00e9.\u00a0\u00abNous pensons que c\u2019est l\u2019Etat qui doit indemniser les victimes\u00bb, a-t-il dit avant de se r\u00e9jouir que la partie civile \u00e9galement en veuille \u00e0 l\u2019Etat pour sa responsabilit\u00e9 dans ce coup de force rat\u00e9. Et d\u2019ajouter qu\u2019il n\u2019y a pas de raisons que leurs clients soient les seuls responsables de ce qui est arriv\u00e9. Pour la d\u00e9fense, cette position est en phase avec celle d\u2019une partie des avocats de la partie civile qui demande aussi que l\u2019Etat soit \u00e9galement solidairement condamn\u00e9 avec les accus\u00e9s. En effet, pour Me Prosper Farama, les victimes ont \u00e9t\u00e9 bless\u00e9es et tu\u00e9es par les armes de l\u2019Etat et par ses employ\u00e9s.\u00a0\u00abNous sommes convaincus que l\u2019Etat sera condamn\u00e9\u00bb, se convainc-t-il. Toute chose que Pierre Yanogo, avocat de l\u2019Etat, dit ne pas comprendre.<\/p>\n<p>Pour lui, il est absurde de citer l\u2019Etat d\u2019\u00eatre civilement responsable des actes pos\u00e9s lors du putsch manqu\u00e9. Mais, il a estim\u00e9 que la question sera bien examin\u00e9e.\u00a0\u00abNous sommes dans un Etat de droit et si l\u2019Etat, le cas \u00e9ch\u00e9ant, a une responsabilit\u00e9 dans ce putsch il va supporter sa part\u00bb, a, par ailleurs, fait savoir Me Yanogo.<br \/>Afin de permettre \u00e0 toutes les parties de se communiquer les diff\u00e9rentes r\u00e9clamations et de prendre connaissance de certaines pi\u00e8ces du dosser, l\u2019audience a \u00e9t\u00e9 renvoy\u00e9e au 19 novembre 2019.<\/p>\n<p class=\"c1\"><strong>Souma\u00efla BONKOUNGOU<\/strong><\/p>\n<div class=\"td-a-rec td-a-rec-id-content_bottom td_uid_31_5db8b2b71ab58_rand td_block_template_1\"><img loading=\"lazy\" decoding=\"async\" class=\"aligncenter size-full wp-image-9623\" src=\"https:\/\/www.sidwaya.info\/wp-content\/uploads\/2019\/06\/Projet-bannie%CC%80re-Orange-mobile.jpg\" alt=\"\" width=\"728\" height=\"81\"\/><\/div>\n<p>Auteur: DD. Sidwaya<br \/>\n<a href=\"https:\/\/www.sidwaya.info\/blog\/2019\/10\/29\/proces-du-putsch-letat-civilement-responsable-selon-les-avocats-de-la-defense\/\">Cliquez ici pour lire l&rsquo;article depuis sa source.<\/a><\/p>\n","protected":false},"excerpt":{"rendered":"<p>L\u2019examen des int\u00e9r\u00eats civils dans le proc\u00e8s du putsch manqu\u00e9 a repris, mardi 29 octobre 2019, au tribunal militaire. Apr\u00e8s quelques deux heures d\u2019audience, le proc\u00e8s a \u00e9t\u00e9 une fois de plus renvoy\u00e9 au 19 novembre prochain, afin de permettre aux avocats des parties prenantes d\u2019examiner les r\u00e9clamations formul\u00e9es. D\u00e9but\u00e9 le mardi 22 octobre dernier, [&hellip;]<\/p>\n","protected":false},"author":1816,"featured_media":0,"comment_status":"closed","ping_status":"closed","sticky":false,"template":"","format":"standard","meta":{"fifu_image_url":"","fifu_image_alt":"","footnotes":""},"categories":[73,81],"tags":[],"class_list":["post-65946","post","type-post","status-publish","format-standard","hentry","category-actualite","category-burkina-faso"],"_links":{"self":[{"href":"https:\/\/linitiative.ca\/International\/wp-json\/wp\/v2\/posts\/65946","targetHints":{"allow":["GET"]}}],"collection":[{"href":"https:\/\/linitiative.ca\/International\/wp-json\/wp\/v2\/posts"}],"about":[{"href":"https:\/\/linitiative.ca\/International\/wp-json\/wp\/v2\/types\/post"}],"author":[{"embeddable":true,"href":"https:\/\/linitiative.ca\/International\/wp-json\/wp\/v2\/users\/1816"}],"replies":[{"embeddable":true,"href":"https:\/\/linitiative.ca\/International\/wp-json\/wp\/v2\/comments?post=65946"}],"version-history":[{"count":0,"href":"https:\/\/linitiative.ca\/International\/wp-json\/wp\/v2\/posts\/65946\/revisions"}],"wp:attachment":[{"href":"https:\/\/linitiative.ca\/International\/wp-json\/wp\/v2\/media?parent=65946"}],"wp:term":[{"taxonomy":"category","embeddable":true,"href":"https:\/\/linitiative.ca\/International\/wp-json\/wp\/v2\/categories?post=65946"},{"taxonomy":"post_tag","embeddable":true,"href":"https:\/\/linitiative.ca\/International\/wp-json\/wp\/v2\/tags?post=65946"}],"curies":[{"name":"wp","href":"https:\/\/api.w.org\/{rel}","templated":true}]}}