{"id":65949,"date":"2019-10-29T17:08:42","date_gmt":"2019-10-29T21:08:42","guid":{"rendered":"https:\/\/linitiative.ca\/International\/investissements-du-futur-riyadh-ouvre-ses-portes-au-monde\/"},"modified":"2019-10-29T17:08:42","modified_gmt":"2019-10-29T21:08:42","slug":"investissements-du-futur-riyadh-ouvre-ses-portes-au-monde","status":"publish","type":"post","link":"https:\/\/linitiative.ca\/International\/investissements-du-futur-riyadh-ouvre-ses-portes-au-monde\/","title":{"rendered":"Investissements du futur  : Riyadh ouvre ses portes au monde"},"content":{"rendered":"<div class=\"td-post-featured-image\"><a href=\"https:\/\/i1.wp.com\/www.sidwaya.info\/wp-content\/uploads\/2019\/10\/0-5.jpg?fit=595%2C399&#038;ssl=1\" data-caption=\"\"><img loading=\"lazy\" decoding=\"async\" width=\"595\" height=\"399\" class=\"entry-thumb td-modal-image\" src=\"https:\/\/i1.wp.com\/www.sidwaya.info\/wp-content\/uploads\/2019\/10\/0-5.jpg?resize=595%2C399&#038;ssl=1\" srcset=\"https:\/\/i1.wp.com\/www.sidwaya.info\/wp-content\/uploads\/2019\/10\/0-5.jpg?w=595&#038;ssl=1 595w, https:\/\/i1.wp.com\/www.sidwaya.info\/wp-content\/uploads\/2019\/10\/0-5.jpg?resize=300%2C201&#038;ssl=1 300w\" sizes=\"auto, (max-width: 595px) 100vw, 595px\" alt=\"\" title=\"0\"\/><\/a><\/div>\n<div class=\"td-a-rec td-a-rec-id-content_top td_uid_30_5db8b2c11daeb_rand td_block_template_1\"><img loading=\"lazy\" decoding=\"async\" class=\"aligncenter size-full wp-image-15640\" src=\"https:\/\/www.sidwaya.info\/wp-content\/uploads\/2019\/10\/pf-pub-1.jpeg\" alt=\"\" width=\"1080\" height=\"360\"\/><\/div>\n<p><strong>Le Premier ministre burkinab\u00e8, Christophe Joseph Marie Dabir\u00e9, prend part, aux c\u00f4t\u00e9s d\u2019autres leaders mondiaux, \u00e0 \u00abl\u2019Initiative pour les investissements futurs (IIF)\u00bb, du 29 au 31 octobre \u00e0 Riyadh en Arabie Saoudite. Ouvert le mardi 29 octobre 2019, ce forum regroupe 4000 participants issus de divers secteurs d\u2019activit\u00e9s.<\/strong><\/p>\n<p>Leaders mondiaux et dirigeants de grandes firmes internationales assistent \u00e0 la 3e \u00e9dition de \u00abFuture Investment Initiative\u00bb sur le th\u00e8me\u00a0: \u00abQuelle est la prochaine \u00e9tape pour le commerce mondial\u00a0?\u00bb. A ce rendez-vous annuel des investisseurs, le Burkina y participe. Arriv\u00e9 lundi 28 octobre dans le royaume saoudien, le chef du gouvernement, Christophe Joseph Marie Dabir\u00e9, repr\u00e9sentant le pr\u00e9sident du Faso, pr\u00e9sentera lors de la deuxi\u00e8me journ\u00e9e les \u00ab\u00e9normes potentialit\u00e9s\u00bb dont regorge son pays, en vue d\u2019attirer des investisseurs. Il a \u00e9t\u00e9 accompagn\u00e9 par une d\u00e9l\u00e9gation dont le ministre du Commerce, de l\u2019Industrie et de l\u2019Artisanat, Harouna Kabor\u00e9, qui a indiqu\u00e9 que le Burkina est pr\u00e9sent pour saisir des opportunit\u00e9s pour le financement de ses projets structurants. \u00abCe forum de haut niveau est un rendez-vous du donner et de recevoir. Notre pays est d\u00e9j\u00e0 en coop\u00e9ration avec le Fonds saoudien de d\u00e9veloppement sur un certain nombre de projets. Le Premier ministre va saisir l\u2019occasion de faire le point des projets en cours et inviter davantage les partenaires \u00e0 accompagner de mani\u00e8re plus soutenue notre pays \u00e0 financer son \u00e9conomie\u00bb, a-t-il dit.<\/p>\n<p>L\u2019IIF est une plate-forme internationale de d\u00e9bats, anim\u00e9e par des experts, des investisseurs et des innovateurs ayant le pouvoir de fa\u00e7onner l\u2019avenir mondial.<br \/>Les organisateurs se sont f\u00e9licit\u00e9s de l\u2019importance que prend l\u2019IIF. \u00abPlus de 6000 responsables et participants, c\u2019est plus du double de la premi\u00e8re \u00e9dition en 2017\u00a0; la progression a \u00e9t\u00e9 incroyable\u00bb, s\u2019est r\u00e9joui, le directeur g\u00e9n\u00e9ral du Fonds saoudien, Yasir Al-Rumayyan.<br \/>L\u2019intervention du chef du gouvernement burkinab\u00e8 est pr\u00e9vue pour ce mercredi, 2e jour du forum.<br \/>Dans le programme, il est \u00e9galement pr\u00e9vu, en marge des travaux de l\u2019IIF, des entretiens avec les autorit\u00e9s saoudiennes dans l\u2019optique de renforcer la coop\u00e9ration entre les deux pays.<\/p>\n<p class=\"c1\"><strong>Boureima SANGA<\/strong><br \/><strong>(Riyadh\/Arabie Saoudite)<\/strong><\/p>\n<div class=\"td-a-rec td-a-rec-id-content_bottom td_uid_31_5db8b2c11dcaa_rand td_block_template_1\"><img loading=\"lazy\" decoding=\"async\" class=\"aligncenter size-full wp-image-9623\" src=\"https:\/\/www.sidwaya.info\/wp-content\/uploads\/2019\/06\/Projet-bannie%CC%80re-Orange-mobile.jpg\" alt=\"\" width=\"728\" height=\"81\"\/><\/div>\n<p>Auteur: DD. Sidwaya<br \/>\n<a href=\"https:\/\/www.sidwaya.info\/blog\/2019\/10\/29\/investissements-du-futur-riyadh-ouvre-ses-portes-au-monde\/\">Cliquez ici pour lire l&rsquo;article depuis sa source.<\/a><\/p>\n","protected":false},"excerpt":{"rendered":"<p>Le Premier ministre burkinab\u00e8, Christophe Joseph Marie Dabir\u00e9, prend part, aux c\u00f4t\u00e9s d\u2019autres leaders mondiaux, \u00e0 \u00abl\u2019Initiative pour les investissements futurs (IIF)\u00bb, du 29 au 31 octobre \u00e0 Riyadh en Arabie Saoudite. Ouvert le mardi 29 octobre 2019, ce forum regroupe 4000 participants issus de divers secteurs d\u2019activit\u00e9s. Leaders mondiaux et dirigeants de grandes firmes [&hellip;]<\/p>\n","protected":false},"author":1816,"featured_media":0,"comment_status":"closed","ping_status":"closed","sticky":false,"template":"","format":"standard","meta":{"fifu_image_url":"","fifu_image_alt":"","footnotes":""},"categories":[73,81],"tags":[],"class_list":["post-65949","post","type-post","status-publish","format-standard","hentry","category-actualite","category-burkina-faso"],"_links":{"self":[{"href":"https:\/\/linitiative.ca\/International\/wp-json\/wp\/v2\/posts\/65949","targetHints":{"allow":["GET"]}}],"collection":[{"href":"https:\/\/linitiative.ca\/International\/wp-json\/wp\/v2\/posts"}],"about":[{"href":"https:\/\/linitiative.ca\/International\/wp-json\/wp\/v2\/types\/post"}],"author":[{"embeddable":true,"href":"https:\/\/linitiative.ca\/International\/wp-json\/wp\/v2\/users\/1816"}],"replies":[{"embeddable":true,"href":"https:\/\/linitiative.ca\/International\/wp-json\/wp\/v2\/comments?post=65949"}],"version-history":[{"count":0,"href":"https:\/\/linitiative.ca\/International\/wp-json\/wp\/v2\/posts\/65949\/revisions"}],"wp:attachment":[{"href":"https:\/\/linitiative.ca\/International\/wp-json\/wp\/v2\/media?parent=65949"}],"wp:term":[{"taxonomy":"category","embeddable":true,"href":"https:\/\/linitiative.ca\/International\/wp-json\/wp\/v2\/categories?post=65949"},{"taxonomy":"post_tag","embeddable":true,"href":"https:\/\/linitiative.ca\/International\/wp-json\/wp\/v2\/tags?post=65949"}],"curies":[{"name":"wp","href":"https:\/\/api.w.org\/{rel}","templated":true}]}}