{"id":65953,"date":"2019-10-29T15:50:02","date_gmt":"2019-10-29T19:50:02","guid":{"rendered":"https:\/\/linitiative.ca\/International\/la-rue-a-gagne-le-gouvernement-tombe-les-manifestants-jubilent\/"},"modified":"2019-10-29T15:50:02","modified_gmt":"2019-10-29T19:50:02","slug":"la-rue-a-gagne-le-gouvernement-tombe-les-manifestants-jubilent","status":"publish","type":"post","link":"https:\/\/linitiative.ca\/International\/la-rue-a-gagne-le-gouvernement-tombe-les-manifestants-jubilent\/","title":{"rendered":"\u00ab\u00a0La rue a gagn\u00e9!\u00a0\u00bb: le gouvernement tombe, les manifestants jubilent"},"content":{"rendered":"<div readability=\"32\">\n<p>Publi\u00e9 le 29.10.2019 \u00e0 20h50 par AFP<\/p>\n<\/div>\n<div readability=\"149\">\n<p>Les poings brandis en l\u2019air, entamant la danse traditionnelle de la dabk\u00e9 crach\u00e9e par les haut-parleurs, les manifestants ont c\u00e9l\u00e9br\u00e9 mardi dans les rues de tout le Liban la chute du gouvernement, leur premi\u00e8re grande victoire face \u00e0 un pouvoir honni.<\/p>\n<p>Brandissant des ballons rouges, blancs et verts aux couleurs du drapeau national, partout visibles dans la foule, des milliers de manifestants se sont rassembl\u00e9s sur une place de Tripoli.<\/p>\n<p>Bastion traditionnel du Premier ministre Saad Hariri, la grande ville sunnite du nord du Liban a laiss\u00e9 exploser sa joie imm\u00e9diatement apr\u00e8s l\u2019annonce de la d\u00e9mission du gouvernement.<\/p>\n<p>\u00ab\u00a0Aujourd\u2019hui, c\u2019est un grand exploit que la r\u00e9volution a r\u00e9alis\u00e9\u00a0\u00bb, exulte Mohamed, 32 ans, sur la place Al-Nour, o\u00f9 les manifestants restent mobilis\u00e9s depuis le 17 octobre pour r\u00e9clamer le renversement de toute la classe politique accus\u00e9e d\u2019incomp\u00e9tence et de corruption.<\/p>\n<p>Pour f\u00eater \u00e7a, on offre du caf\u00e9, des jus de fruit et des douceurs orientales. \u00ab\u00a0Merci Saad Hariri \u2026\u00a0\u00bb, peut-on lire sur une pancarte brandie par une femme.<\/p>\n<p>Dans un coin, des manifestants se font peindre sur les joues le mot \u00ab\u00a0r\u00e9volution\u00a0\u00bb ou le dessin d\u2019un c\u00e8dre, l\u2019embl\u00e8me du pays.<\/p>\n<p>Ailleurs dans les rues, des voitures appellent au m\u00e9gaphone les habitants \u00e0 se joindre \u00e0 la f\u00eate.<\/p>\n<p>Tripoli que l\u2019on croyait conservatrice a surpris depuis le d\u00e9but de la mobilisation, avec ses raves nocturnes qui n\u2019avaient rien \u00e0 envier \u00e0 celles des bo\u00eetes de nuit branch\u00e9es de Beyrouth.<\/p>\n<p>\u00ab\u00a0On va rester dans les rues jusqu\u2019\u00e0 ce que toutes nos demandes se concr\u00e9tise\u00a0\u00bb, avertit Mohamed.<\/p>\n<p>Car ce soir les slogans restent inchang\u00e9s: \u00ab\u00a0R\u00e9volution, r\u00e9volution!, \u00ab\u00a0Tous, \u00e7a veut dire tous\u00a0\u00bb, \u00ab\u00a0Le peuple veut la chute du r\u00e9gime\u00a0\u00bb.<\/p>\n<p>\u2013 Dabk\u00e9 endiabl\u00e9e \u2013<\/p>\n<p>\u00ab\u00a0Nous allons rester dans la rue, le plus important c\u2019est de faire tomber le pouvoir\u00a0\u00bb, rench\u00e9rit Obeida, un homme de 29 ans. \u00ab\u00a0Le pouvoir doit aller \u00e0 des gens qui ne font pas partie du s\u00e9rail politique\u00a0\u00bb.<\/p>\n<p>Tima Samir, 35 ans et maman de deux enfants, consid\u00e8re elle aussi que la bataille est loin d\u2019\u00eatre termin\u00e9e.<\/p>\n<p>\u00ab\u00a0Ce qu\u2019on veut, c\u2019est la chute de tout le syst\u00e8me politique\u00a0\u00bb, mart\u00e8le-t-elle.<\/p>\n<p>A 130 km plus au sud, la ville de Sa\u00efda, dont la famille Hariri est originaire, est aussi en f\u00eate.<\/p>\n<p>Epaule contre \u00e9paule, de jeunes gar\u00e7ons se sont lanc\u00e9s dans une dabk\u00e9 endiabl\u00e9e, tandis que d\u2019autres battent le tambour.<\/p>\n<p>\u00ab\u00a0D\u00e9sormais, nous pouvons dire que la rue a gagn\u00e9!\u00a0\u00bb, se f\u00e9licite Atef al-Abrik. \u00ab\u00a0La rue a forc\u00e9 le gouvernement \u00e0 d\u00e9missionner\u00a0\u00bb.<\/p>\n<p>C\u2019est la premi\u00e8re fois qu\u2019Ahed Madi voit sa ville natale ainsi.<\/p>\n<p>\u00ab\u00a0Cette joie, c\u2019est inhabituel pour Sa\u00efda. C\u2019est la premi\u00e8re fois qu\u2019on c\u00e9l\u00e8bre une d\u00e9mission\u00a0\u00bb, rit-il.<\/p>\n<p>Au c\u0153ur de Beyrouth, centre n\u00e9vralgique de la contestation, les c\u00e9l\u00e9brations sont d\u2019abord rest\u00e9es plus timides.<\/p>\n<p>Juste avant le discours du Premier ministre, devant le si\u00e8ge du gouvernement, des assaillants ont attaqu\u00e9 le principal site de rassemblement, d\u00e9truisant et incendiant les tentes \u00e9rig\u00e9es par les manifestants.<\/p>\n<p>Mais apr\u00e8s l\u2019allocution, la place des Martyrs et celle voisine de Riad el-Solh, se sont remplies.<\/p>\n<p>\u00ab\u00a0La prochaine \u00e9tape, c\u2019est la formation d\u2019un gouvernement de transition avec des ind\u00e9pendants\u00a0\u00bb, assure Gilles. \u00ab\u00a0La balle est dans le camp des politiques\u00a0\u00bb.<\/p>\n<\/div>\n<p>Auteur: AFP<br \/>\n<a href=\"https:\/\/www.journalducameroun.com\/la-rue-a-gagne-le-gouvernement-tombe-les-manifestants-jubilent\/\">Cliquez ici pour lire l&rsquo;article depuis sa source.<\/a><\/p>\n","protected":false},"excerpt":{"rendered":"<p>Publi\u00e9 le 29.10.2019 \u00e0 20h50 par AFP Les poings brandis en l\u2019air, entamant la danse traditionnelle de la dabk\u00e9 crach\u00e9e par les haut-parleurs, les manifestants ont c\u00e9l\u00e9br\u00e9 mardi dans les rues de tout le Liban la chute du gouvernement, leur premi\u00e8re grande victoire face \u00e0 un pouvoir honni. Brandissant des ballons rouges, blancs et verts [&hellip;]<\/p>\n","protected":false},"author":1965,"featured_media":0,"comment_status":"closed","ping_status":"closed","sticky":false,"template":"","format":"standard","meta":{"fifu_image_url":"","fifu_image_alt":"","footnotes":""},"categories":[73,82],"tags":[],"class_list":["post-65953","post","type-post","status-publish","format-standard","hentry","category-actualite","category-cameroun"],"_links":{"self":[{"href":"https:\/\/linitiative.ca\/International\/wp-json\/wp\/v2\/posts\/65953","targetHints":{"allow":["GET"]}}],"collection":[{"href":"https:\/\/linitiative.ca\/International\/wp-json\/wp\/v2\/posts"}],"about":[{"href":"https:\/\/linitiative.ca\/International\/wp-json\/wp\/v2\/types\/post"}],"author":[{"embeddable":true,"href":"https:\/\/linitiative.ca\/International\/wp-json\/wp\/v2\/users\/1965"}],"replies":[{"embeddable":true,"href":"https:\/\/linitiative.ca\/International\/wp-json\/wp\/v2\/comments?post=65953"}],"version-history":[{"count":0,"href":"https:\/\/linitiative.ca\/International\/wp-json\/wp\/v2\/posts\/65953\/revisions"}],"wp:attachment":[{"href":"https:\/\/linitiative.ca\/International\/wp-json\/wp\/v2\/media?parent=65953"}],"wp:term":[{"taxonomy":"category","embeddable":true,"href":"https:\/\/linitiative.ca\/International\/wp-json\/wp\/v2\/categories?post=65953"},{"taxonomy":"post_tag","embeddable":true,"href":"https:\/\/linitiative.ca\/International\/wp-json\/wp\/v2\/tags?post=65953"}],"curies":[{"name":"wp","href":"https:\/\/api.w.org\/{rel}","templated":true}]}}