{"id":65954,"date":"2019-10-29T15:50:07","date_gmt":"2019-10-29T19:50:07","guid":{"rendered":"https:\/\/linitiative.ca\/International\/lukraine-et-les-separatistes-font-reculer-leurs-troupes\/"},"modified":"2019-10-29T15:50:07","modified_gmt":"2019-10-29T19:50:07","slug":"lukraine-et-les-separatistes-font-reculer-leurs-troupes","status":"publish","type":"post","link":"https:\/\/linitiative.ca\/International\/lukraine-et-les-separatistes-font-reculer-leurs-troupes\/","title":{"rendered":"L\u2019Ukraine et les s\u00e9paratistes font reculer leurs troupes"},"content":{"rendered":"<div readability=\"32\">\n<p>Publi\u00e9 le 29.10.2019 \u00e0 20h50 par AFP<\/p>\n<\/div>\n<div readability=\"146\">\n<p>L\u2019Ukraine et les s\u00e9paratistes prorusses ont annonc\u00e9 mardi le d\u00e9but du retrait de leurs troupes dans un secteur cl\u00e9 de la ligne de front dans l\u2019est du pays, suscitant \u00e0 Kiev des craintes de \u00ab\u00a0capitulation\u00a0\u00bb face \u00e0 la Russie.<\/p>\n<p>Le recul des troupes dans trois petits secteurs de la ligne de front est une condition pr\u00e9alable pos\u00e9e par la Russie pour le d\u00e9roulement \u00e0 Paris d\u2019un sommet dit de format de Normandie et visant \u00e0 relancer le processus de paix.<\/p>\n<p>Repouss\u00e9e \u00e0 plusieurs reprises en raison des \u00e9changes de tirs dans cette zone, l\u2019op\u00e9ration a finalement commenc\u00e9 mardi pr\u00e8s de Zolot\u00e9, une localit\u00e9 de la r\u00e9gion orientale ukrainienne de Lougansk, sans aucune annonce pr\u00e9alable et sans la pr\u00e9sence de m\u00e9dias.<\/p>\n<p>\u00ab\u00a0Le processus de d\u00e9sengagement a commenc\u00e9 des deux c\u00f4t\u00e9s\u00a0\u00bb, a d\u00e9clar\u00e9 l\u2019arm\u00e9e ukrainienne dans un communiqu\u00e9.<\/p>\n<p>Cette information a \u00e9t\u00e9 confirm\u00e9e par les s\u00e9paratistes au pouvoir \u00e0 Lougansk et par l\u2019Organisation pour la s\u00e9curit\u00e9 et la coop\u00e9ration en Europe (OSCE), qui dispose d\u2019une mission d\u2019observation sur le terrain.<\/p>\n<p>\u00ab\u00a0Je pense que nous nous sommes fortement rapproch\u00e9s\u00a0\u00bb d\u2019un sommet \u00ab\u00a0dans le format de Normandie\u00a0\u00bb, a d\u00e9clar\u00e9 dans la soir\u00e9e \u00e0 l\u2019agence Interfax-Ukraine le pr\u00e9sident ukrainien Volodymyr Zelensky.<\/p>\n<p>Moscou a salu\u00e9 l\u2019annonce appelant \u00e0 entamer sans d\u00e9lai la m\u00eame op\u00e9ration \u00e0 Petrivsk\u00e9, dernier des trois secteurs concern\u00e9s. \u00ab\u00a0Apr\u00e8s quoi, sans perdre la vitesse, (il faut) lancer les pr\u00e9paratifs pour le sommet de Normandie\u00a0\u00bb, a d\u00e9clar\u00e9 Vladislav Sourkov, un conseiller de Vladimir Poutine, cit\u00e9 par l\u2019agence Tass.<\/p>\n<p>Le d\u00e9sengagement, cens\u00e9 durer trois jours, se traduit par l\u2019\u00e9loignement simultan\u00e9 d\u2019un kilom\u00e8tre de leurs positions actuelles des forces des bellig\u00e9rants, en vertu d\u2019un accord sign\u00e9 en 2016 mais qui n\u2019avait alors pas \u00e9t\u00e9 appliqu\u00e9.<\/p>\n<p>Pr\u00f4n\u00e9e par le pr\u00e9sident Zelensky, qui s\u2019empresse \u00e0 r\u00e9tablir la paix dans son pays depuis son \u00e9lection en avril, cette id\u00e9e a pourtant provoqu\u00e9 ces derni\u00e8res semaines de vives protestations \u00e0 Kiev, notamment dans les milieux patriotiques et parmi des anciens combattants de la guerre contre les s\u00e9paratistes.<\/p>\n<p>\u2013 Zelensky critiqu\u00e9 \u2013<\/p>\n<p>Une organisation nationaliste a m\u00eame d\u00e9ploy\u00e9 ses militants \u00e0 Zolot\u00e9 pour emp\u00eacher un \u00e9ventuel recul des troupes ukrainiennes.<\/p>\n<p>M. Zelensky s\u2019est \u00e0 plusieurs reprises rendu sur les lieux, en particulier deux jours la semaine derni\u00e8re. Il y a rencontr\u00e9 des militaires, des protestataires nationalistes et la population dont au moins une partie est oppos\u00e9e au recul des soldats ukrainiens, craignant que les s\u00e9paratistes ne s\u2019y substituent.<\/p>\n<p>\u00ab\u00a0Certains entretiens se sont av\u00e9r\u00e9s charg\u00e9s d\u2019\u00e9motions, mais je suis pr\u00eat \u00e0 continuer \u00e0 discuter et \u00e0 chercher l\u2019entente\u00a0\u00bb, a fait savoir M. Zelensky dans un communiqu\u00e9 samedi, \u00e0 l\u2019issue de ce d\u00e9placement. \u00ab\u00a0Nous devons chercher des voies pour mettre fin \u00e0 la guerre. Mais pas \u00e0 tout prix (\u2026) Aucune capitulation n\u2019aura lieu\u00a0\u00bb, a-t-il encore lanc\u00e9.<\/p>\n<p>Tous n\u2019ont pas \u00e9t\u00e9 convaincus.<\/p>\n<p>\u00ab\u00a0Les dirigeants ukrainiens acceptent toutes les conditions pos\u00e9es par le Kremlin\u00a0\u00bb pour obtenir une rencontre avec Vladimir Poutine, a accus\u00e9 sur Facebook la d\u00e9put\u00e9e prooccidentale Ivanna Klympouch-Tsyntsadz\u00e9. \u00ab\u00a0Ce n\u2019est pas une voie vers la paix mais une capitulation face au Kremlin\u00a0\u00bb.<\/p>\n<p>Un autre parlementaire prooccidental, la star du rock ukrainien Sviatoslav Vakartchouk a critiqu\u00e9 \u00ab\u00a0l\u2019erreur du pr\u00e9sident\u00a0\u00bb. \u00ab\u00a0Le recul des troupes sans respect du cessez-le-feu total de sept jours est inadmissible\u00a0\u00bb, a-t-il \u00e9crit sur Facebook, alors que le minist\u00e8re de la D\u00e9fense faisait encore samedi \u00e9tat de tirs s\u00e9paratistes \u00e0 Zolot\u00e9.<\/p>\n<p>A l\u2019appel d\u2019anciens combattants et des nationalistes, quelque 300 Ukrainiens ont protest\u00e9 dans la soir\u00e9e devant la pr\u00e9sidence contre le retrait des troupes en scandant: \u00ab\u00a0Non \u00e0 la capitulation!\u00a0\u00bb.<\/p>\n<p>L\u2019Ukraine est en proie depuis plus de cinq ans \u00e0 un conflit militaire avec les rebelles prorusses, soutenus par Moscou, qui a fait pr\u00e8s de 13.000 morts. Malgr\u00e9 une baisse consid\u00e9rable de l\u2019intensit\u00e9 des violences depuis des accords de paix en 2015, le processus de r\u00e8glement politique est au point mort.<\/p>\n<p>Les sommets de format de Normandie qui r\u00e9unissent les pr\u00e9sidents ukrainien, russe, fran\u00e7ais et la chanceli\u00e8re allemande sont paralys\u00e9s depuis 2016. Une nouvelle r\u00e9union des quatre dirigeants a \u00e9t\u00e9 annonc\u00e9e par la France pour septembre, mais n\u2019a jamais eu lieu. Mardi, Kiev a dit \u00ab\u00a0esp\u00e9rer\u00a0\u00bb qu\u2019elle pourrait se d\u00e9rouler en novembre.<\/p>\n<\/div>\n<p>Auteur: AFP<br \/>\n<a href=\"https:\/\/www.journalducameroun.com\/lukraine-et-les-separatistes-font-reculer-leurs-troupes\/\">Cliquez ici pour lire l&rsquo;article depuis sa source.<\/a><\/p>\n","protected":false},"excerpt":{"rendered":"<p>Publi\u00e9 le 29.10.2019 \u00e0 20h50 par AFP L\u2019Ukraine et les s\u00e9paratistes prorusses ont annonc\u00e9 mardi le d\u00e9but du retrait de leurs troupes dans un secteur cl\u00e9 de la ligne de front dans l\u2019est du pays, suscitant \u00e0 Kiev des craintes de \u00ab\u00a0capitulation\u00a0\u00bb face \u00e0 la Russie. Le recul des troupes dans trois petits secteurs de [&hellip;]<\/p>\n","protected":false},"author":1965,"featured_media":0,"comment_status":"closed","ping_status":"closed","sticky":false,"template":"","format":"standard","meta":{"fifu_image_url":"","fifu_image_alt":"","footnotes":""},"categories":[73,82],"tags":[],"class_list":["post-65954","post","type-post","status-publish","format-standard","hentry","category-actualite","category-cameroun"],"_links":{"self":[{"href":"https:\/\/linitiative.ca\/International\/wp-json\/wp\/v2\/posts\/65954","targetHints":{"allow":["GET"]}}],"collection":[{"href":"https:\/\/linitiative.ca\/International\/wp-json\/wp\/v2\/posts"}],"about":[{"href":"https:\/\/linitiative.ca\/International\/wp-json\/wp\/v2\/types\/post"}],"author":[{"embeddable":true,"href":"https:\/\/linitiative.ca\/International\/wp-json\/wp\/v2\/users\/1965"}],"replies":[{"embeddable":true,"href":"https:\/\/linitiative.ca\/International\/wp-json\/wp\/v2\/comments?post=65954"}],"version-history":[{"count":0,"href":"https:\/\/linitiative.ca\/International\/wp-json\/wp\/v2\/posts\/65954\/revisions"}],"wp:attachment":[{"href":"https:\/\/linitiative.ca\/International\/wp-json\/wp\/v2\/media?parent=65954"}],"wp:term":[{"taxonomy":"category","embeddable":true,"href":"https:\/\/linitiative.ca\/International\/wp-json\/wp\/v2\/categories?post=65954"},{"taxonomy":"post_tag","embeddable":true,"href":"https:\/\/linitiative.ca\/International\/wp-json\/wp\/v2\/tags?post=65954"}],"curies":[{"name":"wp","href":"https:\/\/api.w.org\/{rel}","templated":true}]}}