{"id":65956,"date":"2019-10-29T11:35:18","date_gmt":"2019-10-29T15:35:18","guid":{"rendered":"https:\/\/linitiative.ca\/International\/le-president-camerounais-permet-de-reorganiser-nexttel-pour-les-vietnamiens\/"},"modified":"2019-10-29T11:35:18","modified_gmt":"2019-10-29T15:35:18","slug":"le-president-camerounais-permet-de-reorganiser-nexttel-pour-les-vietnamiens","status":"publish","type":"post","link":"https:\/\/linitiative.ca\/International\/le-president-camerounais-permet-de-reorganiser-nexttel-pour-les-vietnamiens\/","title":{"rendered":"Le pr\u00e9sident Camerounais permet de r\u00e9organiser NEXTTEL pour les Vietnamiens"},"content":{"rendered":"<p>S\u2019achemine-t-on vers la fin de la r\u00e9solution de la crise au sein de <strong>NEXTTEL<\/strong> Cameroun\u00a0? C\u2019est du moins ce que laissent penser certaines informations recueillies aupr\u00e8s de diverses sources proches du dossier. Selon ces derni\u00e8res, le gouvernement vietnamien, sera repr\u00e9sent\u00e9 \u00e0 Yaound\u00e9 par le vice-Premier ministre <strong>Vuong Dinh Hue<\/strong> afin de r\u00e9soudre le conflit qui oppose les actionnaires de cette soci\u00e9t\u00e9.\u00a0 Cette visite, indique-t-on, devrait \u00eatre l\u2019occasion choisie par <strong>Paul Biya<\/strong> de prendre une d\u00e9cision permettant aux Vietnamiens de revenir au sein de l\u2019instance dirigeante de cet op\u00e9rateur de t\u00e9l\u00e9coms. En ordonnant, entre autres, de mettre en application les recommandations \u00e9dict\u00e9es par le comit\u00e9 interminist\u00e9riel.<\/p>\n<p>Apr\u00e8s plus d\u2019un an de divergences entre les deux associ\u00e9s de l\u2019entreprise, que sont <strong>Bestcam<\/strong> et <strong>Viettel Global<\/strong>, le comit\u00e9 interminist\u00e9riel, pr\u00e9sid\u00e9 par le Premier ministre camerounais <strong>Joseph Dion Ngute,<\/strong> a tenu de nombreuses r\u00e9unions et r\u00e9alis\u00e9 des enqu\u00eates ind\u00e9pendantes au terme desquelles se d\u00e9gage une liste de 22 recommandations approuv\u00e9es en juillet 2019. Elles traitaient directement de la question des ressources humaines vietnamiennes et du r\u00f4le de Viettel Global dans la coentreprise.<\/p>\n<p>Le conflit au sein de NEXTTEL Cameroun est en tout cas suivi depuis plusieurs mois par le pr\u00e9sident camerounais. Peu apr\u00e8s la divulgation des informations sur les litiges dans la coentreprise NEXTTEL entre les deux partenaires, l\u2019envoy\u00e9 sp\u00e9cial <strong>Quoc Cuong<\/strong>, du gouvernement vietnamien va conduire une d\u00e9l\u00e9gation au Cameroun en mai 2019, dans le but de trouver rapidement les diverses orientations de solutions. Par la suite, <strong>Paul Biya<\/strong> charge personnellement le Premier ministre de rechercher et de trouver des propositions pour r\u00e9gler le litige. Dans cette perspective, le comit\u00e9 interminist\u00e9riel est cr\u00e9\u00e9 et va se r\u00e9unir \u00e0 plusieurs reprises pour organiser et mener des enqu\u00eates ind\u00e9pendantes.<\/p>\n<p>En fin juillet 2019, le comit\u00e9 rend une copie dans laquelle sont contenues 22 recommandations en vue de la r\u00e9solution de la discorde. Ces recommandations sont approuv\u00e9es par <strong>Joseph Dion Ngute<\/strong>, et font ensuite l\u2019objet d\u2019un rapport complet au chef de l\u2019Etat. Principalement sur cette liste, il y a deux propositions qui traitent directement de la question des ressources humaines vietnamiennes dans la coentreprise. Le Comit\u00e9 interminist\u00e9riel recommande ainsi que le personnel vietnamien emp\u00each\u00e9 par Bestcam de travailler, retrouve son titre, son poste, ainsi que ses droits et avantages sociaux.<\/p>\n<p>Cela ne sera pas le cas. Bien que Viettel Global ait souvent fait preuve de bonne volont\u00e9 pour une r\u00e9solution du conflit sans heurts, Bestcam va s\u2019employer \u00e0 emp\u00eacher l\u2019application desdites recommandations. Entre temps, elle est accus\u00e9e par son partenaire de manipuler des entreprises communes lors de la collecte du produit de vente sur des comptes personnels, retarder les paiements aux partenaires et nommer de mani\u00e8re arbitraire du personnel pour des postes importants. Par ailleurs, Bestcam s\u2019est aussi inscrit aux abonn\u00e9s absents lors de nombreuses r\u00e9unions convoqu\u00e9es par le Premier ministre. Plus grave encore, une campagne m\u00e9diatique destin\u00e9e \u00e0 discr\u00e9diter le r\u00f4le du gouvernement dans la r\u00e9solution \u00e0 l\u2019amiable de la crise va \u00eatre organis\u00e9e.<\/p>\n<p><strong>Mouvement fort et intransigeant du gouvernement du Cameroun<\/strong><\/p>\n<p>Ignorant tout cela, le gouvernement d\u00e9cide alors de se d\u00e9signer comme un repr\u00e9sentant\u00a0 pleinement habilit\u00e9 \u00e0 traiter et \u00e0 prendre la d\u00e9cision finale. Un signal fort qui montre que l\u2019Etat camerounais prend la pleine mesure de la situation actuelle du conflit, et r\u00e9affirme ainsi son intention de garantir les droits l\u00e9gaux de Viettel Global qui, il faut le rappeler, reste actionnaire majoritaire de NEXTTEL avec plus de 70% des parts de l\u2019entreprise. Selon plusieurs avis, la solution ad\u00e9quate pour une sortie de crise consiste \u00e0 laisser d\u2019autres entreprises locales acqu\u00e9rir des actions enti\u00e8res de Bestcam en vertu du droit camerounais. Cette solution doit \u00eatre envisag\u00e9e, d\u00e9cid\u00e9e afin d\u2019obtenir rapidement une approbation dans les trois prochains mois.<\/p>\n<p>Selon les estimations du minist\u00e8re des Postes et t\u00e9l\u00e9communications (MINPOSTEL) et de l\u2019Agence de r\u00e9gulation des t\u00e9l\u00e9communications (ART) la coentreprise NEXTTEL pourrait s\u2019effondrer dans un d\u00e9lai de six mois si la situation persiste. L\u2019effondrement de l\u2019op\u00e9rateur aura de nombreuses cons\u00e9quences impr\u00e9visibles tant sur le plan financier que sur celui de l\u2019investissement, des activit\u00e9s sociales ou de la diplomatie. Et si \u00e7a d\u00e9g\u00e9n\u00e8re, un proc\u00e8s devant la cour internationale d\u2019arbitrage de Singapour sera in\u00e9vitable.<\/p>\n<p><strong>D\u00e9cision importante concernant la gestion de la coentreprise<\/strong><\/p>\n<p>Les derni\u00e8res informations font \u00e9tat de ce qu\u2019apr\u00e8s plus de trois mois de blocus, (jusqu\u2019en octobre 2019), le pr\u00e9sident camerounais va rendre une d\u00e9cision officielle autorisant les employ\u00e9s de Viettel Global \u00e0 revenir et \u00e0 exploiter l\u2019entreprise commune. Cette d\u00e9cision a \u00e9t\u00e9 identifi\u00e9e comme un geste clair fond\u00e9 sur le droit. Il confirmera le droit l\u00e9gitime des partenaires vietnamiens, garantira le droit des travailleurs \u00e9trangers et des populations locales gr\u00e2ce au r\u00e9tablissement du service de t\u00e9l\u00e9communication apr\u00e8s les nombreux risques caus\u00e9s par ce conflit prolong\u00e9.<\/p>\n<p>C\u2019est dans ce cadre que, du 1<sup>er<\/sup> au 3 novembre 2019, le vice-Premier ministre vietnamien <strong>Vuong Dinh Hue<\/strong> va effectuer une visite officielle au Cameroun. C\u2019est une visite diplomatique importante dont les discussions porteront sur deux principales questions : la coop\u00e9ration bilat\u00e9rale Cameroun-Vietnam et les d\u00e9cisions li\u00e9es au r\u00e8glement des diff\u00e9rends au sein de NEXTTEL. Au regard de la pr\u00e9paration minutieuse de cette rencontre diplomatique, il est clair qu\u2019il s\u2019agit d\u2019une action forte qui t\u00e9moigne de l\u2019attention particuli\u00e8re du gouvernement vietnamien \u00e0 la situation de NEXTTEL. L\u2019Etat vietnamien consid\u00e8re qu\u2019il ne s\u2019agit pas non seulement d\u2019un diff\u00e9rend qui entra\u00eene de simples pertes financi\u00e8res, mais qui a \u00e9galement des impacts n\u00e9gatifs importants sur la soci\u00e9t\u00e9, le peuple camerounais et la coop\u00e9ration diplomatique entre les deux pays.<\/p>\n<p><strong>Effets impr\u00e9visibles<\/strong><\/p>\n<p>Il faut en tout cas lever ces contraintes qui pourraient cr\u00e9er des effets impr\u00e9visibles li\u00e9s \u00e0 l\u2019interruption de l\u2019exploitation de NEXTTEL et affecteraient de nombreux services ainsi que des activit\u00e9s de la vie sociale.\u00a0 Le diff\u00e9rend au sein de la coentreprise, qui d\u00e9coule de l\u2019inconduite de Bestcam, a non seulement entra\u00een\u00e9 des pertes financi\u00e8res, mais a \u00e9galement de nombreuses r\u00e9percussions sur l\u2019ensemble de la cha\u00eene logistique des services de t\u00e9l\u00e9communication. La p\u00e9riode la plus typique du diff\u00e9rend est septembre 2018, lorsque tous les Vietnamiens perdent le droit de participer \u00e0 la coentreprise. Apr\u00e8s cela, la gestion de la soci\u00e9t\u00e9 est rapidement devenue chaotique, ce qui a entra\u00een\u00e9 le blocage des syst\u00e8mes op\u00e9rationnels. Le manque de ressources humaines pour contr\u00f4ler et maintenir le syst\u00e8me, car la qualit\u00e9 du signal, devenue trop souvent encombr\u00e9e dans de nombreuses r\u00e9gions. Plus grave, une s\u00e9rie de pannes de service dans les r\u00e9gions<br \/>de la partie nord du pays ont eu lieu de mani\u00e8re simultan\u00e9e sur plusieurs jours, ou ont \u00e9t\u00e9 totalement absentes du support des clients par le biais des<br \/>canaux de vente. Ces interruptions directes et indirectes ont caus\u00e9 de<br \/>nombreux torts aux activit\u00e9s sociales quotidiennes et aux activit\u00e9s de<br \/>communication dans de nombreux autres domaines.<strong>\u00a0 \u00a0 \u00a0 \u00a0 \u00a0 \u00a0 \u00a0 \u00a0 \u00a0 \u00a0 \u00a0 \u00a0 \u00a0 \u00a0 \u00a0 \u00a0 \u00a0<\/strong><\/p>\n<table class=\"c5\" border=\"1\">\n<tbody readability=\"7\">\n<tr readability=\"15.5\">\n<td class=\"c4\" readability=\"6\">\n<p class=\"c2\"><strong>\u00a0 \u00a0 \u00a0 \u00a0 \u00a0 \u00a0 \u00a0 \u00a0 \u00a0 \u00a0 \u00a0 \u00a0 \u00a0 \u00a0 \u00a0 \u00a0 \u00a0 \u00a0 \u00a0 \u00a0 \u00a0 \u00a0 \u00a0D\u00c9VELOPPEMENT DES LITIGES \u00c0 NEXTTEL<\/strong><\/p>\n<ul>\n<li class=\"c3\"><strong>D\u00e9cembre 2012 :<\/strong> signature du contrat de franchise de fourniture de services de t\u00e9l\u00e9communication et de t\u00e9l\u00e9phonie mobile. La coentreprise NEXTTEL est cr\u00e9\u00e9e avec deux parties : l\u2019investisseur principal Viettel Global (d\u00e9tenant 70% des actions) et le partenaire local Bestcam (d\u00e9tenant 30% des actions).<\/li>\n<li class=\"c3\"><strong>2014 :<\/strong> des litiges commencent \u00e0 se produire lorsque Bestcam se rnd coupable de nombreuses inconduites, telles que la modification arbitraire de la charte des actionnaires pour supprimer le pouvoir d\u00e9cisionnel du directeur g\u00e9n\u00e9ral, le contr\u00f4le unilat\u00e9ral de la situation financi\u00e8re, de la position de direction et de la responsabilit\u00e9 de signature des associ\u00e9s.<\/li>\n<li class=\"c3\"><strong>Novembre 2018<\/strong> : le diff\u00e9rend devient maximum. Bestcam interdit aux Vietnamiens d\u2019aller en compagnie pour travailler. <strong>M. Baba Danpullo<\/strong> a \u00e9galement envoy\u00e9 une lettre au ministre du Travail afin d\u2019intervenir pleinement dans l\u2019octroi de permis de travail aux Vietnamiens.<\/li>\n<li class=\"c3\"><strong>Mars 2019 :<\/strong> le Premier ministre camerounais a mis en place un comit\u00e9 interminist\u00e9riel sur la base des instructions du pr\u00e9sident apr\u00e8s avoir entendu un rapport sur le conflit entre les deux partenaires, Viettel Global et Bestcam.<\/li>\n<li class=\"c3\"><strong>Mai 2019 :<\/strong> une d\u00e9l\u00e9gation diplomatique repr\u00e9sentant le gouvernement du Vietnam, dirig\u00e9e par l\u2019envoy\u00e9 sp\u00e9cial <strong>Quoc Cuong<\/strong>, s\u2019est officiellement rendue au Cameroun pour une visite de travail afin de r\u00e9soudre le diff\u00e9rend \u00e0 Nexttel. Au cours de cette m\u00eame p\u00e9riode, le comit\u00e9 interminist\u00e9riel a organis\u00e9 de nombreuses r\u00e9unions et enqu\u00eates ind\u00e9pendantes avec les parties prenantes.<\/li>\n<li class=\"c3\"><strong>Juillet 2019<\/strong> : le comit\u00e9 interminist\u00e9riel parvient \u00e0 la conclusion finale,\u00a0prouvant les erreurs de Bestcam dans les activit\u00e9s de coentreprise. Dans le m\u00eame temps, la liste comprenant 22 recommandations avait \u00e9t\u00e9 approuv\u00e9e par le Premier ministre du Cameroun et int\u00e9gralement rapport\u00e9e au pr\u00e9sident.<\/li>\n<li class=\"c3\"><strong>Pr\u00e9vu en novembre 2019 :<\/strong> le gouvernement vietnamien dirig\u00e9 par le vice-Premier ministre <strong>Vuong Dinh Hue<\/strong> repr\u00e9sentera le gouvernement vietnamien et se rendra officiellement au Cameroun pour r\u00e9soudre le conflit \u00e0 NEXTTEL.<\/li>\n<\/ul>\n<\/td>\n<\/tr>\n<\/tbody>\n<\/table>\n<p><strong>Dommages en termes de diplomatie et de commerce international<\/strong><\/p>\n<p>Sur le plan diplomatique et du commerce international, les r\u00e9percussions sont \u00e9galement importantes. Bestcam est d\u00e9sormais reconnu comme un partenaire local risqu\u00e9 pour toute autre activit\u00e9 de coentreprise. Si les d\u00e9saccords avec Nexttel continuaient \u00e0 retarder le r\u00e8glement, ce serait les pr\u00e9mices d\u2019une perte de confiance de potentiels investisseurs en l\u2019Etat camerounais. Ils ne pourront plus s\u2019associer en toute qui\u00e9tude avec des acteurs locaux. Au fur et \u00e0 mesure que des projets sont mis en \u0153uvre, les investisseurs vont progressivement envisager de retirer leurs fonds, craignant d\u2019\u00eatre manipul\u00e9s sans \u00eatre prot\u00e9g\u00e9s par le gouvernement. Au cours de la longue p\u00e9riode de relations diplomatiques, cet impact n\u00e9gatif a affect\u00e9 la capacit\u00e9 \u00e0 attirer des investissements au Cameroun. Par cons\u00e9quent, le retour des Vietnamiens pour participer \u00e0 la coentreprise Nexttel peut \u00e9galement \u00eatre interpr\u00e9t\u00e9 comme une annonce positive du pr\u00e9sident camerounais et de son engagement \u00e0 prot\u00e9ger pleinement les int\u00e9r\u00eats de tous les partenaires\u00a0; reconstruisant ainsi une bonne image aux yeux des partenaires internationaux.<\/p>\n<div class=\"rpbt_shortcode\">\n<h3>Voir aussi :<\/h3>\n<\/div>\n<div class=\"about-author about-author-box container-wrapper\">\n<div class=\"author-avatar\">\n<p><img decoding=\"async\" src=\"http:\/\/\" alt=\"\"\/><\/p>\n<\/div>\n<p><h4>La R\u00e9daction EcoMatin<\/h4>\n<\/p>\n<\/div>\n<div class=\"awac-wrapper awac widget blog_subscription-2\">\n<h4 class=\"widget-title\">Abonnez-vous \u00e0 notre lettre d&rsquo;information<\/h4>\n<\/div>\n<p>Auteur: EcoMatin<br \/>\n<a href=\"https:\/\/ecomatin.net\/affaire-nexttel-le-president-du-cameroun-permet-de-reorganiser-nexttel-pour-les-vietnamiens\/\">Cliquez ici pour lire l&rsquo;article depuis sa source.<\/a><\/p>\n","protected":false},"excerpt":{"rendered":"<p>S\u2019achemine-t-on vers la fin de la r\u00e9solution de la crise au sein de NEXTTEL Cameroun\u00a0? C\u2019est du moins ce que laissent penser certaines informations recueillies aupr\u00e8s de diverses sources proches du dossier. Selon ces derni\u00e8res, le gouvernement vietnamien, sera repr\u00e9sent\u00e9 \u00e0 Yaound\u00e9 par le vice-Premier ministre Vuong Dinh Hue afin de r\u00e9soudre le conflit qui [&hellip;]<\/p>\n","protected":false},"author":1969,"featured_media":0,"comment_status":"closed","ping_status":"closed","sticky":false,"template":"","format":"standard","meta":{"fifu_image_url":"","fifu_image_alt":"","footnotes":""},"categories":[82,78],"tags":[],"class_list":["post-65956","post","type-post","status-publish","format-standard","hentry","category-cameroun","category-economie"],"_links":{"self":[{"href":"https:\/\/linitiative.ca\/International\/wp-json\/wp\/v2\/posts\/65956","targetHints":{"allow":["GET"]}}],"collection":[{"href":"https:\/\/linitiative.ca\/International\/wp-json\/wp\/v2\/posts"}],"about":[{"href":"https:\/\/linitiative.ca\/International\/wp-json\/wp\/v2\/types\/post"}],"author":[{"embeddable":true,"href":"https:\/\/linitiative.ca\/International\/wp-json\/wp\/v2\/users\/1969"}],"replies":[{"embeddable":true,"href":"https:\/\/linitiative.ca\/International\/wp-json\/wp\/v2\/comments?post=65956"}],"version-history":[{"count":0,"href":"https:\/\/linitiative.ca\/International\/wp-json\/wp\/v2\/posts\/65956\/revisions"}],"wp:attachment":[{"href":"https:\/\/linitiative.ca\/International\/wp-json\/wp\/v2\/media?parent=65956"}],"wp:term":[{"taxonomy":"category","embeddable":true,"href":"https:\/\/linitiative.ca\/International\/wp-json\/wp\/v2\/categories?post=65956"},{"taxonomy":"post_tag","embeddable":true,"href":"https:\/\/linitiative.ca\/International\/wp-json\/wp\/v2\/tags?post=65956"}],"curies":[{"name":"wp","href":"https:\/\/api.w.org\/{rel}","templated":true}]}}