{"id":65958,"date":"2019-10-29T13:21:17","date_gmt":"2019-10-29T17:21:17","guid":{"rendered":"https:\/\/linitiative.ca\/International\/la-fecafoot-sexplique-sur-les-equipements-des-lions-indomptables\/"},"modified":"2019-10-29T13:21:17","modified_gmt":"2019-10-29T17:21:17","slug":"la-fecafoot-sexplique-sur-les-equipements-des-lions-indomptables","status":"publish","type":"post","link":"https:\/\/linitiative.ca\/International\/la-fecafoot-sexplique-sur-les-equipements-des-lions-indomptables\/","title":{"rendered":"La FECAFOOT s\u2019explique sur les \u00e9quipements des Lions indomptables"},"content":{"rendered":"<p>Le ministre des Sports et de l\u2019Education physique, <strong>Narcisse Mouelle Kombi<\/strong> a officiellement fait le constat selon lequel les \u00e9quipes nationales de football du Cameroun continuent d\u2019arborer la marque allemande <em>Puma<\/em> sur leurs \u00e9quipements au d\u00e9triment du <em>Coq sportif<\/em>. Par correspondance, en date du 24 octobre 2019, il indiquait \u00e0 <strong>Seidou Mbombo Njoya,<\/strong> pr\u00e9sident de la F\u00e9d\u00e9ration camerounaise de Football (<strong>FECAFOOT<\/strong>) qu<em>\u2019\u00ab On observe lors des matches officiels ou des s\u00e9ances d\u2019entrainement pour certaines, une tenue vestimentaire sur laquelle est appos\u00e9 le logo de la marque Le Coq sportif, et pour d\u2019autres celui de la marque\u00a0Puma\u00a0\u00bb<\/em>. Et \u00e0 cela, le Minsep attendait des clarifications qui du moins viennent d\u2019\u00eatre apport\u00e9es par le pr\u00e9sident de l\u2019instance fa\u00eeti\u00e8re du football.<\/p>\n<p><strong>Seidou Mbombo Njoya,<\/strong> dans un entretien accord\u00e9 \u00e0 la CRTV ne nie pas les faits. Selon lui, <em>\u00ab les termes du contrat final sont d\u00e9j\u00e0 arr\u00eat\u00e9s et ont re\u00e7u la validation n\u00e9cessaire\u00a0\u00bb.<\/em> Il se trouve simplement que leurs agendas respectifs, le coq sportif et nous, ne nous ont pas permis d\u2019organiser la c\u00e9r\u00e9monie protocolaire de signature. <em>\u00ab<\/em>Mais nous avons une exigence c\u2019est qu\u2019elle ait lieu \u00e0 Yaound\u00e9\u00a0\u00bb.<\/p>\n<p>A en croire le pr\u00e9sident de la Fecafoot, les probl\u00e8mes de d\u00e9lais des livraisons sont \u00e0 l\u2019origine de la situation de disette que connait la Fecafoot. <em>\u00ab\u00a0Vu le calendrier des comp\u00e9titions tr\u00e8s charg\u00e9 que nous avions, notamment deux coupes du monde et trois comp\u00e9titions africaines, il a fallu pour le Coq sportif de revoir toutes les commandes annuelles pr\u00e9vues pour nous satisfaire. Ce qui n\u2019a pas \u00e9t\u00e9 chose facile. Aujourd\u2019hui, nous avons retrouv\u00e9 une cadence normale de livraison. En effet, d\u2019ici la fin de l\u2019ann\u00e9e, nous allons recevoir l\u2019allocation annuelle pr\u00e9vue \u00bb.<\/em><\/p>\n<p>En attendant, les s\u00e9lections nationales continuent d\u2019arborer les \u00e9quipements marqu\u00e9s <em>\u00ab\u00a0Puma\u00a0\u00bb<\/em> avec l\u2019autorisation du Coq sportif <em>\u00ab pour pallier le d\u00e9ficit, les \u00e9quipement Puma, en stock ont \u00e9t\u00e9 mis \u00e0 contribution. Avant la rupture de contrat avec Puma, nous avons re\u00e7u de ce dernier, une derni\u00e8re grosse livraison, et vue la situation, nous avons d\u00e9cid\u00e9 d\u2019utiliser ces \u00e9quipements, dans la mesure de nos besoins, en dehors des matches de comp\u00e9tition\u00a0\u00bb<\/em>, rassure <strong>Seidou Mbombo Njoya.<\/strong><\/p>\n<div class=\"about-author about-author-box container-wrapper\">\n<div class=\"author-avatar\">\n<p><img decoding=\"async\" src=\"http:\/\/\" alt=\"\"\/><\/p>\n<\/div>\n<p><h4>La R\u00e9daction EcoMatin<\/h4>\n<\/p>\n<\/div>\n<div class=\"awac-wrapper awac widget blog_subscription-2\">\n<h4 class=\"widget-title\">Abonnez-vous \u00e0 notre lettre d&rsquo;information<\/h4>\n<\/div>\n<p>Auteur: EcoMatin<br \/>\n<a href=\"https:\/\/ecomatin.net\/la-fecafoot-sexplique-sur-les-equipements-des-lions-indomptables\/\">Cliquez ici pour lire l&rsquo;article depuis sa source.<\/a><\/p>\n","protected":false},"excerpt":{"rendered":"<p>Le ministre des Sports et de l\u2019Education physique, Narcisse Mouelle Kombi a officiellement fait le constat selon lequel les \u00e9quipes nationales de football du Cameroun continuent d\u2019arborer la marque allemande Puma sur leurs \u00e9quipements au d\u00e9triment du Coq sportif. Par correspondance, en date du 24 octobre 2019, il indiquait \u00e0 Seidou Mbombo Njoya, pr\u00e9sident de [&hellip;]<\/p>\n","protected":false},"author":1969,"featured_media":0,"comment_status":"closed","ping_status":"closed","sticky":false,"template":"","format":"standard","meta":{"fifu_image_url":"","fifu_image_alt":"","footnotes":""},"categories":[82,78],"tags":[],"class_list":["post-65958","post","type-post","status-publish","format-standard","hentry","category-cameroun","category-economie"],"_links":{"self":[{"href":"https:\/\/linitiative.ca\/International\/wp-json\/wp\/v2\/posts\/65958","targetHints":{"allow":["GET"]}}],"collection":[{"href":"https:\/\/linitiative.ca\/International\/wp-json\/wp\/v2\/posts"}],"about":[{"href":"https:\/\/linitiative.ca\/International\/wp-json\/wp\/v2\/types\/post"}],"author":[{"embeddable":true,"href":"https:\/\/linitiative.ca\/International\/wp-json\/wp\/v2\/users\/1969"}],"replies":[{"embeddable":true,"href":"https:\/\/linitiative.ca\/International\/wp-json\/wp\/v2\/comments?post=65958"}],"version-history":[{"count":0,"href":"https:\/\/linitiative.ca\/International\/wp-json\/wp\/v2\/posts\/65958\/revisions"}],"wp:attachment":[{"href":"https:\/\/linitiative.ca\/International\/wp-json\/wp\/v2\/media?parent=65958"}],"wp:term":[{"taxonomy":"category","embeddable":true,"href":"https:\/\/linitiative.ca\/International\/wp-json\/wp\/v2\/categories?post=65958"},{"taxonomy":"post_tag","embeddable":true,"href":"https:\/\/linitiative.ca\/International\/wp-json\/wp\/v2\/tags?post=65958"}],"curies":[{"name":"wp","href":"https:\/\/api.w.org\/{rel}","templated":true}]}}