{"id":65959,"date":"2019-10-29T13:36:00","date_gmt":"2019-10-29T17:36:00","guid":{"rendered":"https:\/\/linitiative.ca\/International\/paul-biya-et-lambassadeur-de-suisse-parlent-de-la-gestion-du-port-de-douala\/"},"modified":"2019-10-29T13:36:00","modified_gmt":"2019-10-29T17:36:00","slug":"paul-biya-et-lambassadeur-de-suisse-parlent-de-la-gestion-du-port-de-douala","status":"publish","type":"post","link":"https:\/\/linitiative.ca\/International\/paul-biya-et-lambassadeur-de-suisse-parlent-de-la-gestion-du-port-de-douala\/","title":{"rendered":"Paul Biya et l\u2019ambassadeur de Suisse parlent de la gestion du Port de Douala"},"content":{"rendered":"<p>Au cours de la rencontre entre les deux personnalit\u00e9s, le pl\u00e9nipotentiaire suisse a remis au chef de l\u2019Etat <em>\u00ab\u2009un pli ferm\u00e9 du pr\u00e9sident de la Conf\u00e9d\u00e9ration suisse, Ueli Maurer\u2009\u00bb<\/em>. Aucun d\u00e9tail n\u2019a \u00e9t\u00e9 relev\u00e9 sur l\u2019objet de cette <em>\u00ab\u00a0lettre sp\u00e9ciale\u00a0\u00bb<\/em>. Mais, le diplomate suisse a fait savoir que les \u00e9changes avec le pr\u00e9sident de la R\u00e9publique ont port\u00e9 sur des questions sociopolitique et \u00e9conomique. Sur le volet \u00e9conomique, l\u2019\u00e9l\u00e9ment majeur est la situation au port de Douala-Bonab\u00e9ri. <em>\u00ab\u00a0Nous avons discut\u00e9 du r\u00f4le des entreprises suisses, en particulier du groupe Mediterranean Shipping Compagny (<strong>MSC<\/strong>), dans le cadre du terminal \u00e0 conteneurs\u00a0\u00bb,<\/em> a-t-il simplement indiqu\u00e9. Ajoutant que les entreprises de son pays entendent continuer \u00e0 travailler au Cameroun <em>\u00ab\u00a0avec efficience et performance\u00a0\u00bb<\/em> en vue d\u2019\u0153uvrer au d\u00e9veloppement du pays.<\/p>\n<p>Cette concertation avec <strong>Pietro Lazzeri<\/strong> arrive apr\u00e8s une visite de deux effectu\u00e9e au Cameroun par <strong>Jean-Yves Le Drian<\/strong>, ministre fran\u00e7ais de l\u2019Europe et des Affaires \u00e9trang\u00e8res. Il a \u00e9t\u00e9 re\u00e7u au palais de l\u2019Unit\u00e9 le 23 octobre 2019 pour parler, entre autres, de la coop\u00e9ration bilat\u00e9rale entre le Cameroun et la France. \u00a0A l\u2019issue de sa visite, la pr\u00e9sidence a d\u00e9cid\u00e9 de <em>suspendre \u00ab la proc\u00e9dure de passation de la concession du terminal \u00e0 conteneurs du Port de Douala-Bonab\u00e9ri\u2009\u00bb.<\/em> Ceci en attendant \u00ab\u2009les conclusions d\u00e9finitives de l\u2019affaire Soci\u00e9t\u00e9 <strong>APM Terminals BV et Bollor\u00e9 SA<\/strong> contre Port autonome de Douala, pendante au tribunal administratif du Littoral \u00e0 Douala\u2009\u00bb.<\/p>\n<p>Pour les observateurs, ce nouveau revirement est per\u00e7u comme un soutient de Paul Biya au groupe Bollor\u00e9. Le 12 septembre, l\u2019entreprise fran\u00e7aise avait adress\u00e9 un courrier au chef de l\u2019Etat dans lequel elle lui demandait d\u2019intervenir dans le dossier du renouvellement de la concession portuaire du Terminal \u00e0 conteneurs de Douala-Bonaberi.<\/p>\n<p>De plus, la d\u00e9cision pr\u00e9sidentielle va dans le sens de la filiale locale du groupe Bollor\u00e9 <strong>Douala International Terminal (DIT<\/strong>), concessionnaire sortant. Elle avait d\u00e9j\u00e0 sollicit\u00e9 et obtenu une ordonnance judiciaire de suspension de la proc\u00e9dure d\u2019attribution. Une \u00e9tape qui, selon le PAD, ne l\u2019emp\u00eachait pas de poursuivre le processus du fait de son recours introduit au niveau de la Cour supr\u00eame du Cameroun. C\u2019est donc d\u00e9sormais sur la sc\u00e8ne diplomatique que se jouera l\u2019avenir du port de Douala. D\u2019un c\u00f4t\u00e9, le Fran\u00e7ais Bollor\u00e9 surfant sur des relations privil\u00e9gi\u00e9es avec le pouvoir de Yaound\u00e9. Et de l\u2019autre, Terminal Invest Limited (<strong>TIL<\/strong>), filiale du groupe italo-suisse MSC, qui devrait en principe b\u00e9n\u00e9ficier lui aussi des bonnes gr\u00e2ces du pr\u00e9sident camerounais. Depuis son accession au pouvoir en 1982 en effet, Paul Biya est r\u00e9gulier en terres helv\u00e9tiques pour ses \u00ab courts s\u00e9jours priv\u00e9s \u00bb.<\/p>\n<div class=\"about-author about-author-box container-wrapper\">\n<div class=\"author-avatar\">\n<p><img decoding=\"async\" src=\"http:\/\/\" alt=\"\"\/><\/p>\n<\/div>\n<p><h4>La R\u00e9daction EcoMatin<\/h4>\n<\/p>\n<\/div>\n<div class=\"awac-wrapper awac widget blog_subscription-2\">\n<h4 class=\"widget-title\">Abonnez-vous \u00e0 notre lettre d&rsquo;information<\/h4>\n<\/div>\n<p>Auteur: EcoMatin<br \/>\n<a href=\"https:\/\/ecomatin.net\/paul-biya-et-lambassadeur-de-suisse-parlent-de-la-gestion-du-port-de-douala\/\">Cliquez ici pour lire l&rsquo;article depuis sa source.<\/a><\/p>\n","protected":false},"excerpt":{"rendered":"<p>Au cours de la rencontre entre les deux personnalit\u00e9s, le pl\u00e9nipotentiaire suisse a remis au chef de l\u2019Etat \u00ab\u2009un pli ferm\u00e9 du pr\u00e9sident de la Conf\u00e9d\u00e9ration suisse, Ueli Maurer\u2009\u00bb. Aucun d\u00e9tail n\u2019a \u00e9t\u00e9 relev\u00e9 sur l\u2019objet de cette \u00ab\u00a0lettre sp\u00e9ciale\u00a0\u00bb. Mais, le diplomate suisse a fait savoir que les \u00e9changes avec le pr\u00e9sident de la [&hellip;]<\/p>\n","protected":false},"author":1969,"featured_media":0,"comment_status":"closed","ping_status":"closed","sticky":false,"template":"","format":"standard","meta":{"fifu_image_url":"","fifu_image_alt":"","footnotes":""},"categories":[82,78],"tags":[],"class_list":["post-65959","post","type-post","status-publish","format-standard","hentry","category-cameroun","category-economie"],"_links":{"self":[{"href":"https:\/\/linitiative.ca\/International\/wp-json\/wp\/v2\/posts\/65959","targetHints":{"allow":["GET"]}}],"collection":[{"href":"https:\/\/linitiative.ca\/International\/wp-json\/wp\/v2\/posts"}],"about":[{"href":"https:\/\/linitiative.ca\/International\/wp-json\/wp\/v2\/types\/post"}],"author":[{"embeddable":true,"href":"https:\/\/linitiative.ca\/International\/wp-json\/wp\/v2\/users\/1969"}],"replies":[{"embeddable":true,"href":"https:\/\/linitiative.ca\/International\/wp-json\/wp\/v2\/comments?post=65959"}],"version-history":[{"count":0,"href":"https:\/\/linitiative.ca\/International\/wp-json\/wp\/v2\/posts\/65959\/revisions"}],"wp:attachment":[{"href":"https:\/\/linitiative.ca\/International\/wp-json\/wp\/v2\/media?parent=65959"}],"wp:term":[{"taxonomy":"category","embeddable":true,"href":"https:\/\/linitiative.ca\/International\/wp-json\/wp\/v2\/categories?post=65959"},{"taxonomy":"post_tag","embeddable":true,"href":"https:\/\/linitiative.ca\/International\/wp-json\/wp\/v2\/tags?post=65959"}],"curies":[{"name":"wp","href":"https:\/\/api.w.org\/{rel}","templated":true}]}}