{"id":65960,"date":"2019-10-29T13:48:05","date_gmt":"2019-10-29T17:48:05","guid":{"rendered":"https:\/\/linitiative.ca\/International\/le-directeur-general-du-labogenie-somme-de-se-presenter-devant-la-justice\/"},"modified":"2019-10-29T13:48:05","modified_gmt":"2019-10-29T17:48:05","slug":"le-directeur-general-du-labogenie-somme-de-se-presenter-devant-la-justice","status":"publish","type":"post","link":"https:\/\/linitiative.ca\/International\/le-directeur-general-du-labogenie-somme-de-se-presenter-devant-la-justice\/","title":{"rendered":"Le directeur g\u00e9n\u00e9ral du Labog\u00e9nie somm\u00e9 de se pr\u00e9senter devant la justice"},"content":{"rendered":"<div class=\"featured-area featured-area-inner\"><img loading=\"lazy\" decoding=\"async\" width=\"500\" height=\"333\" src=\"https:\/\/i2.wp.com\/ecomatin.net\/wp-content\/uploads\/2019\/10\/ecomatin.net-le-directeur-general-du-labogenie-somme-de-se-presenter-devant-la-justice-2410-13448-la-justice-ordonne-l-arrestation-de-jean-moufo-dg-du-laboratoire-national-du-genie-civil-du-cameroun-l.jpg?resize=500%2C333&#038;ssl=1&#038;is-pending-load=1\" class=\"attachment-jannah-image-post size-jannah-image-post wp-post-image jetpack-lazy-image\" alt=\"\" data-attachment-id=\"13522\" data-permalink=\"https:\/\/ecomatin.net\/le-directeur-general-du-labogenie-somme-de-se-presenter-devant-la-justice\/2410-13448-la-justice-ordonne-l-arrestation-de-jean-moufo-dg-du-laboratoire-national-du-genie-civil-du-cameroun-l\/\" data-orig-file=\"https:\/\/i2.wp.com\/ecomatin.net\/wp-content\/uploads\/2019\/10\/ecomatin.net-le-directeur-general-du-labogenie-somme-de-se-presenter-devant-la-justice-2410-13448-la-justice-ordonne-l-arrestation-de-jean-moufo-dg-du-laboratoire-national-du-genie-civil-du-cameroun-l.jpg?fit=500%2C333&#038;ssl=1\" data-orig-size=\"500,333\" data-comments-opened=\"0\" data-image-meta=\"{\"aperture\":\"0\",\"credit\":\"\",\"camera\":\"\",\"caption\":\"\",\"created_timestamp\":\"0\",\"copyright\":\"\",\"focal_length\":\"0\",\"iso\":\"0\",\"shutter_speed\":\"0\",\"title\":\"\",\"orientation\":\"0\"}\" data-image-title=\"2410-13448-la-justice-ordonne-l-arrestation-de-jean-moufo-dg-du-laboratoire-national-du-genie-civil-du-cameroun-L\" data-image-description=\"\" data-medium-file=\"https:\/\/i2.wp.com\/ecomatin.net\/wp-content\/uploads\/2019\/10\/ecomatin.net-le-directeur-general-du-labogenie-somme-de-se-presenter-devant-la-justice-2410-13448-la-justice-ordonne-l-arrestation-de-jean-moufo-dg-du-laboratoire-national-du-genie-civil-du-cameroun-l.jpg?fit=300%2C200&#038;ssl=1\" data-large-file=\"https:\/\/i2.wp.com\/ecomatin.net\/wp-content\/uploads\/2019\/10\/ecomatin.net-le-directeur-general-du-labogenie-somme-de-se-presenter-devant-la-justice-2410-13448-la-justice-ordonne-l-arrestation-de-jean-moufo-dg-du-laboratoire-national-du-genie-civil-du-cameroun-l.jpg?fit=500%2C333&#038;ssl=1\" data-lazy-srcset=\"https:\/\/i2.wp.com\/ecomatin.net\/wp-content\/uploads\/2019\/10\/ecomatin.net-le-directeur-general-du-labogenie-somme-de-se-presenter-devant-la-justice-2410-13448-la-justice-ordonne-l-arrestation-de-jean-moufo-dg-du-laboratoire-national-du-genie-civil-du-cameroun-l.jpg?w=500&#038;ssl=1 500w, https:\/\/i2.wp.com\/ecomatin.net\/wp-content\/uploads\/2019\/10\/ecomatin.net-le-directeur-general-du-labogenie-somme-de-se-presenter-devant-la-justice-2410-13448-la-justice-ordonne-l-arrestation-de-jean-moufo-dg-du-laboratoire-national-du-genie-civil-du-cameroun-l.jpg?resize=300%2C200&#038;ssl=1 300w\" data-lazy-sizes=\"(max-width: 500px) 100vw, 500px\" srcset=\"data:image\/gif;base64,R0lGODlhAQABAIAAAAAAAP\/\/\/yH5BAEAAAAALAAAAAABAAEAAAIBRAA7\"\/><\/div>\n<div class=\"entry-content entry clearfix\" readability=\"59\">\n<p>Le directeur g\u00e9n\u00e9ral du Laboratoire national du g\u00e9nie civil (<strong>LABOGENIE<\/strong>) est attendu devant la barre. Depuis le 17 octobre, le procureur de la R\u00e9publique, <strong>Luc Ndi Ndi<\/strong> a lanc\u00e9 un mandat d\u2019amener contre <strong>Jean Moufo<\/strong> et une de ses collaboratrices d\u00e9nomm\u00e9e <strong>Roseline Simo Djoko<\/strong>. Le procureur pr\u00e9cise que ce mandat doit \u00eatre ex\u00e9cut\u00e9 par la gendarmerie par <em>\u00ab\u2009toutes les voies du droit\u2009\u00bb.<\/em><\/p>\n<p>En effet, le minist\u00e8re public et <strong>Dieudonn\u00e9 Bebe Ndi<\/strong>, directeur g\u00e9n\u00e9ral de l\u2019entreprise <strong>CDBN-Intercommunautaire<\/strong> reprochent au directeur du Labog\u00e9nie de ne leur avoir pas communiqu\u00e9 les r\u00e9sultats de l\u2019\u00e9tude men\u00e9e sur <em>\u00ab\u00a0<strong>L\u2019Aggrebind<\/strong>\u00a0\u00bb<\/em>, un produit favorisant la conception et la r\u00e9habilitation des voiries et routes \u00e0 moindre co\u00fbt au Cameroun. Cette entreprise a \u00e9t\u00e9 adjudicataire d\u2019un march\u00e9 relatif \u00e0 la production de ce mat\u00e9riau.<\/p>\n<p>Malgr\u00e9 la livraison depuis janvier 2019,\u00a0 l\u2019entreprise adjudicataire attend en vain le feed-back du Labogenie pour savoir si son produit est agr\u00e9\u00e9 ou non. Une plainte a alors \u00e9t\u00e9 d\u00e9pos\u00e9e contre le DG de l\u2019entreprise publique. En outre, le plaignant a saisi le ministre de la Justice par une correspondance dat\u00e9e du 27 juin 2019. Objet : <em>\u00ab\u2009Requ\u00eate aux fins d\u2019intervention de sommer monsieur Jean Moufo, directeur g\u00e9n\u00e9ral du Labogenie \u00e0 produire les r\u00e9sultats tests en laboratoire du produit Aggrebind qui est une solution idoine pour r\u00e9duire le co\u00fbt du kilom\u00e8tre de route de 300 millions de FCFA compar\u00e9 au co\u00fbt d\u2019un milliard applicable par le minist\u00e8re des Travaux publics\u2009\u00bb.<\/em><\/p>\n<p>Le Minjustice a alors r\u00e9agi, le 14 octobre dernier, en rassurant <strong>M. Ndi<\/strong> qu\u2019il a saisi le procureur g\u00e9n\u00e9ral pr\u00e8s la Cour d\u2019appel du Centre pour <em>\u00ab\u2009diligences appropri\u00e9es\u2009\u00bb.<\/em> Ce qui a abouti \u00e0 la sommation de <strong>Jean Moufo<\/strong> \u00e0 se pr\u00e9senter.<\/p>\n<div class=\"about-author about-author-box container-wrapper\">\n<div class=\"author-avatar\">\n<p><img decoding=\"async\" src=\"http:\/\/\" alt=\"\"\/><\/p>\n<\/div>\n<p><h4>La R\u00e9daction EcoMatin<\/h4>\n<\/p>\n<\/div>\n<div class=\"awac-wrapper awac widget blog_subscription-2\">\n<h4 class=\"widget-title\">Abonnez-vous \u00e0 notre lettre d&rsquo;information<\/h4>\n<\/div>\n<\/div>\n<div class=\"toggle-post-content clearfix\"><a id=\"toggle-post-button\" class=\"button\" href=\"#\">Afficher plus <\/a><\/div>\n<p>Auteur: EcoMatin<br \/>\n<a href=\"https:\/\/ecomatin.net\/le-directeur-general-du-labogenie-somme-de-se-presenter-devant-la-justice\/\">Cliquez ici pour lire l&rsquo;article depuis sa source.<\/a><\/p>\n","protected":false},"excerpt":{"rendered":"<p>Le directeur g\u00e9n\u00e9ral du Laboratoire national du g\u00e9nie civil (LABOGENIE) est attendu devant la barre. Depuis le 17 octobre, le procureur de la R\u00e9publique, Luc Ndi Ndi a lanc\u00e9 un mandat d\u2019amener contre Jean Moufo et une de ses collaboratrices d\u00e9nomm\u00e9e Roseline Simo Djoko. Le procureur pr\u00e9cise que ce mandat doit \u00eatre ex\u00e9cut\u00e9 par la [&hellip;]<\/p>\n","protected":false},"author":1969,"featured_media":0,"comment_status":"closed","ping_status":"closed","sticky":false,"template":"","format":"standard","meta":{"fifu_image_url":"","fifu_image_alt":"","footnotes":""},"categories":[82,78],"tags":[],"class_list":["post-65960","post","type-post","status-publish","format-standard","hentry","category-cameroun","category-economie"],"_links":{"self":[{"href":"https:\/\/linitiative.ca\/International\/wp-json\/wp\/v2\/posts\/65960","targetHints":{"allow":["GET"]}}],"collection":[{"href":"https:\/\/linitiative.ca\/International\/wp-json\/wp\/v2\/posts"}],"about":[{"href":"https:\/\/linitiative.ca\/International\/wp-json\/wp\/v2\/types\/post"}],"author":[{"embeddable":true,"href":"https:\/\/linitiative.ca\/International\/wp-json\/wp\/v2\/users\/1969"}],"replies":[{"embeddable":true,"href":"https:\/\/linitiative.ca\/International\/wp-json\/wp\/v2\/comments?post=65960"}],"version-history":[{"count":0,"href":"https:\/\/linitiative.ca\/International\/wp-json\/wp\/v2\/posts\/65960\/revisions"}],"wp:attachment":[{"href":"https:\/\/linitiative.ca\/International\/wp-json\/wp\/v2\/media?parent=65960"}],"wp:term":[{"taxonomy":"category","embeddable":true,"href":"https:\/\/linitiative.ca\/International\/wp-json\/wp\/v2\/categories?post=65960"},{"taxonomy":"post_tag","embeddable":true,"href":"https:\/\/linitiative.ca\/International\/wp-json\/wp\/v2\/tags?post=65960"}],"curies":[{"name":"wp","href":"https:\/\/api.w.org\/{rel}","templated":true}]}}