{"id":65961,"date":"2019-10-30T09:00:39","date_gmt":"2019-10-30T13:00:39","guid":{"rendered":"https:\/\/linitiative.ca\/International\/2eme-edition-de-futur-e-s-in-africa-casablanca-settat-et-lile-de-france-parient-sur-linnovation\/"},"modified":"2019-10-30T09:00:39","modified_gmt":"2019-10-30T13:00:39","slug":"2eme-edition-de-futur-e-s-in-africa-casablanca-settat-et-lile-de-france-parient-sur-linnovation","status":"publish","type":"post","link":"https:\/\/linitiative.ca\/International\/2eme-edition-de-futur-e-s-in-africa-casablanca-settat-et-lile-de-france-parient-sur-linnovation\/","title":{"rendered":"2\u00e8me \u00e9dition de Futur.e.s in Africa : Casablanca-Settat et l\u2019Ile-de-France parient sur l\u2019innovation"},"content":{"rendered":"<p><img decoding=\"async\" class=\"post_layout_5_img\" src=\"http:\/\/aujourdhui.ma\/wp-content\/uploads\/2019\/10\/Futur.e.s-in-Africa-Casablanca-Settat-et-l%E2%80%99Ile-de-France-parient-sur-l%E2%80%99innovation.jpg?x29840\" alt=\"2\u00e8me \u00e9dition de Futur.e.s in Africa : Casablanca-Settat et l\u2019Ile-de-France parient sur l\u2019innovation\"\/><\/p>\n<p class=\"p1\"><span class=\"c4\"><strong>Faire de la r\u00e9gion un espace d\u2019innovation et d\u2019\u00e9mergence de start-up.<\/strong><\/span> <span id=\"more-321785\"\/><\/p>\n<p class=\"p1\">C\u2019est en partie la finalit\u00e9 de futur.e.s<span class=\"Apple-converted-space\">\u00a0<\/span> in Africa qui prend place pour la 2\u00e8me ann\u00e9e cons\u00e9cutive dans les locaux du si\u00e8ge de la r\u00e9gion de Casablanca-Settat les 28 et 29 octobre 2019 sous le th\u00e8me \u00abTerritoires durables\u00bb. Organis\u00e9 par Maroc Numeric Cluster et Cap Digital en partenariat avec la R\u00e9gion de Casablanca-Settat et la R\u00e9gion Ile-de-France, ce rendez-vous aspire \u00e0 rapprocher les \u00e9cosyst\u00e8mes d\u2019innovation francilien, marocain et africain pour promouvoir les partenariats technologiques et commerciaux et favoriser l\u2019innovation crois\u00e9e. Il s\u2019agit pour les organisateurs d\u2019accro\u00eetre les liens \u00e9conomiques Afrique-France via le Maroc, de d\u00e9crypter les enjeux de la transformation num\u00e9rique, \u00e9conomique et soci\u00e9tale au Maroc et en Afrique et de mettre la jeunesse au c\u0153ur de la transformation num\u00e9rique.<\/p>\n<p class=\"p1\">N\u00e9 suite \u00e0 la signature d\u2019un m\u00e9morandum en 2016 entre la r\u00e9gion de Casablanca-Settat et la R\u00e9gion Ile-de-France pour la promotion de la coop\u00e9ration \u00e9conomique entre les deux R\u00e9gions, cet \u00e9v\u00e9nement ambitionne de pousser la coop\u00e9ration entre les diff\u00e9rentes parties au service des territoires. Cette ann\u00e9e plus d\u2019une quarantaine de start-up prennent part \u00e0 cette manifestation. Elles ont \u00e9t\u00e9 s\u00e9lectionn\u00e9es suite \u00e0 un appel \u00e0 projets qui a connu la participation de pas moins de 350 entreprises. Celles-ci avaient pr\u00e9sent\u00e9 des projets d\u2019innovation digitale orient\u00e9s vers les territoires. Parmi les projets expos\u00e9s 19 sont de diff\u00e9rents pays africains, 11 sont marocains et 10 projets fran\u00e7ais. Ils sont ax\u00e9s sur l\u2019\u00e9ducation, e-sant\u00e9, la distribution d\u2019eau, l\u2019\u00e9nergie propre, les infrastructures<span class=\"Apple-converted-space\">\u00a0<\/span> et le transport et la mobilit\u00e9, Agritech, la gestion des d\u00e9chets ou encore Fintech et Adstech.<span class=\"Apple-converted-space\">\u00a0<\/span><\/p>\n<p class=\"p1\">Parall\u00e8lement, cinq tables rondes, six ateliers professionnels et 3 keynotes sont tenus dans les diff\u00e9rentes salles du si\u00e8ge de la R\u00e9gion Casablanca-Settat en pr\u00e9sence d\u2019une trentaine d\u2019intervenants nationaux et internationaux afin de discuter des th\u00e9matiques comme \u00abSmart City, opportunit\u00e9s et challenge en Afrique\u00bb, \u00abLe financement de l\u2019innovation\u00bb, \u00abEconomie circulaire et innovation\u00bb, \u00abSouverainet\u00e9 et infrastructure num\u00e9rique, enjeux et exemples\u00bb, \u00abStart-up et chercheurs r\u00e9pondent aux d\u00e9fis des mobilit\u00e9s urbaines\u00bb, ou encore \u00abLe digital, vecteur d\u2019excellence op\u00e9rationnelle et de synergies des services urbains\u00bb. Pendant les deux jours de l\u2019\u00e9v\u00e9nement, les locaux du si\u00e8ge de la R\u00e9gion Casablanca-Settat sont \u00e0 l\u2019heure de l\u2019innovation permettant \u00e9galement des rencontres B2B entre les participants. Ainsi, un espace d\u00e9mo a \u00e9t\u00e9 mis en place pour permettre aux 40 porteurs de projets de pr\u00e9senter leurs initiatives, produits ou services et aux participants de tester les derni\u00e8res solutions num\u00e9riques d\u00e9velopp\u00e9es en Afrique et en France. Notons que la premi\u00e8re \u00e9dition avait rassembl\u00e9 en 2018 plus de 1.000 participants, 32 intervenants internationaux et 32 start-up qui ont pu exposer leurs projets.<\/p>\n<p>Auteur: ALM<br \/>\n<a href=\"http:\/\/aujourdhui.ma\/high-tech\/2eme-edition-de-futur-e-s-in-africa-casablanca-settat-et-lile-de-france-parient-sur-linnovation\">Cliquez ici pour lire l&rsquo;article depuis sa source.<\/a><\/p>\n","protected":false},"excerpt":{"rendered":"<p>Faire de la r\u00e9gion un espace d\u2019innovation et d\u2019\u00e9mergence de start-up. C\u2019est en partie la finalit\u00e9 de futur.e.s\u00a0 in Africa qui prend place pour la 2\u00e8me ann\u00e9e cons\u00e9cutive dans les locaux du si\u00e8ge de la r\u00e9gion de Casablanca-Settat les 28 et 29 octobre 2019 sous le th\u00e8me \u00abTerritoires durables\u00bb. Organis\u00e9 par Maroc Numeric Cluster et [&hellip;]<\/p>\n","protected":false},"author":1759,"featured_media":0,"comment_status":"closed","ping_status":"closed","sticky":false,"template":"","format":"standard","meta":{"fifu_image_url":"","fifu_image_alt":"","footnotes":""},"categories":[73,54],"tags":[],"class_list":["post-65961","post","type-post","status-publish","format-standard","hentry","category-actualite","category-maroc"],"_links":{"self":[{"href":"https:\/\/linitiative.ca\/International\/wp-json\/wp\/v2\/posts\/65961","targetHints":{"allow":["GET"]}}],"collection":[{"href":"https:\/\/linitiative.ca\/International\/wp-json\/wp\/v2\/posts"}],"about":[{"href":"https:\/\/linitiative.ca\/International\/wp-json\/wp\/v2\/types\/post"}],"author":[{"embeddable":true,"href":"https:\/\/linitiative.ca\/International\/wp-json\/wp\/v2\/users\/1759"}],"replies":[{"embeddable":true,"href":"https:\/\/linitiative.ca\/International\/wp-json\/wp\/v2\/comments?post=65961"}],"version-history":[{"count":0,"href":"https:\/\/linitiative.ca\/International\/wp-json\/wp\/v2\/posts\/65961\/revisions"}],"wp:attachment":[{"href":"https:\/\/linitiative.ca\/International\/wp-json\/wp\/v2\/media?parent=65961"}],"wp:term":[{"taxonomy":"category","embeddable":true,"href":"https:\/\/linitiative.ca\/International\/wp-json\/wp\/v2\/categories?post=65961"},{"taxonomy":"post_tag","embeddable":true,"href":"https:\/\/linitiative.ca\/International\/wp-json\/wp\/v2\/tags?post=65961"}],"curies":[{"name":"wp","href":"https:\/\/api.w.org\/{rel}","templated":true}]}}