{"id":65962,"date":"2019-10-30T09:30:34","date_gmt":"2019-10-30T13:30:34","guid":{"rendered":"https:\/\/linitiative.ca\/International\/groupe-renault-113-milliards-deuros-de-chiffre-daffaires-au-3eme-trimestre-2019\/"},"modified":"2019-10-30T09:30:34","modified_gmt":"2019-10-30T13:30:34","slug":"groupe-renault-113-milliards-deuros-de-chiffre-daffaires-au-3eme-trimestre-2019","status":"publish","type":"post","link":"https:\/\/linitiative.ca\/International\/groupe-renault-113-milliards-deuros-de-chiffre-daffaires-au-3eme-trimestre-2019\/","title":{"rendered":"Groupe Renault : 11,3 milliards d\u2019euros de chiffre d\u2019affaires au 3\u00e8me trimestre 2019"},"content":{"rendered":"<p><img decoding=\"async\" class=\"post_layout_5_img\" src=\"http:\/\/aujourdhui.ma\/wp-content\/uploads\/2019\/10\/usine-renault-kangoos.jpg?x29840\" alt=\"Groupe Renault : 11,3 milliards d\u2019euros de chiffre d\u2019affaires au 3\u00e8me trimestre 2019\"\/><\/p>\n<p class=\"p1\"><span class=\"c5\"><strong><span class=\"s1 c4\"><em>Il enregistre une baisse de 4,4% dans un march\u00e9 mondial en recul de 3,2%<\/em><\/span><\/strong><\/span><span id=\"more-321858\"\/><\/p>\n<div class=\"base-box mom_box_sc_custom mom_box_sc clear c6\" readability=\"8\">\n<p class=\"p1\"><strong>Le Groupe s\u2019attend \u00e0 un march\u00e9 automobile mondial qui devrait conna\u00eetre une diminution de l\u2019ordre de 4% comparativement \u00e0 2018 (contre une baisse de l\u2019ordre de 3% pr\u00e9vue pr\u00e9c\u00e9demment).<\/strong><\/p>\n<\/div>\n<p class=\"p1\">Le chiffre d\u2019affaires du Groupe s\u2019\u00e9l\u00e8ve \u00e0 11.296 millions d\u2019euros sur le 3\u00e8me trimestre (-1,6%). C\u2019est ce qu\u2019a annonc\u00e9 le constructeur r\u00e9cemment pr\u00e9cisant qu\u2019il a vendu 852.198 v\u00e9hicules au cours de cette p\u00e9riode. Il enregistre une baisse de 4,4% dans un march\u00e9 mondial en recul de 3,2%. Le chiffre d\u2019affaires de l\u2019automobile hors Avtovaz s\u2019\u00e9tablit \u00e0 9.662 millions d\u2019euros, en recul de 3,9%. <em>\u00abLes ventes aux partenaires ont impact\u00e9 le chiffre d\u2019affaires pour -5,5 points, en raison de la baisse de la production pour Nissan et Daimler, de la fermeture du march\u00e9 iranien depuis ao\u00fbt 2018 et du d\u00e9clin de la demande de moteurs diesel en Europe\u00bb<\/em>, pr\u00e9cise le Groupe. Pour ce qui est du financement des ventes (RCI Banque), l\u2019entreprise r\u00e9alise un chiffre d\u2019affaires de 843 millions d\u2019euros au troisi\u00e8me trimestre, en augmentation de 5,4% par rapport \u00e0 2018. Du c\u00f4t\u00e9 de la contribution d\u2019Avtovaz au chiffre d\u2019affaires du Groupe, celui-ci s\u2019\u00e9tablit \u00e0 791 millions d\u2019euros sur le trimestre, en hausse de 26,2%, apr\u00e8s prise en compte d\u2019un effet change positif de 59 millions d\u2019euros. <em>\u00abEn Afrique, Moyen-Orient et Inde Pacifique en excluant l\u2019Iran, la part de march\u00e9 progresse de 0,1 point. Les volumes de ventes dans la r\u00e9gion sont impact\u00e9s par la baisse de ses principaux march\u00e9s. En Inde, la part de march\u00e9 cro\u00eet de 0,5 point, gr\u00e2ce au lancement r\u00e9ussi de Triber. Les ventes sont en baisse de 7,8% sur un march\u00e9 en chute de 27,4%\u00bb,<\/em> explique l\u2019entreprise ajoutant que le succ\u00e8s de QM6 se fait ressentir en Cor\u00e9e du Sud o\u00f9 le Groupe enregistre une hausse de 11,5% de ses ventes dans un march\u00e9 en baisse de 1,7%.<\/p>\n<p><a href=\"http:\/\/aujourdhui.ma\/wp-content\/uploads\/2019\/10\/Renaut.jpg?x29840\"><img loading=\"lazy\" decoding=\"async\" class=\"size-full wp-image-321860 aligncenter\" src=\"http:\/\/aujourdhui.ma\/wp-content\/uploads\/2019\/10\/Renaut.jpg?x29840\" alt=\"\" width=\"746\" height=\"380\" srcset=\"http:\/\/aujourdhui.ma\/wp-content\/uploads\/2019\/10\/Renaut.jpg 746w, http:\/\/aujourdhui.ma\/wp-content\/uploads\/2019\/10\/Renaut-300x153.jpg 300w\" sizes=\"auto, (max-width: 746px) 100vw, 746px\"\/><\/a><\/p>\n<p class=\"p1\">Sur le continent europ\u00e9en, l\u2019entreprise affiche une diminution de ses ventes de 3,4% dans un march\u00e9 en hausse de 2,4%. <em>\u00abCette baisse s\u2019explique partiellement par une base de comparaison \u00e9lev\u00e9e li\u00e9e \u00e0 l\u2019introduction du WLTP pour les v\u00e9hicules particuliers en septembre 2018 et par l\u2019attente de la pleine disponibilit\u00e9 de la nouvelle Clio en Europe\u00bb<\/em>, indique le Groupe. En termes de perspectives 2019, le Groupe s\u2019attend \u00e0 un march\u00e9 automobile mondial qui devrait conna\u00eetre une diminution de l\u2019ordre de 4% comparativement \u00e0 2018 (contre une baisse de l\u2019ordre de 3% pr\u00e9vue pr\u00e9c\u00e9demment).<\/p>\n<p class=\"p1\">Du c\u00f4t\u00e9 du march\u00e9 europ\u00e9en, celui-ci devrait conna\u00eetre une variation de 0 \u00e0 -1% (contre stable pr\u00e9c\u00e9demment), indique le constructeur ajoutant que le march\u00e9 russe devrait par ailleurs enregistrer une baisse de l\u2019ordre de 3% (contre -2 \u00e0 -3% pr\u00e9c\u00e9demment). Sur le continent am\u00e9ricain, le march\u00e9 br\u00e9silien devrait s\u2019am\u00e9liorer d\u2019environ 7% (contre une hausse de l\u2019ordre de +8% pr\u00e9c\u00e9demment). Enfin, le Groupe a pr\u00e9cis\u00e9 que le 17 octobre 2019, il a r\u00e9vis\u00e9 sa guidance.<\/p>\n<p class=\"p1\">Ainsi, le chiffre d\u2019affaires publi\u00e9 du Groupe devrait \u00eatre en baisse de 3 \u00e0 4% et la marge op\u00e9rationnelle du Groupe Renault devrait \u00eatre de l\u2019ordre de 5%. Par ailleurs, le free cash-flow op\u00e9rationnel de l\u2019automobile devrait \u00eatre positif au second semestre mais sans garantir qu\u2019il le sera pour l\u2019ann\u00e9e.<\/p>\n<p>Auteur: ALM<br \/>\n<a href=\"http:\/\/aujourdhui.ma\/automobile\/groupe-renault-113-milliards-deuros-de-chiffre-daffaires-au-3eme-trimestre-2019\">Cliquez ici pour lire l&rsquo;article depuis sa source.<\/a><\/p>\n","protected":false},"excerpt":{"rendered":"<p>Il enregistre une baisse de 4,4% dans un march\u00e9 mondial en recul de 3,2% Le Groupe s\u2019attend \u00e0 un march\u00e9 automobile mondial qui devrait conna\u00eetre une diminution de l\u2019ordre de 4% comparativement \u00e0 2018 (contre une baisse de l\u2019ordre de 3% pr\u00e9vue pr\u00e9c\u00e9demment). Le chiffre d\u2019affaires du Groupe s\u2019\u00e9l\u00e8ve \u00e0 11.296 millions d\u2019euros sur le [&hellip;]<\/p>\n","protected":false},"author":1759,"featured_media":0,"comment_status":"closed","ping_status":"closed","sticky":false,"template":"","format":"standard","meta":{"fifu_image_url":"","fifu_image_alt":"","footnotes":""},"categories":[73,54],"tags":[],"class_list":["post-65962","post","type-post","status-publish","format-standard","hentry","category-actualite","category-maroc"],"_links":{"self":[{"href":"https:\/\/linitiative.ca\/International\/wp-json\/wp\/v2\/posts\/65962","targetHints":{"allow":["GET"]}}],"collection":[{"href":"https:\/\/linitiative.ca\/International\/wp-json\/wp\/v2\/posts"}],"about":[{"href":"https:\/\/linitiative.ca\/International\/wp-json\/wp\/v2\/types\/post"}],"author":[{"embeddable":true,"href":"https:\/\/linitiative.ca\/International\/wp-json\/wp\/v2\/users\/1759"}],"replies":[{"embeddable":true,"href":"https:\/\/linitiative.ca\/International\/wp-json\/wp\/v2\/comments?post=65962"}],"version-history":[{"count":0,"href":"https:\/\/linitiative.ca\/International\/wp-json\/wp\/v2\/posts\/65962\/revisions"}],"wp:attachment":[{"href":"https:\/\/linitiative.ca\/International\/wp-json\/wp\/v2\/media?parent=65962"}],"wp:term":[{"taxonomy":"category","embeddable":true,"href":"https:\/\/linitiative.ca\/International\/wp-json\/wp\/v2\/categories?post=65962"},{"taxonomy":"post_tag","embeddable":true,"href":"https:\/\/linitiative.ca\/International\/wp-json\/wp\/v2\/tags?post=65962"}],"curies":[{"name":"wp","href":"https:\/\/api.w.org\/{rel}","templated":true}]}}