{"id":65964,"date":"2019-10-30T10:05:41","date_gmt":"2019-10-30T14:05:41","guid":{"rendered":"https:\/\/linitiative.ca\/International\/dans-son-nouveau-recueil-de-poemes-mohamed-belmou-poetise-la-tragedie\/"},"modified":"2019-10-30T10:05:41","modified_gmt":"2019-10-30T14:05:41","slug":"dans-son-nouveau-recueil-de-poemes-mohamed-belmou-poetise-la-tragedie","status":"publish","type":"post","link":"https:\/\/linitiative.ca\/International\/dans-son-nouveau-recueil-de-poemes-mohamed-belmou-poetise-la-tragedie\/","title":{"rendered":"Dans son nouveau recueil de po\u00e8mes : Mohamed Belmou po\u00e9tise  la trag\u00e9die"},"content":{"rendered":"<p><img decoding=\"async\" class=\"post_layout_5_img\" src=\"http:\/\/aujourdhui.ma\/wp-content\/uploads\/2019\/10\/Mohamed-Belmou-poe%CC%80mes-Des-coups-de-couteau-dans-l%E2%80%99air.jpg?x29840\" alt=\"Dans son nouveau recueil de po\u00e8mes : Mohamed Belmou po\u00e9tise la trag\u00e9die\"\/><\/p>\n<p class=\"p1\"><span class=\"c4\"><strong><span class=\"s1\">Le po\u00e8te marocain<span class=\"Apple-converted-space\">\u00a0<\/span> Mohamed Belmou sortira bient\u00f4t son quatri\u00e8me recueil de po\u00e8mes intitul\u00e9 \u00abDes coups de couteau dans l\u2019air\u00bb. Cette \u0153uvre, publi\u00e9e par RVB Edition, se glisse, selon l\u2019auteur, dans \u00abune peau \u00e9l\u00e9gante\u00bb illustr\u00e9e par l\u2019artiste-peintre Mohamed El Idrissi El Mansouri avec l\u2019accompagnement de l\u2019artiste Abdelghani El Montaqi.<span class=\"Apple-converted-space\">\u00a0 \u00a0<\/span><\/span><\/strong><\/span><span id=\"more-321809\"\/><\/p>\n<p class=\"p1\"><span class=\"s1\">A propos du recueil de Mohamed Belmou, le professeur universitaire et chercheur en esth\u00e9tique Mohamed Chiguer indique dans sa pr\u00e9face, appel\u00e9e \u00abLa po\u00e9tisation de la trag\u00e9die\u00bb, que <em>\u00abdans cette \u0153uvre, la douleur<span class=\"Apple-converted-space\">\u00a0<\/span> n\u2019est pas un repli sur soi ou une humeur, mais plut\u00f4t une lueur d\u2019espoir\u00bb.<\/em> Dans ce sens, l\u2019universitaire compare la tristesse \u00e0 une potion contre l\u2019effondrement. Aussi, la trag\u00e9die est, \u00e0 son sens, une mati\u00e8re grasse pour la r\u00e9volution. De m\u00eame, la douleur est un \u00abtoast\u00bb pour la vie dans une nouvelle luminance. <em>\u00abLa po\u00e9tisation de la trag\u00e9die dans le recueil ne nous met pas face \u00e0 un Moi ravag\u00e9 par la douleur, effondr\u00e9 par la perte et essouffl\u00e9 par les tristesses de part et d\u2019autre, mais plut\u00f4t face \u00e0 un \u00eatre sisyph\u00e9en fort attach\u00e9 au monde et tenant \u00e0 repousser le mal et les mauvais sorts\u00bb,<\/em> d\u00e9taille le chercheur. Pour lui, seuls les yeux larmoyants aper\u00e7oivent la puret\u00e9 des choses.<\/span><\/p>\n<p class=\"p1\"><span class=\"s1\">De m\u00eame, seuls les c\u0153urs attrist\u00e9s embrassent les douleurs des autres avec une \u00e9vidence incomparable. <em>\u00abAussi, seul le po\u00e8te trag\u00e9dien parvient \u00e0 transformer les mots exprimant la perte et la douleur en lexique de r\u00e9volte po\u00e9tique et rh\u00e9torique de la col\u00e8re anthologique pour triompher des forces du mal, de la superficialit\u00e9 mondialis\u00e9e et la stupidit\u00e9 g\u00e9n\u00e9ralis\u00e9e, ainsi que d\u2019un monde mis\u00e9rable et d\u00e9moli par les guerres\u00bb<\/em>, encha\u00eene M. Chiguer. En d\u00e9tail, le recueil comprend 15 po\u00e8mes. Il s\u2019agit, entre autres, de \u00abMurmures\u00bb, \u00abLes L de 2012\u00bb, \u00abNe cessez pas votre feu\u00bb, \u00ab\u00d4 tristesse, attend \u00bb, \u00abLa magicienne\u00bb, \u00abCe qui est fait est fait\u00bb, \u00abTu les surprendras\u00bb, \u00abReviens Arij que nous dansions\u00bb, \u00abDes coups de couteaux profonds\u00bb, \u00abLe courrier des cadavres\u00bb, \u00abL\u2019espoir\u2026 ne meurt pas\u00bb, \u00abJe n\u2019ai pas\u2026 de main\u00bb, \u00abQuand je meurs\u00bb, \u00abJe n\u2019\u00e9cris pas\u00bb.<\/span><\/p>\n<p class=\"p1\"><span class=\"s1\">Outre cette nouvelle \u0153uvre, Mohamed Belmou a sorti trois recueils. Le premier s\u2019intitule \u00abLa voix du sol\u00bb (2001, publications de l\u2019Union des \u00e9crivains du Maroc). Le deuxi\u00e8me, appel\u00e9 \u00abLes folies du saumon\u00bb, \u00e9tant un recueil conjoint avec le po\u00e8te Abdelati Jamil (2007). Quant au troisi\u00e8me intitul\u00e9 \u00abLes cendres de la certitude\u00bb, il a \u00e9t\u00e9 \u00e9mis en deux \u00e9ditions en 2013 et 2017. Aussi, l\u2019auteur a conjointement sorti en 2018 une pi\u00e8ce de th\u00e9\u00e2tre appel\u00e9e \u00abUn \u00e2ne malgr\u00e9 lui\u00bb avec le sc\u00e9nariste Abdelilah Benheddar. De plus, le po\u00e8te a pr\u00e9vu de publier un livre en litt\u00e9rature de voyage, intitul\u00e9 \u00ab5 jours en Palestine\u00bb.<\/span><\/p>\n<p>Auteur: Salima Guisser<br \/>\n<a href=\"http:\/\/aujourdhui.ma\/culture\/dans-son-nouveau-recueil-de-poemes-mohamed-belmou-poetise-la-tragedie\">Cliquez ici pour lire l&rsquo;article depuis sa source.<\/a><\/p>\n","protected":false},"excerpt":{"rendered":"<p>Le po\u00e8te marocain\u00a0 Mohamed Belmou sortira bient\u00f4t son quatri\u00e8me recueil de po\u00e8mes intitul\u00e9 \u00abDes coups de couteau dans l\u2019air\u00bb. Cette \u0153uvre, publi\u00e9e par RVB Edition, se glisse, selon l\u2019auteur, dans \u00abune peau \u00e9l\u00e9gante\u00bb illustr\u00e9e par l\u2019artiste-peintre Mohamed El Idrissi El Mansouri avec l\u2019accompagnement de l\u2019artiste Abdelghani El Montaqi.\u00a0 \u00a0 A propos du recueil de Mohamed [&hellip;]<\/p>\n","protected":false},"author":1759,"featured_media":0,"comment_status":"closed","ping_status":"closed","sticky":false,"template":"","format":"standard","meta":{"fifu_image_url":"","fifu_image_alt":"","footnotes":""},"categories":[73,54],"tags":[],"class_list":["post-65964","post","type-post","status-publish","format-standard","hentry","category-actualite","category-maroc"],"_links":{"self":[{"href":"https:\/\/linitiative.ca\/International\/wp-json\/wp\/v2\/posts\/65964","targetHints":{"allow":["GET"]}}],"collection":[{"href":"https:\/\/linitiative.ca\/International\/wp-json\/wp\/v2\/posts"}],"about":[{"href":"https:\/\/linitiative.ca\/International\/wp-json\/wp\/v2\/types\/post"}],"author":[{"embeddable":true,"href":"https:\/\/linitiative.ca\/International\/wp-json\/wp\/v2\/users\/1759"}],"replies":[{"embeddable":true,"href":"https:\/\/linitiative.ca\/International\/wp-json\/wp\/v2\/comments?post=65964"}],"version-history":[{"count":0,"href":"https:\/\/linitiative.ca\/International\/wp-json\/wp\/v2\/posts\/65964\/revisions"}],"wp:attachment":[{"href":"https:\/\/linitiative.ca\/International\/wp-json\/wp\/v2\/media?parent=65964"}],"wp:term":[{"taxonomy":"category","embeddable":true,"href":"https:\/\/linitiative.ca\/International\/wp-json\/wp\/v2\/categories?post=65964"},{"taxonomy":"post_tag","embeddable":true,"href":"https:\/\/linitiative.ca\/International\/wp-json\/wp\/v2\/tags?post=65964"}],"curies":[{"name":"wp","href":"https:\/\/api.w.org\/{rel}","templated":true}]}}