{"id":65966,"date":"2019-10-30T06:43:03","date_gmt":"2019-10-30T10:43:03","guid":{"rendered":"https:\/\/linitiative.ca\/International\/cgem-mohamed-bachiri-un-president-par-interim-pour-gerer-la-transition\/"},"modified":"2019-10-30T06:43:03","modified_gmt":"2019-10-30T10:43:03","slug":"cgem-mohamed-bachiri-un-president-par-interim-pour-gerer-la-transition","status":"publish","type":"post","link":"https:\/\/linitiative.ca\/International\/cgem-mohamed-bachiri-un-president-par-interim-pour-gerer-la-transition\/","title":{"rendered":"CGEM: Mohamed Bachiri, un pr\u00e9sident par int\u00e9rim pour g\u00e9rer la transition"},"content":{"rendered":"<p class=\"has-text-color has-vivid-cyan-blue-color\"><strong>Le directeur g\u00e9n\u00e9ral de la Soci\u00e9t\u00e9 marocaine de construction automobile (Somaca), Mohamed Bachiri, a \u00e9t\u00e9 d\u00e9sign\u00e9 pr\u00e9sident par int\u00e9rim de la Conf\u00e9d\u00e9ration g\u00e9n\u00e9rale des entreprises du Maroc (CGEM) lors d\u2019un Conseil d\u2019administration (CA), tenu lundi \u00e0 Casablanca. \u00abJe suis tr\u00e8s honor\u00e9 pour avoir \u00e9t\u00e9 d\u00e9sign\u00e9 pour cette responsabilit\u00e9. Je mesure toute l\u2019importance qui est derri\u00e8re cela\u00bb, a d\u00e9clar\u00e9 Bachiri \u00e0 cette occasion, soulignant que le mot d\u2019ordre de ce CA \u00e9tait d\u2019assurer la coh\u00e9sion de la famille CGEM et faire pr\u00e9valoir l\u2019int\u00e9r\u00eat collectif.<\/strong><\/p>\n<p>Il a relev\u00e9 \u00e0 cet \u00e9gard que la priorit\u00e9, lors de la prochaine \u00e9tape, est accord\u00e9e \u00e0 la continuit\u00e9 de l\u2019activit\u00e9 de la CGEM, dont les diff\u00e9rents chantiers sont d\u00e9j\u00e0 initi\u00e9s au niveau des commissions et des f\u00e9d\u00e9rations, comme celui du projet de la loi de finances.<\/p>\n<p>Bachiri a, en outre, mis l\u2019accent sur l\u2019importance de faire f\u00e9d\u00e9rer tous les acteurs autour de la CGEM (Commissions, f\u00e9d\u00e9rations, r\u00e9gions) ainsi que les diff\u00e9rents op\u00e9rateurs qui interagissent avec le Patronat aux \u00e9chelles locale, r\u00e9gionale, nationale et internationale, faisant part de son engagement \u00e0 d\u00e9fendre les int\u00e9r\u00eats des entreprises pour un meilleur d\u00e9veloppement de l\u2019\u00e9conomie marocaine.<\/p>\n<p>De son c\u00f4t\u00e9, David Toledano, qui a pr\u00e9sid\u00e9 le conseil d\u2019administration, a indiqu\u00e9 \u00ab\u00a0qu\u2019apr\u00e8s avoir constat\u00e9 la d\u00e9mission de Salaheddine Mezouar de la pr\u00e9sidence de la Conf\u00e9d\u00e9ration, les administrateurs ont ent\u00e9rin\u00e9 la nominations de Jalal Charaf \u00e0 la fonction de directeur g\u00e9n\u00e9ral d\u00e9l\u00e9gu\u00e9. Par la suite, le Conseil a proc\u00e9d\u00e9 \u00e0 la d\u00e9signation de Mohamed Bachiri comme pr\u00e9sident par int\u00e9rim de la CGEM pour la p\u00e9riode de transition\u00a0\u00bb.<\/p>\n<p>Intervenant lors d\u2019une conf\u00e9rence de presse \u00e0 l\u2019issue du Conseil, Toledano a annonc\u00e9 que la date de l\u2019Assembl\u00e9e G\u00e9n\u00e9rale \u00e9lective a \u00e9t\u00e9 fix\u00e9e pour le 22 janvier prochain. Cette assembl\u00e9e \u00ab\u00a0aura pour objectif notamment l\u2019\u00e9lection du nouveau pr\u00e9sident de la CGEM et du vice-pr\u00e9sident g\u00e9n\u00e9ral pour un mandat de trois ans conform\u00e9ment aux stipulations de l\u2019article 21 des statuts\u00a0\u00bb, a-t-il fait savoir.<\/p>\n<p>Toledano a pr\u00e9cis\u00e9 que le lancement de l\u2019appel \u00e0 candidatures est pr\u00e9vu le 31 octobre courant, avec comme date limite de d\u00e9p\u00f4t de candidature, le 13 d\u00e9cembre.<\/p>\n<p>Conform\u00e9ment aux statuts de la Conf\u00e9d\u00e9ration, a-t-il poursuivi, un CA se tiendra le 16 d\u00e9cembre pour valider les dossiers de candidatures s\u00e9lectionn\u00e9s par le Comit\u00e9 de suivi de ces \u00e9lections, avant de passer \u00e0 une campagne \u00e9lectorale des candidats.<\/p>\n<p>S\u2019agissant des affaires courantes, Toledano a fait savoir que les administrateurs ont approuv\u00e9 les propositions pour le projet de loi de finances 2020 pr\u00e9sent\u00e9es par le pr\u00e9sident de la commission Fiscalit\u00e9 et R\u00e9gime de change, Mohamed El Hdid, et ont aussi valid\u00e9 le transfert des dossiers relatifs aux d\u00e9lais de paiement de la Commission Climat des affaires, pr\u00e9sid\u00e9e par Abdelkader Boukhriss.<\/p>\n<p>Le CA a \u00e9t\u00e9 tenu en pr\u00e9sence notamment du secr\u00e9taire g\u00e9n\u00e9ral de la CGEM, Youssef Hassouni, de la pr\u00e9sidente de la commission juridique, Safia Fassi Fihri et de Salaheddine Kadmiri, m\u00e9diateur de la CGEM, qui va g\u00e9rer le processus \u00e9lectoral.<\/p>\n<p>Succ\u00e9dant \u00e0 Salaheddine Mezouar qui avait d\u00e9missionn\u00e9 le 13 octobre, M. Bachiri, ex-pr\u00e9sident de la Commission solutions sectorielles \u00e0 la Conf\u00e9d\u00e9ration, devra assurer l\u2019int\u00e9rim durant les trois mois \u00e0 venir, avant de proc\u00e9der \u00e0 l\u2019\u00e9lection du nouveau pr\u00e9sident du patronat.<\/p>\n<p>Auteur: M&rsquo;hammed rahal<br \/>\n<a href=\"http:\/\/albayane.press.ma\/cgem-mohamed-bachiri-un-president-par-interim-pour-gerer-la-transition.html\">Cliquez ici pour lire l&rsquo;article depuis sa source.<\/a><\/p>\n","protected":false},"excerpt":{"rendered":"<p>Le directeur g\u00e9n\u00e9ral de la Soci\u00e9t\u00e9 marocaine de construction automobile (Somaca), Mohamed Bachiri, a \u00e9t\u00e9 d\u00e9sign\u00e9 pr\u00e9sident par int\u00e9rim de la Conf\u00e9d\u00e9ration g\u00e9n\u00e9rale des entreprises du Maroc (CGEM) lors d\u2019un Conseil d\u2019administration (CA), tenu lundi \u00e0 Casablanca. \u00abJe suis tr\u00e8s honor\u00e9 pour avoir \u00e9t\u00e9 d\u00e9sign\u00e9 pour cette responsabilit\u00e9. Je mesure toute l\u2019importance qui est derri\u00e8re [&hellip;]<\/p>\n","protected":false},"author":1760,"featured_media":0,"comment_status":"closed","ping_status":"closed","sticky":false,"template":"","format":"standard","meta":{"fifu_image_url":"","fifu_image_alt":"","footnotes":""},"categories":[73,54],"tags":[],"class_list":["post-65966","post","type-post","status-publish","format-standard","hentry","category-actualite","category-maroc"],"_links":{"self":[{"href":"https:\/\/linitiative.ca\/International\/wp-json\/wp\/v2\/posts\/65966","targetHints":{"allow":["GET"]}}],"collection":[{"href":"https:\/\/linitiative.ca\/International\/wp-json\/wp\/v2\/posts"}],"about":[{"href":"https:\/\/linitiative.ca\/International\/wp-json\/wp\/v2\/types\/post"}],"author":[{"embeddable":true,"href":"https:\/\/linitiative.ca\/International\/wp-json\/wp\/v2\/users\/1760"}],"replies":[{"embeddable":true,"href":"https:\/\/linitiative.ca\/International\/wp-json\/wp\/v2\/comments?post=65966"}],"version-history":[{"count":0,"href":"https:\/\/linitiative.ca\/International\/wp-json\/wp\/v2\/posts\/65966\/revisions"}],"wp:attachment":[{"href":"https:\/\/linitiative.ca\/International\/wp-json\/wp\/v2\/media?parent=65966"}],"wp:term":[{"taxonomy":"category","embeddable":true,"href":"https:\/\/linitiative.ca\/International\/wp-json\/wp\/v2\/categories?post=65966"},{"taxonomy":"post_tag","embeddable":true,"href":"https:\/\/linitiative.ca\/International\/wp-json\/wp\/v2\/tags?post=65966"}],"curies":[{"name":"wp","href":"https:\/\/api.w.org\/{rel}","templated":true}]}}