{"id":65967,"date":"2019-10-30T06:51:07","date_gmt":"2019-10-30T10:51:07","guid":{"rendered":"https:\/\/linitiative.ca\/International\/les-marocains-du-monde-condamnent-unanimement-lacte-criminel\/"},"modified":"2019-10-30T06:51:07","modified_gmt":"2019-10-30T10:51:07","slug":"les-marocains-du-monde-condamnent-unanimement-lacte-criminel","status":"publish","type":"post","link":"https:\/\/linitiative.ca\/International\/les-marocains-du-monde-condamnent-unanimement-lacte-criminel\/","title":{"rendered":"Les Marocains du monde condamnent unanimement l\u2019acte criminel"},"content":{"rendered":"<p class=\"has-text-color has-vivid-red-color\"><strong>Plusieurs associations de Marocains r\u00e9sidant en Europe ont condamn\u00e9 les actes de profanation du drapeau national lors d\u2019une manifestation samedi \u00e0 Paris.<\/strong><\/p>\n<p>Dans des communiqu\u00e9s rendus publics et largement diffus\u00e9s sur les r\u00e9seaux sociaux, ces associations ont estim\u00e9 que les agissements de cette poign\u00e9e d\u2019individus qui ne repr\u00e9sentent qu\u2019eux m\u00eames, constituent un acte criminel d\u00e9sapprouv\u00e9 et d\u00e9nonc\u00e9 par l\u2019ensemble des Marocains du monde.<\/p>\n<p>Pour l\u2019association \u00abDar El Kbira\u00bb de Bruxelles, ces actes commis par une poign\u00e9e d\u2019individus qui \u00e9margent aupr\u00e8s d\u2019officines s\u00e9paratistes douteuses, ne font que renforcer l\u2019attachement ind\u00e9fectible des Marocains de Belgique \u00e0 leur pays et \u00e0 leur Roi, exprimant leur mobilisation de tous les instants afin de contrer ces man\u0153uvres qui visent \u00e0 diviser les Marocains et \u00e0 alt\u00e9rer leur image.<\/p>\n<p>L\u2019association \u00abJossour Assalam\u00bb de Bruxelles a pour sa part d\u00e9nonc\u00e9 les \u00e9v\u00e9nements survenus \u00e0 Paris, notant que ces actes de provocation m\u00e9prisables n\u2019auront jamais aucun impact sur la force de mobilisation des Marocains du monde dans la d\u00e9fense des int\u00e9r\u00eats du Maroc et l\u2019int\u00e9grit\u00e9 et l\u2019unit\u00e9 de leur pays.<\/p>\n<p>Les ONG belges \u00abAdib Action Dialogue\u00bb, \u00abHelp Brussels\u00bb et \u00able forum citoyennet\u00e9 et coexistence \u00bb ont condamn\u00e9 la profanation du drapeau national par \u00abquelques individus manipul\u00e9s\u00bb. lles ont soulign\u00e9 que cet acte ne fait que renforcer leur d\u00e9termination \u00e0 d\u00e9fendre jusqu\u2019au bout les int\u00e9r\u00eats de leur pays et \u00e0 hisser haut son drapeau national et faire honneur \u00e0 ses symboles, comme l\u2019ont fait leurs parents et anc\u00eatres.<\/p>\n<p>Le site d\u2019information belge AkhbarCME.com a aussi d\u00e9nonc\u00e9 cet acte de provocation perp\u00e9tr\u00e9 par un groupuscule d\u2019individus.<\/p>\n<p>Pour son directeur Mohamed Cherradi, les auteurs de cet acte odieux ne repr\u00e9sentent qu\u2019eux m\u00eame et ne peuvent aucunement parler au nom des fils de la r\u00e9gion du Rif qui sont attach\u00e9s \u00e0 leur patrie et \u00e0 leur Roi et ne m\u00e9nageront aucun effort pour d\u00e9fendre les valeurs sacr\u00e9es du Royaume, son unit\u00e9 et son int\u00e9grit\u00e9 territoriale.<\/p>\n<p>En Allemagne, le Conseil f\u00e9d\u00e9ral marocain a, de son c\u00f4t\u00e9, d\u00e9nonc\u00e9 ces actes de provocation qu\u2019il qualifie d\u2019irresponsables et qui ont suscit\u00e9 l\u2019\u00e9moi et l\u2019indignation de l\u2019ensemble des Marocains r\u00e9sidant en Allemagne, qui sont fiers de leur attachement \u00e0 la M\u00e8re patrie et aux symboles de la Nation.<\/p>\n<p>Le Conseil f\u00e9d\u00e9ral marocain d\u2019Allemagne de D\u00fcsseldorf, les associations de mosqu\u00e9es marocaines et les acteurs de la soci\u00e9t\u00e9 civile d\u00e9noncent dans les termes les plus \u00e9nergiques ces actes odieux.<\/p>\n<p>Tout en pr\u00e9cisant que ces agissements n\u2019entameront en rien la coh\u00e9sion nationale et leur attachement \u00e0 leur pays, le Maroc, et \u00e0 ses constantes nationales, ils r\u00e9it\u00e8rent leur mobilisation derri\u00e8re SM le Roi Mohammed VI pour d\u00e9fendre l\u2019unit\u00e9 du pays, \u0153uvrer \u00e0 son rayonnement et \u00e0 sa grandeur et se dresser contre toutes les man\u0153uvres visant son unit\u00e9.<\/p>\n<p>L\u2019association islamique des jeunes et services sociaux \u00e0 Francfort a pour sa part condamn\u00e9 la profanation du drapeau national, notant que \u00abcet acte l\u00e2che\u00bb a provoqu\u00e9 l\u2019indignation de tous les Marocains y compris ceux issus de la r\u00e9gion du Rif.<\/p>\n<p>\u00abNous d\u00e9non\u00e7ons cet acte de haute trahison \u00e0 l\u2019\u00e9gard de tous les Marocains et les fils de la r\u00e9gion du Rif\u00bb, \u00e9crit l\u2019association dans un communiqu\u00e9, r\u00e9it\u00e9rant l\u2019attachement ind\u00e9fectible des MRE \u00e0 leur patrie et leur fid\u00e9lit\u00e9 et loyalisme \u00e0 sa Devise sacr\u00e9e Dieu, la Patrie, le Roi.<\/p>\n<p>Le Conseil de la communaut\u00e9 marocaine \u00e0 l\u2019\u00e9tranger (CCME) a condamn\u00e9, dimanche, les agissements de certains individus qui ont br\u00fbl\u00e9 le drapeau national lors d\u2019une manifestation samedi \u00e0 Paris, soulignant que cet acte \u00ab\u00a0enfantin et l\u00e2che\u00a0\u00bb est une \u00ab\u00a0atteinte grave \u00e0 l\u2019un des symboles de la souverainet\u00e9 nationale et \u00e0 la dignit\u00e9 des Marocains\u00a0\u00bb aussi bien dans le Royaume qu\u2019ailleurs.<\/p>\n<p>\u00ab\u00a0Ce genre d\u2019agissements provocateurs n\u2019entamera en rien la coh\u00e9sion nationale et la relation affective qui lie les Marocains du monde \u00e0 leur M\u00e8re-Patrie, Roi et peuple, et qui n\u2019ont eu de cesse de refl\u00e9ter\u00a0\u00bb et exprimer \u00e0 chaque occasion, souligne le CCME dans un communiqu\u00e9.<\/p>\n<p>Auteur: M&rsquo;hammed rahal<br \/>\n<a href=\"http:\/\/albayane.press.ma\/les-marocains-du-monde-condamnent-unanimement-lacte-criminel.html\">Cliquez ici pour lire l&rsquo;article depuis sa source.<\/a><\/p>\n","protected":false},"excerpt":{"rendered":"<p>Plusieurs associations de Marocains r\u00e9sidant en Europe ont condamn\u00e9 les actes de profanation du drapeau national lors d\u2019une manifestation samedi \u00e0 Paris. Dans des communiqu\u00e9s rendus publics et largement diffus\u00e9s sur les r\u00e9seaux sociaux, ces associations ont estim\u00e9 que les agissements de cette poign\u00e9e d\u2019individus qui ne repr\u00e9sentent qu\u2019eux m\u00eames, constituent un acte criminel d\u00e9sapprouv\u00e9 [&hellip;]<\/p>\n","protected":false},"author":1760,"featured_media":0,"comment_status":"closed","ping_status":"closed","sticky":false,"template":"","format":"standard","meta":{"fifu_image_url":"","fifu_image_alt":"","footnotes":""},"categories":[73,54],"tags":[],"class_list":["post-65967","post","type-post","status-publish","format-standard","hentry","category-actualite","category-maroc"],"_links":{"self":[{"href":"https:\/\/linitiative.ca\/International\/wp-json\/wp\/v2\/posts\/65967","targetHints":{"allow":["GET"]}}],"collection":[{"href":"https:\/\/linitiative.ca\/International\/wp-json\/wp\/v2\/posts"}],"about":[{"href":"https:\/\/linitiative.ca\/International\/wp-json\/wp\/v2\/types\/post"}],"author":[{"embeddable":true,"href":"https:\/\/linitiative.ca\/International\/wp-json\/wp\/v2\/users\/1760"}],"replies":[{"embeddable":true,"href":"https:\/\/linitiative.ca\/International\/wp-json\/wp\/v2\/comments?post=65967"}],"version-history":[{"count":0,"href":"https:\/\/linitiative.ca\/International\/wp-json\/wp\/v2\/posts\/65967\/revisions"}],"wp:attachment":[{"href":"https:\/\/linitiative.ca\/International\/wp-json\/wp\/v2\/media?parent=65967"}],"wp:term":[{"taxonomy":"category","embeddable":true,"href":"https:\/\/linitiative.ca\/International\/wp-json\/wp\/v2\/categories?post=65967"},{"taxonomy":"post_tag","embeddable":true,"href":"https:\/\/linitiative.ca\/International\/wp-json\/wp\/v2\/tags?post=65967"}],"curies":[{"name":"wp","href":"https:\/\/api.w.org\/{rel}","templated":true}]}}