{"id":65968,"date":"2019-10-30T06:57:47","date_gmt":"2019-10-30T10:57:47","guid":{"rendered":"https:\/\/linitiative.ca\/International\/la-wtm-du-tourisme-pointe-du-nez\/"},"modified":"2019-10-30T06:57:47","modified_gmt":"2019-10-30T10:57:47","slug":"la-wtm-du-tourisme-pointe-du-nez","status":"publish","type":"post","link":"https:\/\/linitiative.ca\/International\/la-wtm-du-tourisme-pointe-du-nez\/","title":{"rendered":"La WTM du tourisme pointe du nez!"},"content":{"rendered":"<p class=\"has-text-color has-vivid-cyan-blue-color\"><strong>A partir du lundi 4 novembre prochain, la World Travel Market, la plus prestigieuse foire des voyages, apr\u00e8s celle de Berlin, se pr\u00e9pare \u00e0 accueillir, \u00e0 bras le corps, des exposants et intervenants du secteur de tous les coins de la plan\u00e8te, munis des plus r\u00e9volutionnaires des novations, en mati\u00e8re de marketing et de promotion.<\/strong><\/p>\n<p>L\u2019industrie touristique est de plus en plus porteuse et g\u00e9n\u00e9ratrice de devises \u00e0 travers le globe, en d\u00e9pit des al\u00e9as conjoncturels Selon l\u2019Organisation Mondiale du Tourisme (OMT), cet essor ph\u00e9nom\u00e9nal constitue le levier de l\u2019\u00e9conomie plan\u00e9taire en nette ascension, de par l\u2019incorporation des trusts industriels et financiers dans les march\u00e9s et l\u2019injection de gros investissements dans les sch\u00e9mas d\u2019expansion des destinations tant traditionnels qu\u2019\u00e9mergents.<\/p>\n<p>Cette ruade o\u00f9 s\u2019interactive un large \u00e9ventail de nations \u00e0 vocation touristique, se tiendra tenue la 40\u00e8me \u00a0\u00e9dition de la World Travel Market du 4 au 6 novembre 2020, au fameux Excel Docklandsen terre londonienne. Destin\u00e9 exclusivement \u00e0 l\u2019industrie des voyages, le salon britannique est devenu, au fil du temps, un espace incontournable des rencontres des prestataires de services et de fournisseurs de produits du tourisme. C\u2019est \u00e9galement un lieu privil\u00e9gi\u00e9 pour \u00e9tablir des contacts et des \u00e9changes avec les d\u00e9cideurs tant institutionnels que professionnels, actualiser le savoir sur les progr\u00e8s et les tendances de l\u2019industrie du tourisme et collecter toutes les infos possibles en vue de pr\u00e9parer les plans d\u2019actions et les m\u00e9thodes appropri\u00e9es \u00e0 suivre.<\/p>\n<p>Au vu de ces opportunit\u00e9s immenses qui s\u2019offrent aux participants \u00e0 cette manifestation de haute renomm\u00e9e universelle, le Maroc, qui place l\u2019industrie du tourisme au devant de ses priorit\u00e9s, compte tenu du potentiel\u00a0 dont il dispose, se voit contraint de se frayer une place parmi les t\u00e9nors du secteur.<\/p>\n<p>Certes, on ne peut pr\u00e9tendre rivaliser, pour l\u2019instant, avec les g\u00e9ants en la mati\u00e8re notamment, l\u2019Espagne dont le stand aux multiples exhibitions des gouvernements autonomes est, \u00e0 peu pr\u00e8s, vingt fois plus spacieux que le n\u00f4tre. Cependant, on ne peut non plus perdre de vue l\u2019effort d\u00e9ploy\u00e9 par notre pays pour s\u2019adjuger une superficie et y faire bonne figure.<\/p>\n<p>Ce n\u2019est pas du tout \u00e9vident si l\u2019on sait que la comp\u00e9titivit\u00e9 est si f\u00e9roce qu\u2019il est imp\u00e9ratif de se doter de tous les moyens mat\u00e9riels, techniques et humains pour pouvoir convaincre des march\u00e9s \u00e9metteurs, de plus en plus exigeants. Le cas du march\u00e9 britannique est tr\u00e8s significatif, sur toile de fond du Brexit.<\/p>\n<p>Dans ce contexte concurrentiel, la d\u00e9l\u00e9gation marocaine se mettra \u00e0 l\u2019\u00e9preuve, sur cette \u00abrivalit\u00e9\u00bb \u00a0surchauff\u00e9e afin de relever les d\u00e9fis. A ce propos, l\u2019effectif Agadir, avec une pl\u00e9iade d\u2019acteurs de tourisme, toutes professions r\u00e9unies prend part \u00e0 cette course effr\u00e9n\u00e9e. C\u2019est l\u00e0 une excellente initiative \u00e0 mettre constamment \u00e0 l\u2019actif du Conseil r\u00e9gional du tourisme d\u2019Agadir, dont le leitmotiv ne cesse de s\u2019atteler, corps et \u00e2me, \u00e0 cette approche f\u00e9d\u00e9ratrice au service de l\u2019industrie touristique du pays.<\/p>\n<p>Tel un rucher flamboyant, cet ensemble se d\u00e9m\u00e8nera, sans doute, au niveau de la r\u00e9vision \u00e0 la \u00a0baisse des tarifs pr\u00e9f\u00e9rentiels au sein des structures h\u00f4teli\u00e8res et de pr\u00e9l\u00e8vement fiscal aux a\u00e9roportuaires en vue d\u2019encourager la client\u00e8le du Royaume uni \u00e0 opter pour le produit baln\u00e9aire Agadir, d\u2019autant plus que la pr\u00e9pond\u00e9rance du choix des destinations en dehors de la zone Europe offrant le meilleur rapport qualit\u00e9\/prix est tributaire de la r\u00e9duction des prix en faveur d\u2019une demande vuln\u00e9rable.<\/p>\n<p>Si le d\u00e9collage touristique est \u00a0tributaire de l\u2019a\u00e9rien, la lanc\u00e9e de cette acquisition s\u2019av\u00e8re rentable \u00e0 condition d\u2019assurer les remplissages dans les deux sens, tout en sachant que des TO de cette taille n\u2019y sont plus, \u00e0 l\u2019image de Thomas Cook.<\/p>\n<p>Toutefois, l\u2019optimisme reste de mise. La commercialisation de la destination n\u00e9cessite alors une v\u00e9ritable ru\u00e9e vers les liaisons a\u00e9riennes avec des commodit\u00e9s plus comp\u00e9titives au niveau des accompagnements directs.<\/p>\n<p>Car, on convient \u00e0 dire que le manque \u00e0 gagner en termes de la fluidit\u00e9 a\u00e9rienne est une v\u00e9ritable entrave au d\u00e9collage du secteur touristique. Cette p\u00e9nurie contraint le corps du tourisme r\u00e9gional et, partant, national \u00e0 diversifier les contacts et \u00e0 \u00abvendre\u00bb le produit le plus intelligemment du monde, \u00e0 travers des offres plus tentantes.Les atouts ind\u00e9niables dont regorge la r\u00e9gion Souss Massa, plaident \u00a0amplement pour se focaliser sur le renforcement des r\u00e9seaux a\u00e9riens, surtout que la compagnie marocaine persiste \u00e0 tourner le dos aux dol\u00e9ances r\u00e9gionales.<\/p>\n<p>C\u2019est un combat de longue haleine dont les artisans sont \u00e9videmment toutes les constituantes de la communaut\u00e9 de la r\u00e9gion (autorit\u00e9s, corps \u00e9lus, institutions publiques, r\u00e9seau associatif\u2026). La synergie qui a souvent r\u00e9gn\u00e9 durant la p\u00e9riode du WTM \u00e0 Londres repr\u00e9sente un signe non n\u00e9gligeable de ce degr\u00e9 de conscience et de conviction marquant les acteurs directs de la profession.<\/p>\n<p>Auteur: M&rsquo;hammed rahal<br \/>\n<a href=\"http:\/\/albayane.press.ma\/la-wtm-du-tourisme-pointe-du-nez.html\">Cliquez ici pour lire l&rsquo;article depuis sa source.<\/a><\/p>\n","protected":false},"excerpt":{"rendered":"<p>A partir du lundi 4 novembre prochain, la World Travel Market, la plus prestigieuse foire des voyages, apr\u00e8s celle de Berlin, se pr\u00e9pare \u00e0 accueillir, \u00e0 bras le corps, des exposants et intervenants du secteur de tous les coins de la plan\u00e8te, munis des plus r\u00e9volutionnaires des novations, en mati\u00e8re de marketing et de promotion. [&hellip;]<\/p>\n","protected":false},"author":1760,"featured_media":0,"comment_status":"closed","ping_status":"closed","sticky":false,"template":"","format":"standard","meta":{"fifu_image_url":"","fifu_image_alt":"","footnotes":""},"categories":[73,54],"tags":[],"class_list":["post-65968","post","type-post","status-publish","format-standard","hentry","category-actualite","category-maroc"],"_links":{"self":[{"href":"https:\/\/linitiative.ca\/International\/wp-json\/wp\/v2\/posts\/65968","targetHints":{"allow":["GET"]}}],"collection":[{"href":"https:\/\/linitiative.ca\/International\/wp-json\/wp\/v2\/posts"}],"about":[{"href":"https:\/\/linitiative.ca\/International\/wp-json\/wp\/v2\/types\/post"}],"author":[{"embeddable":true,"href":"https:\/\/linitiative.ca\/International\/wp-json\/wp\/v2\/users\/1760"}],"replies":[{"embeddable":true,"href":"https:\/\/linitiative.ca\/International\/wp-json\/wp\/v2\/comments?post=65968"}],"version-history":[{"count":0,"href":"https:\/\/linitiative.ca\/International\/wp-json\/wp\/v2\/posts\/65968\/revisions"}],"wp:attachment":[{"href":"https:\/\/linitiative.ca\/International\/wp-json\/wp\/v2\/media?parent=65968"}],"wp:term":[{"taxonomy":"category","embeddable":true,"href":"https:\/\/linitiative.ca\/International\/wp-json\/wp\/v2\/categories?post=65968"},{"taxonomy":"post_tag","embeddable":true,"href":"https:\/\/linitiative.ca\/International\/wp-json\/wp\/v2\/tags?post=65968"}],"curies":[{"name":"wp","href":"https:\/\/api.w.org\/{rel}","templated":true}]}}