{"id":65970,"date":"2019-10-30T07:09:54","date_gmt":"2019-10-30T11:09:54","guid":{"rendered":"https:\/\/linitiative.ca\/International\/le-sg-du-pps-recoit-les-dirigeants-de-la-coalition-nationale-syrienne\/"},"modified":"2019-10-30T07:09:54","modified_gmt":"2019-10-30T11:09:54","slug":"le-sg-du-pps-recoit-les-dirigeants-de-la-coalition-nationale-syrienne","status":"publish","type":"post","link":"https:\/\/linitiative.ca\/International\/le-sg-du-pps-recoit-les-dirigeants-de-la-coalition-nationale-syrienne\/","title":{"rendered":"Le SG du PPS re\u00e7oit les dirigeants de la Coalition nationale syrienne"},"content":{"rendered":"<p class=\"has-text-color has-vivid-cyan-blue-color\"><strong>Le Secr\u00e9taire g\u00e9n\u00e9ral du Parti du progr\u00e8s et du socialisme, Mohamed Nabil Benabdallah, a re\u00e7u, lundi soir au si\u00e8ge national du parti \u00e0 Rabat, le pr\u00e9sident de la Coalition nationale syrienne des forces de l\u2019opposition et de la r\u00e9volution (CNFOR), appel\u00e9e aussi Coalition nationale syrienne (CNS), Anass El Abda, qui conduisait une d\u00e9l\u00e9gation compos\u00e9e notamment de Me Ykab Yahya, vice- pr\u00e9sident de la Coalition et de Me Ahmed Ramadane, membre de son instance politique.<\/strong><\/p>\n<p class=\"has-text-color has-vivid-cyan-blue-color\">La d\u00e9l\u00e9gation syrienne a \u00e9t\u00e9 accueillie par le Secr\u00e9taire g\u00e9n\u00e9ral, accompagn\u00e9 des camarades Azzouz Senhaji et Rachid Roukbane, membres du Bureau politique du parti.<\/p>\n<p class=\"has-text-color has-vivid-cyan-blue-color\">Au cours de cette rencontre, la d\u00e9l\u00e9gation syrienne a expos\u00e9 les derniers d\u00e9veloppements de la situation en Syrie et en particulier aux niveaux politique et des droits humains. Elle a fait \u00e9tat aussi des initiatives et des pas franchis dans le cadre du processus du r\u00e8glement politique de la situation et des d\u00e9fis \u00e0 relever, du point de vue de la Coalition nationale syrienne.<\/p>\n<p class=\"has-text-color has-vivid-cyan-blue-color\">Pour sa part, le PPS a r\u00e9affirm\u00e9 ses positions de principe de la situation en Syrie appelant \u00e0 une solution politique, fond\u00e9e sur le r\u00e9tablissement de la stabilit\u00e9 et la pr\u00e9servation de l\u2019int\u00e9grit\u00e9 territoriale de la Syrie et de sa souverainet\u00e9. Une telle solution devra \u00e9galement donner lieu \u00e0 un r\u00e8glement et \u00e0 des alternatives politiques qui garantissent au peuple syrien la dignit\u00e9, la d\u00e9mocratie et la libert\u00e9 dans le respect total de sa volont\u00e9 et loin de toute ing\u00e9rence \u00e9trang\u00e8re.<\/p>\n<p>Auteur: M&rsquo;hammed rahal<br \/>\n<a href=\"http:\/\/albayane.press.ma\/le-sg-du-pps-recoit-les-dirigeants-de-la-coalition-nationale-syrienne.html\">Cliquez ici pour lire l&rsquo;article depuis sa source.<\/a><\/p>\n","protected":false},"excerpt":{"rendered":"<p>Le Secr\u00e9taire g\u00e9n\u00e9ral du Parti du progr\u00e8s et du socialisme, Mohamed Nabil Benabdallah, a re\u00e7u, lundi soir au si\u00e8ge national du parti \u00e0 Rabat, le pr\u00e9sident de la Coalition nationale syrienne des forces de l\u2019opposition et de la r\u00e9volution (CNFOR), appel\u00e9e aussi Coalition nationale syrienne (CNS), Anass El Abda, qui conduisait une d\u00e9l\u00e9gation compos\u00e9e notamment [&hellip;]<\/p>\n","protected":false},"author":1760,"featured_media":0,"comment_status":"closed","ping_status":"closed","sticky":false,"template":"","format":"standard","meta":{"fifu_image_url":"","fifu_image_alt":"","footnotes":""},"categories":[73,54],"tags":[],"class_list":["post-65970","post","type-post","status-publish","format-standard","hentry","category-actualite","category-maroc"],"_links":{"self":[{"href":"https:\/\/linitiative.ca\/International\/wp-json\/wp\/v2\/posts\/65970","targetHints":{"allow":["GET"]}}],"collection":[{"href":"https:\/\/linitiative.ca\/International\/wp-json\/wp\/v2\/posts"}],"about":[{"href":"https:\/\/linitiative.ca\/International\/wp-json\/wp\/v2\/types\/post"}],"author":[{"embeddable":true,"href":"https:\/\/linitiative.ca\/International\/wp-json\/wp\/v2\/users\/1760"}],"replies":[{"embeddable":true,"href":"https:\/\/linitiative.ca\/International\/wp-json\/wp\/v2\/comments?post=65970"}],"version-history":[{"count":0,"href":"https:\/\/linitiative.ca\/International\/wp-json\/wp\/v2\/posts\/65970\/revisions"}],"wp:attachment":[{"href":"https:\/\/linitiative.ca\/International\/wp-json\/wp\/v2\/media?parent=65970"}],"wp:term":[{"taxonomy":"category","embeddable":true,"href":"https:\/\/linitiative.ca\/International\/wp-json\/wp\/v2\/categories?post=65970"},{"taxonomy":"post_tag","embeddable":true,"href":"https:\/\/linitiative.ca\/International\/wp-json\/wp\/v2\/tags?post=65970"}],"curies":[{"name":"wp","href":"https:\/\/api.w.org\/{rel}","templated":true}]}}