{"id":65971,"date":"2019-10-30T07:34:36","date_gmt":"2019-10-30T11:34:36","guid":{"rendered":"https:\/\/linitiative.ca\/International\/al-karama-holding-appel-a-manifestation-dinteret-pour-la-cession-de-la-societe-karthago-private-jet\/"},"modified":"2019-10-30T07:34:36","modified_gmt":"2019-10-30T11:34:36","slug":"al-karama-holding-appel-a-manifestation-dinteret-pour-la-cession-de-la-societe-karthago-private-jet","status":"publish","type":"post","link":"https:\/\/linitiative.ca\/International\/al-karama-holding-appel-a-manifestation-dinteret-pour-la-cession-de-la-societe-karthago-private-jet\/","title":{"rendered":"Al Karama Holding :  Appel \u00e0 manifestation d\u2019int\u00e9r\u00eat pour la cession de la soci\u00e9t\u00e9  \u00bb Karthago Private Jet \u00bb"},"content":{"rendered":"<p>La soci\u00e9t\u00e9 Al Karama Holding, agissant pour le compte de l\u2019Etat Tunisien, a annonc\u00e9 sur son site, qu\u2019elle envisage de proc\u00e9der, sur appel d\u2019offres, \u00e0 la cession des participations publiques directes et indirectes, repr\u00e9sentant 100% du capital de la soci\u00e9t\u00e9 Karthago Private Jet \u00ab KPJ \u00bb.<\/p>\n<p>\u00bb KPJ \u00bb est une soci\u00e9t\u00e9 anonyme cr\u00e9\u00e9e en 2008, par Belhassen Trabelsi, beau-fr\u00e8re du pr\u00e9sident d\u00e9chu, feu Zine El Abidine Ben Ali. Son capital s\u2019\u00e9l\u00e8ve \u00e0 5 000 000 D. La soci\u00e9t\u00e9 a pour objet principal le transport a\u00e9rien sur demande et tous les travaux a\u00e9riens li\u00e9s \u00e0 cette activit\u00e9.<\/p>\n<p>Tout investisseur d\u00e9sirant participer \u00e0 ce processus devra \u00eatre une personne physique ou morale de nationalit\u00e9 tunisienne ou un consortium compos\u00e9 par des personnes physiques et\/ou morales de nationalit\u00e9 tunisienne et dirig\u00e9 par un chef de file.<\/p>\n<p>Les investisseurs de nationalit\u00e9 \u00e9trang\u00e8re peuvent participer au pr\u00e9sent appel \u00e0 manifestation d\u2019Int\u00e9r\u00eat sous forme d\u2019un groupement avec un ou plusieurs investisseurs tunisiens. Ils devront se conformer \u00e0 la r\u00e9glementation r\u00e9gissant le secteur d\u2019activit\u00e9 de la Soci\u00e9t\u00e9 et notamment le d\u00e9cret-gouvernemental N\u00b02018-417 du 11 Mai 2018.<\/p>\n<p>Le processus de cession comprend une phase de pr\u00e9-qualification des candidats, suivie d\u2019une phase d\u2019offres financi\u00e8res ouverte \u00e0 tous les candidats pr\u00e9-qualifi\u00e9s.<\/p>\n<p>Les investisseurs int\u00e9ress\u00e9s sont invit\u00e9s \u00e0 retirer un dossier de pr\u00e9-qualification et ce \u00e0 partir du mercredi 30 octobre 2019 \u00e0 10h00, au si\u00e8ge de Al Karama Holding. Ils devront faire parvenir leurs dossiers de manifestation d\u2019int\u00e9r\u00eat, au plus tard le vendredi 29 novembre 2019 \u00e0 17h \u00e0 l\u2019adresse d\u2019Al Karama Holding.<\/p>\n<p>Les candidats pr\u00e9-qualifi\u00e9s seront notifi\u00e9s par \u00e9crit, et seront, d\u00e8s lors, en droit de retirer un dossier d\u2019appel d\u2019offres.<\/p>\n<p class=\"dpsp-share-text\">Partager c&rsquo;est aimer!<\/p>\n<div class=\"wp-post-author-wrap wp-post-author-shortcode left\">\n<h3 class=\"awpa-title\"\/>\n<div class=\"wp-post-author\">\n<div class=\"awpa-img awpa-author-block square\"><a href=\"http:\/\/lexpertjournal.net\/fr\/author\/expert\/\"><img loading=\"lazy\" decoding=\"async\" alt=\"\" src=\"http:\/\/2.gravatar.com\/avatar\/56d99be2a6f97af88ccb49fada637fcd?s=150&#038;d=mm&#038;r=g\" srcset=\"http:\/\/2.gravatar.com\/avatar\/56d99be2a6f97af88ccb49fada637fcd?s=300&#038;d=mm&#038;r=g 2x\" class=\"avatar avatar-150 photo\" height=\"150\" width=\"150\"\/><\/a><\/div>\n<\/div>\n<\/div>\n<p>Auteur: L&rsquo;expert<br \/>\n<a href=\"http:\/\/lexpertjournal.net\/fr\/2019\/10\/30\/al-karama-holding-appel-a-manifestation-dinteret-pour-la-cession-de-la-societe-karthago-private-jet\/\">Cliquez ici pour lire l&rsquo;article depuis sa source.<\/a><\/p>\n","protected":false},"excerpt":{"rendered":"<p>La soci\u00e9t\u00e9 Al Karama Holding, agissant pour le compte de l\u2019Etat Tunisien, a annonc\u00e9 sur son site, qu\u2019elle envisage de proc\u00e9der, sur appel d\u2019offres, \u00e0 la cession des participations publiques directes et indirectes, repr\u00e9sentant 100% du capital de la soci\u00e9t\u00e9 Karthago Private Jet \u00ab KPJ \u00bb. \u00bb KPJ \u00bb est une soci\u00e9t\u00e9 anonyme cr\u00e9\u00e9e en [&hellip;]<\/p>\n","protected":false},"author":1775,"featured_media":0,"comment_status":"closed","ping_status":"closed","sticky":false,"template":"","format":"standard","meta":{"fifu_image_url":"","fifu_image_alt":"","footnotes":""},"categories":[78,55],"tags":[],"class_list":["post-65971","post","type-post","status-publish","format-standard","hentry","category-economie","category-tunisie"],"_links":{"self":[{"href":"https:\/\/linitiative.ca\/International\/wp-json\/wp\/v2\/posts\/65971","targetHints":{"allow":["GET"]}}],"collection":[{"href":"https:\/\/linitiative.ca\/International\/wp-json\/wp\/v2\/posts"}],"about":[{"href":"https:\/\/linitiative.ca\/International\/wp-json\/wp\/v2\/types\/post"}],"author":[{"embeddable":true,"href":"https:\/\/linitiative.ca\/International\/wp-json\/wp\/v2\/users\/1775"}],"replies":[{"embeddable":true,"href":"https:\/\/linitiative.ca\/International\/wp-json\/wp\/v2\/comments?post=65971"}],"version-history":[{"count":0,"href":"https:\/\/linitiative.ca\/International\/wp-json\/wp\/v2\/posts\/65971\/revisions"}],"wp:attachment":[{"href":"https:\/\/linitiative.ca\/International\/wp-json\/wp\/v2\/media?parent=65971"}],"wp:term":[{"taxonomy":"category","embeddable":true,"href":"https:\/\/linitiative.ca\/International\/wp-json\/wp\/v2\/categories?post=65971"},{"taxonomy":"post_tag","embeddable":true,"href":"https:\/\/linitiative.ca\/International\/wp-json\/wp\/v2\/tags?post=65971"}],"curies":[{"name":"wp","href":"https:\/\/api.w.org\/{rel}","templated":true}]}}