{"id":65973,"date":"2019-10-30T07:40:29","date_gmt":"2019-10-30T11:40:29","guid":{"rendered":"https:\/\/linitiative.ca\/International\/2eme-edition-du-forum-ambition-africa-60-entreprises-tunisiennes-de-la-partie-a-paris\/"},"modified":"2019-10-30T07:40:29","modified_gmt":"2019-10-30T11:40:29","slug":"2eme-edition-du-forum-ambition-africa-60-entreprises-tunisiennes-de-la-partie-a-paris","status":"publish","type":"post","link":"https:\/\/linitiative.ca\/International\/2eme-edition-du-forum-ambition-africa-60-entreprises-tunisiennes-de-la-partie-a-paris\/","title":{"rendered":"2\u00e8me \u00e9dition du Forum \u00ab Ambition Africa \u00bb : 60 entreprises tunisiennes de la partie \u00e0 Paris"},"content":{"rendered":"<p>Une d\u00e9l\u00e9gation d\u2019une soixantaine d\u2019entreprises tunisiennes participe \u00e0 la deuxi\u00e8me \u00e9dition du Forum Economique \u00bb Ambition Africa \u00ab , organis\u00e9e \u00e0 Paris, les 30 et 31 octobre 2019, a annonc\u00e9 mardi, l\u2019Ambassade de France \u00e0 Tunis.<\/p>\n<p>La ministre de la Sant\u00e9, Sonia Ben Cheikh, repr\u00e9sente la Tunisie au Forum Ambition Africa, aux c\u00f4t\u00e9s d\u2019autres ministres africains. Elle interviendra dans le cadre de plusieurs tables-rondes portant sur le secteur de la sant\u00e9. Elle participera \u00e9galement, \u00e0 une rencontre avec des entreprises fran\u00e7aises du secteur de la sant\u00e9 organis\u00e9e par la Direction g\u00e9n\u00e9rale du Tr\u00e9sor.<\/p>\n<p>Les entreprises tunisiennes participantes auront l\u2019occasion d\u2019assister aux s\u00e9ances pl\u00e9ni\u00e8res qui r\u00e9uniront des ministres, des ambassadeurs, des intervenants de haut niveau et d\u2019autres d\u00e9l\u00e9gations d\u2019entreprises venant de l\u2019ensemble du continent africain.<\/p>\n<p>Elles auront surtout la possibilit\u00e9 de participer \u00e0 des rendez-vous d\u2019affaires B2B cibl\u00e9s, pendant lesquels elles rencontreront d\u2019autres entreprises fran\u00e7aises et africaines dans la perspective d\u2019acc\u00e9l\u00e9rer leur d\u00e9veloppement \u00e9conomique et commercial, notamment \u00e0 l\u2019international.<\/p>\n<p>Plac\u00e9 sous le haut patronage du Pr\u00e9sident de la R\u00e9publique fran\u00e7ais Emmanuel Macron et soutenu par le minist\u00e8re de l\u2019Economie et des Finances ainsi que le minist\u00e8re de l\u2019Europe et des Affaires Etrang\u00e8res, le Forum Economique \u00bb Ambition Africa \u00ab , est l\u2019\u00e9v\u00e8nement business de r\u00e9f\u00e9rence entre la France et l\u2019Afrique.<\/p>\n<p class=\"dpsp-share-text\">Partager c&rsquo;est aimer!<\/p>\n<div class=\"wp-post-author-wrap wp-post-author-shortcode left\">\n<h3 class=\"awpa-title\"\/>\n<div class=\"wp-post-author\">\n<div class=\"awpa-img awpa-author-block square\"><a href=\"http:\/\/lexpertjournal.net\/fr\/author\/expert\/\"><img loading=\"lazy\" decoding=\"async\" alt=\"\" src=\"http:\/\/2.gravatar.com\/avatar\/56d99be2a6f97af88ccb49fada637fcd?s=150&#038;d=mm&#038;r=g\" srcset=\"http:\/\/2.gravatar.com\/avatar\/56d99be2a6f97af88ccb49fada637fcd?s=300&#038;d=mm&#038;r=g 2x\" class=\"avatar avatar-150 photo\" height=\"150\" width=\"150\"\/><\/a><\/div>\n<\/div>\n<\/div>\n<p>Auteur: L&rsquo;expert<br \/>\n<a href=\"http:\/\/lexpertjournal.net\/fr\/2019\/10\/30\/2eme-edition-du-forum-ambition-africa-60-entreprises-tunisiennes-de-la-partie-a-paris\/\">Cliquez ici pour lire l&rsquo;article depuis sa source.<\/a><\/p>\n","protected":false},"excerpt":{"rendered":"<p>Une d\u00e9l\u00e9gation d\u2019une soixantaine d\u2019entreprises tunisiennes participe \u00e0 la deuxi\u00e8me \u00e9dition du Forum Economique \u00bb Ambition Africa \u00ab , organis\u00e9e \u00e0 Paris, les 30 et 31 octobre 2019, a annonc\u00e9 mardi, l\u2019Ambassade de France \u00e0 Tunis. La ministre de la Sant\u00e9, Sonia Ben Cheikh, repr\u00e9sente la Tunisie au Forum Ambition Africa, aux c\u00f4t\u00e9s d\u2019autres ministres [&hellip;]<\/p>\n","protected":false},"author":1775,"featured_media":0,"comment_status":"closed","ping_status":"closed","sticky":false,"template":"","format":"standard","meta":{"fifu_image_url":"","fifu_image_alt":"","footnotes":""},"categories":[78,55],"tags":[],"class_list":["post-65973","post","type-post","status-publish","format-standard","hentry","category-economie","category-tunisie"],"_links":{"self":[{"href":"https:\/\/linitiative.ca\/International\/wp-json\/wp\/v2\/posts\/65973","targetHints":{"allow":["GET"]}}],"collection":[{"href":"https:\/\/linitiative.ca\/International\/wp-json\/wp\/v2\/posts"}],"about":[{"href":"https:\/\/linitiative.ca\/International\/wp-json\/wp\/v2\/types\/post"}],"author":[{"embeddable":true,"href":"https:\/\/linitiative.ca\/International\/wp-json\/wp\/v2\/users\/1775"}],"replies":[{"embeddable":true,"href":"https:\/\/linitiative.ca\/International\/wp-json\/wp\/v2\/comments?post=65973"}],"version-history":[{"count":0,"href":"https:\/\/linitiative.ca\/International\/wp-json\/wp\/v2\/posts\/65973\/revisions"}],"wp:attachment":[{"href":"https:\/\/linitiative.ca\/International\/wp-json\/wp\/v2\/media?parent=65973"}],"wp:term":[{"taxonomy":"category","embeddable":true,"href":"https:\/\/linitiative.ca\/International\/wp-json\/wp\/v2\/categories?post=65973"},{"taxonomy":"post_tag","embeddable":true,"href":"https:\/\/linitiative.ca\/International\/wp-json\/wp\/v2\/tags?post=65973"}],"curies":[{"name":"wp","href":"https:\/\/api.w.org\/{rel}","templated":true}]}}