{"id":65994,"date":"2019-10-29T18:30:51","date_gmt":"2019-10-29T22:30:51","guid":{"rendered":"https:\/\/linitiative.ca\/International\/nador-accueille-le-salon-regional-de-lartisanat\/"},"modified":"2019-10-29T18:30:51","modified_gmt":"2019-10-29T22:30:51","slug":"nador-accueille-le-salon-regional-de-lartisanat","status":"publish","type":"post","link":"https:\/\/linitiative.ca\/International\/nador-accueille-le-salon-regional-de-lartisanat\/","title":{"rendered":"Nador accueille le Salon r\u00e9gional de l\u2019artisanat"},"content":{"rendered":"<p class=\"c1\">La ville de Nador accueille, jusqu\u2019au 6 novembre prochain, son Salon r\u00e9gional de l\u2019artisanat, dans le but de promouvoir le produit de l\u2019artisanat local et r\u00e9gional.<\/p>\n<p class=\"c1\">Organis\u00e9 par la Chambre d\u2019artisanat de la r\u00e9gion de l\u2019Oriental en collaboration avec d\u2019autres partenaires, le salon, tenu sur la corniche pr\u00e8s de la plage artificielle de Nador, connait la participation de nombreuses associations et coop\u00e9ratives d\u2019artisans des diff\u00e9rentes provinces de la r\u00e9gion ainsi que d\u2019autres r\u00e9gions du Maroc.<\/p>\n<p class=\"c1\">Dans une d\u00e9claration \u00e0 la presse \u00e0 l\u2019occasion de la c\u00e9r\u00e9monie d\u2019inauguration de ce salon, tenue lundi, le pr\u00e9sident de la Chambre d\u2019artisanat de l\u2019Oriental, Driss Boujouala, a salu\u00e9 la qualit\u00e9 remarquable des produits expos\u00e9s, qui refl\u00e8tent le savoir-faire et l\u2019habilit\u00e9 de l\u2019artisan marocain.<\/p>\n<p class=\"c1\">L\u2019ouverture de ce salon r\u00e9gional donne le coup d\u2019envoi d\u2019une s\u00e9rie de manifestations similaires qui mettront en avant le produit artisanal national et qui seront organis\u00e9es dans l\u2019ensemble des provinces de la r\u00e9gion de l\u2019Oriental, a-t-il affirm\u00e9, notant que cette r\u00e9gion se caract\u00e9rise par une grande diversit\u00e9 de son artisanat, qui repr\u00e9sente un levier important du d\u00e9veloppement \u00e9conomique et social.<\/p>\n<p class=\"c1\">Ce genre de salons rev\u00eat une grande importance du fait qu\u2019il permet aux artisans de commercialiser leurs produits et donner de la visibilit\u00e9 \u00e0 leur travail, de m\u00eame qu\u2019il offre l\u2019occasion aux habitants des diff\u00e9rentes provinces d\u2019admirer un large \u00e9ventail de produits de l\u2019artisanat et trouver des objets qui correspondent \u00e0 leurs attentes et besoins.<\/p>\n<p class=\"c1\">M. Boujouala a \u00e9galement mis l\u2019accent sur le prochain Salon national de l\u2019\u00e9conomie sociale et solidaire, qui s\u2019ouvrira le 9 novembre prochain \u00e0 Oujda et qui constituera un grand rendez-vous pour les associations et coop\u00e9ratives \u00e0 l\u2019\u00e9chelle nationale et une occasion de booster l\u2019artisanat et les produits de terroir.<\/p>\n<p>Auteur: Soufiane ELAHMAR<br \/>\n<a href=\"http:\/\/www.mapoujda.ma\/fr\/nador-accueille-le-salon-regional-de-lartisanat\/\">Cliquez ici pour lire l&rsquo;article depuis sa source.<\/a><\/p>\n","protected":false},"excerpt":{"rendered":"<p>La ville de Nador accueille, jusqu\u2019au 6 novembre prochain, son Salon r\u00e9gional de l\u2019artisanat, dans le but de promouvoir le produit de l\u2019artisanat local et r\u00e9gional. Organis\u00e9 par la Chambre d\u2019artisanat de la r\u00e9gion de l\u2019Oriental en collaboration avec d\u2019autres partenaires, le salon, tenu sur la corniche pr\u00e8s de la plage artificielle de Nador, connait [&hellip;]<\/p>\n","protected":false},"author":1788,"featured_media":0,"comment_status":"closed","ping_status":"closed","sticky":false,"template":"","format":"standard","meta":{"fifu_image_url":"","fifu_image_alt":"","footnotes":""},"categories":[54,76],"tags":[],"class_list":["post-65994","post","type-post","status-publish","format-standard","hentry","category-maroc","category-regions"],"_links":{"self":[{"href":"https:\/\/linitiative.ca\/International\/wp-json\/wp\/v2\/posts\/65994","targetHints":{"allow":["GET"]}}],"collection":[{"href":"https:\/\/linitiative.ca\/International\/wp-json\/wp\/v2\/posts"}],"about":[{"href":"https:\/\/linitiative.ca\/International\/wp-json\/wp\/v2\/types\/post"}],"author":[{"embeddable":true,"href":"https:\/\/linitiative.ca\/International\/wp-json\/wp\/v2\/users\/1788"}],"replies":[{"embeddable":true,"href":"https:\/\/linitiative.ca\/International\/wp-json\/wp\/v2\/comments?post=65994"}],"version-history":[{"count":0,"href":"https:\/\/linitiative.ca\/International\/wp-json\/wp\/v2\/posts\/65994\/revisions"}],"wp:attachment":[{"href":"https:\/\/linitiative.ca\/International\/wp-json\/wp\/v2\/media?parent=65994"}],"wp:term":[{"taxonomy":"category","embeddable":true,"href":"https:\/\/linitiative.ca\/International\/wp-json\/wp\/v2\/categories?post=65994"},{"taxonomy":"post_tag","embeddable":true,"href":"https:\/\/linitiative.ca\/International\/wp-json\/wp\/v2\/tags?post=65994"}],"curies":[{"name":"wp","href":"https:\/\/api.w.org\/{rel}","templated":true}]}}