{"id":65995,"date":"2019-10-29T20:31:41","date_gmt":"2019-10-30T00:31:41","guid":{"rendered":"https:\/\/linitiative.ca\/International\/m-heydt-le-maroc-a-realise-une-metamorphose-generalisee\/"},"modified":"2019-10-29T20:31:41","modified_gmt":"2019-10-30T00:31:41","slug":"m-heydt-le-maroc-a-realise-une-metamorphose-generalisee","status":"publish","type":"post","link":"https:\/\/linitiative.ca\/International\/m-heydt-le-maroc-a-realise-une-metamorphose-generalisee\/","title":{"rendered":"M. Heydt : Le Maroc a r\u00e9alis\u00e9 une m\u00e9tamorphose g\u00e9n\u00e9ralis\u00e9e"},"content":{"rendered":"<p class=\"c1\">Le Royaume du Maroc a su, durant ces deux derni\u00e8res d\u00e9cennies, r\u00e9aliser une m\u00e9tamorphose g\u00e9n\u00e9ralis\u00e9e sans pour autant perdre ses valeurs, son histoire ou sa singularit\u00e9, a affirm\u00e9, mardi \u00e0 Oujda, l\u2019universitaire et \u00e9crivain-chercheur, Jean-Marie Heydt.<\/p>\n<p class=\"c1\">Auteur du l\u2019ouvrage \u00ab\u00a0Mohammed VI \u2013 La vision d\u2019un Roi : actions et ambitions\u00a0\u00bb, le professeur Heydt \u00e9tait l\u2019invit\u00e9 d\u2019honneur de l\u2019Universit\u00e9 Mohammed Premier (UMP) d\u2019Oujda o\u00f9 il a anim\u00e9 la conf\u00e9rence inaugurale de l\u2019ann\u00e9e universitaire 2019-2020 sous le th\u00e8me \u00ab\u00a0Le Maroc : une voile pour l\u2019Europe, un moteur pour l\u2019Afrique sous les nouvelles politiques\u00a0\u00bb.<\/p>\n<p class=\"c1\">Outre les r\u00e9alisations et les avanc\u00e9es remarquables r\u00e9alis\u00e9es par le Royaume durant ces vingt derni\u00e8res ann\u00e9es, le conf\u00e9rencier a ax\u00e9 son intervention sur les rapports entre le Maroc et l\u2019Afrique, entre le Maroc et l\u2019Europe et sur le r\u00f4le que peut joue le Maroc en tant que pont strat\u00e9gique entre les deux continents.<\/p>\n<p class=\"c1\">Il a soulign\u00e9 \u00e0 cette occasion que la vision modernisatrice de SM le Roi Mohammed VI est sans nul conteste l\u2019\u00e9l\u00e9ment clef des changements qu\u2019a connus le Royaume, car \u00ab\u00a0face aux classiques r\u00e9sistances aux changements (\u2026) Il est arriv\u00e9 \u00e0 faire avancer, par le dialogue d\u00e9mocratique, le Maroc vers la modernit\u00e9\u00a0\u00bb.<\/p>\n<p class=\"c1\">De l\u2019avis de ce socio-p\u00e9dagogue passionn\u00e9 par l\u2019observation et l\u2019analyse des effets produits par les choix politiques sur l\u2019avenir des populations, le Maroc a formidablement bien progress\u00e9 et est en capacit\u00e9 aujourd\u2019hui d\u2019apporter son exp\u00e9rience \u00e0 l\u2019Europe.<\/p>\n<p class=\"c1\">Dans ce sillage, M. Heydt (de nationalit\u00e9 suisse mais aussi fran\u00e7aise), a pass\u00e9 en revue certains des grands domaines qui ont propuls\u00e9 le Maroc de ces deux derni\u00e8res d\u00e9cennies, \u00e9voquant notamment la dimension sociale, religieuse et humaine avec le statut de la femme, les droits de l\u2019enfant, les droits humains et notamment la remarquable mise en \u0153uvre de l\u2019approche humaniste de la question migratoire, en sus de la couverture m\u00e9dicale et les nouvelles perspectives de retraites, la r\u00e9forme de la justice ou encore la nouvelle formation des imams et des pr\u00e9dicatrices.<\/p>\n<p class=\"c1\">Il a aussi mis l\u2019accent sur les nombreux et importants chantiers men\u00e9s dans le domaine \u00e9conomique (TGV, tramway, Tanger-Med, l\u2019industrie automobile, Plan Maroc Vert, Plan solaire\u2026), dans le domaine d\u00e9mocratique avec le principe de la r\u00e9gionalisation avanc\u00e9e mais aussi le principe de la participation de la soci\u00e9t\u00e9 civile et du monde associatif, et la mise en place de l\u2019Instance \u00e9quit\u00e9 et r\u00e9conciliation (IER), et dans le domaine culturel pour en faire un levier du d\u00e9veloppement \u00e9conomique et d\u2019influence dans le monde.<\/p>\n<p><img class=\"wp-image-15309 aligncenter\" data-src=\"http:\/\/www.mapoujda.ma\/map\/uploads\/2019\/10\/Lintervention-de-M.Heydt-au-conf\u00e9rence-inaugurale-de-l\u2019ann\u00e9e-universitaire-2019-2020-M750\u00d7430-MAP.jpg\" alt=\"\" width=\"576\" height=\"330\" srcset=\"http:\/\/www.mapoujda.ma\/map\/uploads\/2019\/10\/Lintervention-de-M.Heydt-au-conf\u00e9rence-inaugurale-de-l\u2019ann\u00e9e-universitaire-2019-2020-M750\u00d7430-MAP.jpg 750w, http:\/\/www.mapoujda.ma\/map\/uploads\/2019\/10\/Lintervention-de-M.Heydt-au-conf\u00e9rence-inaugurale-de-l\u2019ann\u00e9e-universitaire-2019-2020-M750\u00d7430-MAP-300x172.jpg 300w\" sizes=\"(max-width: 576px) 100vw, 576px\"\/><\/p>\n<p class=\"c1\">Le conf\u00e9rencier a par ailleurs relev\u00e9 que le fait que Sa Majest\u00e9 le Roi ait d\u00e9cid\u00e9 de r\u00e9int\u00e9grer l\u2019Union africaine, est le signe d\u2019un temps nouveau qui s\u2019ouvre pour l\u2019Afrique.<\/p>\n<p class=\"c1\">Il a rappel\u00e9 dans ce sens les milliers de conventions bilat\u00e9rales (Maroc \u2013 Afrique) qui ont \u00e9t\u00e9 sign\u00e9es dans des domaines aussi vari\u00e9es que le soutien \u00e0 la gouvernance et des actions de m\u00e9diations (maintien de la paix, r\u00e9solution de conflits, s\u00e9curit\u00e9, humanitaire), gestion migratoire (Pacte mondial \u2013 observatoire de Rabat), plate-forme d\u2019investissement en Afrique, r\u00e9seaux bancaires et d\u2019assurances, secteurs industriel, minier, agricole, environnemental, etc\u2026.<\/p>\n<p class=\"c1\">\u00ab\u00a0Autant d\u2019engagements qui font du Maroc une puissance africaine en capacit\u00e9 d\u2019\u00eatre la t\u00eate de pont repr\u00e9sentative de l\u2019Afrique et par voie de cons\u00e9quence le seul pays du sud de la M\u00e9diterran\u00e9e, \u00e0 garantir la faisabilit\u00e9 de ce bin\u00f4me Afrique-Europe, \u00e0 parfaire son int\u00e9gration mondiale comme acteur \u00e0 fort potentiel\u00a0\u00bb, a-t-il dit.<\/p>\n<p class=\"c1\">\u00ab\u00a0Ceci me permet de rebondir sur la vision royale, que l\u2019on peut qualifier \u00e0 caract\u00e8re global et pluriel, pour souligner que le Maroc peut se pr\u00e9valoir d\u2019avoir une l\u00e9gitimit\u00e9 \u00e0 servir de moteur pour l\u2019Afrique\u00a0\u00bb, a-t-il encha\u00een\u00e9.<\/p>\n<p class=\"c1\">Qu\u2019il s\u2019agisse de la croissance \u00e9conomique partag\u00e9e ou du d\u00e9veloppement humain, environnemental et s\u00e9curitaire, c\u2019est une d\u00e9marche de v\u00e9ritable coop\u00e9ration qui est propos\u00e9e par le Maroc aux pays africains, a encore ajout\u00e9 M. Heydt, ex-pr\u00e9sident du comit\u00e9 ex\u00e9cutif du Centre Nord-Sud du Conseil de l\u2019Europe bas\u00e9 \u00e0 Lisbonne.<\/p>\n<p class=\"c1\">M. Heydt est membre de l\u2019Observatoire d\u2019\u00e9tudes g\u00e9opolitiques (France), membre du Centre d\u2019\u00e9tude et de prospective strat\u00e9gique (France), chercheur associ\u00e9 au Centre universitaire des \u00e9tudes de la migration relevant de l\u2019UMP d\u2019Oujda, et pr\u00e9sident d\u2019honneur de la Conf\u00e9rence des organisations internationales non gouvernementales (OING) du Conseil de l\u2019Europe.<\/p>\n<p class=\"c1\">La conf\u00e9rence inaugurale s\u2019est d\u00e9roul\u00e9e en pr\u00e9sence notamment du pr\u00e9sident de l\u2019UMP d\u2019Oujda, Mohamed Benkaddour, du secr\u00e9taire g\u00e9n\u00e9ral de la wilaya de l\u2019Oriental, Souleimane El Hajjam, des pr\u00e9sidents des \u00e9tablissements universitaires, de professeurs et d\u2019\u00e9tudiants.<\/p>\n<p>Auteur: Soufiane ELAHMAR<br \/>\n<a href=\"http:\/\/www.mapoujda.ma\/fr\/m-heydt-le-maroc-a-realise-une-metamorphose-generalisee\/\">Cliquez ici pour lire l&rsquo;article depuis sa source.<\/a><\/p>\n","protected":false},"excerpt":{"rendered":"<p>Le Royaume du Maroc a su, durant ces deux derni\u00e8res d\u00e9cennies, r\u00e9aliser une m\u00e9tamorphose g\u00e9n\u00e9ralis\u00e9e sans pour autant perdre ses valeurs, son histoire ou sa singularit\u00e9, a affirm\u00e9, mardi \u00e0 Oujda, l\u2019universitaire et \u00e9crivain-chercheur, Jean-Marie Heydt. Auteur du l\u2019ouvrage \u00ab\u00a0Mohammed VI \u2013 La vision d\u2019un Roi : actions et ambitions\u00a0\u00bb, le professeur Heydt \u00e9tait l\u2019invit\u00e9 [&hellip;]<\/p>\n","protected":false},"author":1788,"featured_media":65996,"comment_status":"closed","ping_status":"closed","sticky":false,"template":"","format":"standard","meta":{"fifu_image_url":"","fifu_image_alt":"","footnotes":""},"categories":[54,76],"tags":[],"class_list":["post-65995","post","type-post","status-publish","format-standard","has-post-thumbnail","hentry","category-maroc","category-regions"],"_links":{"self":[{"href":"https:\/\/linitiative.ca\/International\/wp-json\/wp\/v2\/posts\/65995","targetHints":{"allow":["GET"]}}],"collection":[{"href":"https:\/\/linitiative.ca\/International\/wp-json\/wp\/v2\/posts"}],"about":[{"href":"https:\/\/linitiative.ca\/International\/wp-json\/wp\/v2\/types\/post"}],"author":[{"embeddable":true,"href":"https:\/\/linitiative.ca\/International\/wp-json\/wp\/v2\/users\/1788"}],"replies":[{"embeddable":true,"href":"https:\/\/linitiative.ca\/International\/wp-json\/wp\/v2\/comments?post=65995"}],"version-history":[{"count":0,"href":"https:\/\/linitiative.ca\/International\/wp-json\/wp\/v2\/posts\/65995\/revisions"}],"wp:featuredmedia":[{"embeddable":true,"href":"https:\/\/linitiative.ca\/International\/wp-json\/"}],"wp:attachment":[{"href":"https:\/\/linitiative.ca\/International\/wp-json\/wp\/v2\/media?parent=65995"}],"wp:term":[{"taxonomy":"category","embeddable":true,"href":"https:\/\/linitiative.ca\/International\/wp-json\/wp\/v2\/categories?post=65995"},{"taxonomy":"post_tag","embeddable":true,"href":"https:\/\/linitiative.ca\/International\/wp-json\/wp\/v2\/tags?post=65995"}],"curies":[{"name":"wp","href":"https:\/\/api.w.org\/{rel}","templated":true}]}}