{"id":65997,"date":"2019-10-30T06:15:00","date_gmt":"2019-10-30T10:15:00","guid":{"rendered":"https:\/\/linitiative.ca\/International\/nord-une-presidente-pour-la-region\/"},"modified":"2019-10-30T06:15:00","modified_gmt":"2019-10-30T10:15:00","slug":"nord-une-presidente-pour-la-region","status":"publish","type":"post","link":"https:\/\/linitiative.ca\/International\/nord-une-presidente-pour-la-region\/","title":{"rendered":"Nord: Une pr\u00e9sidente pour la r\u00e9gion"},"content":{"rendered":"<div class=\"dnd-atom-wrapper type-image context-sdl_editor_representation\" contenteditable=\"false\" readability=\"32\">\n<div class=\"dnd-drop-wrapper image\"><img loading=\"lazy\" decoding=\"async\" typeof=\"foaf:Image\" class=\"img-responsive\" src=\"https:\/\/www.leconomiste.com\/sites\/default\/files\/eco7\/public\/thumbnails\/image\/fatima-el-hassani-024.jpg\" width=\"660\" height=\"330\" alt=\"fatima-el-hassani-024.jpg\" title=\"fatima-el-hassani-024.jpg\"\/><\/div>\n<div class=\"dnd-legend-wrapper\" contenteditable=\"true\" readability=\"9\">\n<p class=\"rtejustify\">Fatima El Hassani, une ancienne journaliste est depuis le 28 octobre la nouvelle pr\u00e9sidente de la r\u00e9gion de Tanger-T\u00e9touan-Al Hoce\u00efma <em>(Ph Adam)<\/em><\/p>\n<\/div>\n<\/div>\n<p class=\"rtejustify\">La r\u00e9gion de Tanger-T\u00e9touan-Al Hoce\u00efma vient de changer de pr\u00e9sident. Depuis ce lundi, c\u2019est Fatima El Hassani qui prend les r\u00eanes du Conseil. Membre du PAM, celle qui occupait le poste de secr\u00e9taire g\u00e9n\u00e9rale du Conseil a \u00e9t\u00e9 \u00e9lue \u00e0 la majorit\u00e9 absolue des pr\u00e9sents apr\u00e8s un accord entre les partis repr\u00e9sent\u00e9s.<\/p>\n<p class=\"rtejustify\">Face \u00e0 elle se tenait Sa\u00efd Khairoun, chef de file du PJD au sein du conseil et celui sur lequel comptait le parti de la Lampe de conqu\u00e9rir la pr\u00e9sidence de la r\u00e9gion. Mais les tractations en amont de l\u2019\u00e9lection semblent avoir eu leur effet et le candidat pjdiste a retir\u00e9, au dernier moment, sa candidature pour ensuite voter en faveur de l\u2019ancienne journaliste qui exer\u00e7ait \u00e0 la MAP.<\/p>\n<p class=\"rtejustify\">Toutefois, la bataille pour les postes de la vice-pr\u00e9sidence risque d\u2019\u00eatre serr\u00e9e, chaque parti voulant au moins un si\u00e8ge pour ses partisans. Les pronostics fusent mais il est presque s\u00fbr que le PJD, le RNI, le PPS et surtout le PAM seront parmi les premiers servis, ce qui pr\u00e9figure d\u00e9j\u00e0 le panorama politique pour les \u00e9lections de 2021.<\/p>\n<p class=\"rtejustify\">A noter que ces \u00e9lections ont d\u00e9marr\u00e9 avec la d\u00e9mission surprise d\u2019Ilyas El Omari de la pr\u00e9sidence du Conseil de la r\u00e9gion de Tanger-T\u00e9touan-Al Hoce\u00efma le 28 septembre dernier. Depuis quelques mois, les rumeurs enflaient sur un \u00e9ventuel d\u00e9part de celui qui a \u00e9t\u00e9 aussi secr\u00e9taire g\u00e9n\u00e9ral du parti du Pam.<\/p>\n<p class=\"rtejustify\">Situation intenable selon certains proches, absence de moyens l\u00e9gislatifs pour mener \u00e0 bien les pr\u00e9rogatives que la r\u00e9gionalisation avanc\u00e9e accorde aux r\u00e9gions, les raisons du d\u00e9part de ce \u00absulfureux\u00bb membre du parti du tracteur ont fus\u00e9 depuis en l\u2019absence de r\u00e9action de l\u2019int\u00e9ress\u00e9. Pour d\u2019autres, c\u2019est l\u2019implosion de la majorit\u00e9 Istiqlal-RNI-UC et le manque d\u2019appui de ses camarades d\u2019armes pamistes qui ont acc\u00e9l\u00e9r\u00e9 son d\u00e9part.<\/p>\n<p class=\"rtejustify\">Toutefois, l\u2019ex secr\u00e9taire g\u00e9n\u00e9ral du parti \u00e9tait pr\u00e9sent au moment des \u00e9lections et son vote en faveur de sa co\u00e9quipi\u00e8re au sein du parti du Tracteur ont permis d\u2019assurer, dans une bonne ambiance, le respect de la proc\u00e9dure.<\/p>\n<p><em>De notre correspondant permanent, Ali ABJIOU<\/em><\/p>\n<p>Auteur: hlafriqi<br \/>\n<a href=\"https:\/\/www.leconomiste.com\/article\/1052413-nord-une-presidente-pour-la-region\">Cliquez ici pour lire l&rsquo;article depuis sa source.<\/a><\/p>\n","protected":false},"excerpt":{"rendered":"<p>Fatima El Hassani, une ancienne journaliste est depuis le 28 octobre la nouvelle pr\u00e9sidente de la r\u00e9gion de Tanger-T\u00e9touan-Al Hoce\u00efma (Ph Adam) La r\u00e9gion de Tanger-T\u00e9touan-Al Hoce\u00efma vient de changer de pr\u00e9sident. Depuis ce lundi, c\u2019est Fatima El Hassani qui prend les r\u00eanes du Conseil. Membre du PAM, celle qui occupait le poste de secr\u00e9taire [&hellip;]<\/p>\n","protected":false},"author":1763,"featured_media":65998,"comment_status":"closed","ping_status":"closed","sticky":false,"template":"","format":"standard","meta":{"fifu_image_url":"","fifu_image_alt":"","footnotes":""},"categories":[78,54],"tags":[],"class_list":["post-65997","post","type-post","status-publish","format-standard","has-post-thumbnail","hentry","category-economie","category-maroc"],"_links":{"self":[{"href":"https:\/\/linitiative.ca\/International\/wp-json\/wp\/v2\/posts\/65997","targetHints":{"allow":["GET"]}}],"collection":[{"href":"https:\/\/linitiative.ca\/International\/wp-json\/wp\/v2\/posts"}],"about":[{"href":"https:\/\/linitiative.ca\/International\/wp-json\/wp\/v2\/types\/post"}],"author":[{"embeddable":true,"href":"https:\/\/linitiative.ca\/International\/wp-json\/wp\/v2\/users\/1763"}],"replies":[{"embeddable":true,"href":"https:\/\/linitiative.ca\/International\/wp-json\/wp\/v2\/comments?post=65997"}],"version-history":[{"count":0,"href":"https:\/\/linitiative.ca\/International\/wp-json\/wp\/v2\/posts\/65997\/revisions"}],"wp:featuredmedia":[{"embeddable":true,"href":"https:\/\/linitiative.ca\/International\/wp-json\/"}],"wp:attachment":[{"href":"https:\/\/linitiative.ca\/International\/wp-json\/wp\/v2\/media?parent=65997"}],"wp:term":[{"taxonomy":"category","embeddable":true,"href":"https:\/\/linitiative.ca\/International\/wp-json\/wp\/v2\/categories?post=65997"},{"taxonomy":"post_tag","embeddable":true,"href":"https:\/\/linitiative.ca\/International\/wp-json\/wp\/v2\/tags?post=65997"}],"curies":[{"name":"wp","href":"https:\/\/api.w.org\/{rel}","templated":true}]}}