{"id":65999,"date":"2019-10-30T06:20:00","date_gmt":"2019-10-30T10:20:00","guid":{"rendered":"https:\/\/linitiative.ca\/International\/formation-aux-metiers-culturels-au-macaal\/"},"modified":"2019-10-30T06:20:00","modified_gmt":"2019-10-30T10:20:00","slug":"formation-aux-metiers-culturels-au-macaal","status":"publish","type":"post","link":"https:\/\/linitiative.ca\/International\/formation-aux-metiers-culturels-au-macaal\/","title":{"rendered":"Formation aux m\u00e9tiers culturels au MACAAL"},"content":{"rendered":"<p class=\"rtejustify\">Le Mus\u00e9e d\u2019art contemporain africain Al Maaden (MACAAL) de Marrakech lance la premi\u00e8re formation d\u00e9di\u00e9e \u00e0 la gestion de projets appliqu\u00e9e aux espaces et institutions artistiques en Afrique.\u00a0 Le \u00abMACAAL Bootcamp\u00bb est un programme de sourcing et de renforcement des agents culturels africains dans le secteur de l\u2019art contemporain et des arts visuels.<\/p>\n<p class=\"rtejustify\">Il se d\u00e9roulera du 14 au 17 janvier 2020 \u00e0 Marrakech et propose \u00e0 chaque participant de se positionner dans son \u00e9cosyst\u00e8me professionnel en analysant ses forces et ses besoins par une s\u00e9rie de workshops et de masterclass de haut niveau sur les savoirs fondamentaux du secteur.<\/p>\n<p class=\"rtejustify\">Cette formation \u00e0 la fois alternative et intensive s\u2019adresse \u00e0 ceux charg\u00e9s ou assistants de production, m\u00e9diateurs\/charg\u00e9s des publics, responsables de la communication et du marketing, de l\u2019\u00e9v\u00e9nementiel, de la programmation et du d\u00e9veloppement.<\/p>\n<p class=\"rtejustify\">Parmi les formateurs des poids lourds du secteur \u00e0 l\u2019instar de Koyo Kouoh: directrice Zeitz Mocaa (Capetown); fondatrice Raw material Company\u00a0 \u00e0 Dakar, Touria El Glaoui: Fondatrice de la foire d\u2019art contemporain africain 1-54 (Londres- New York- Marrakech); Andrea Goulet: consultante, experte de la digitalisation appliqu\u00e9e au secteur culturel et aux arts (Paris) ou encore Maria Daif: consultante en ing\u00e9nierie culturelle.<\/p>\n<p class=\"rtejustify\">\u00a0<\/p>\n<p>Auteur: hlafriqi<br \/>\n<a href=\"https:\/\/www.leconomiste.com\/article\/1052416-formation-aux-metiers-culturels-au-macaal\">Cliquez ici pour lire l&rsquo;article depuis sa source.<\/a><\/p>\n","protected":false},"excerpt":{"rendered":"<p>Le Mus\u00e9e d\u2019art contemporain africain Al Maaden (MACAAL) de Marrakech lance la premi\u00e8re formation d\u00e9di\u00e9e \u00e0 la gestion de projets appliqu\u00e9e aux espaces et institutions artistiques en Afrique.\u00a0 Le \u00abMACAAL Bootcamp\u00bb est un programme de sourcing et de renforcement des agents culturels africains dans le secteur de l\u2019art contemporain et des arts visuels. Il se [&hellip;]<\/p>\n","protected":false},"author":1763,"featured_media":0,"comment_status":"closed","ping_status":"closed","sticky":false,"template":"","format":"standard","meta":{"fifu_image_url":"","fifu_image_alt":"","footnotes":""},"categories":[78,54],"tags":[],"class_list":["post-65999","post","type-post","status-publish","format-standard","hentry","category-economie","category-maroc"],"_links":{"self":[{"href":"https:\/\/linitiative.ca\/International\/wp-json\/wp\/v2\/posts\/65999","targetHints":{"allow":["GET"]}}],"collection":[{"href":"https:\/\/linitiative.ca\/International\/wp-json\/wp\/v2\/posts"}],"about":[{"href":"https:\/\/linitiative.ca\/International\/wp-json\/wp\/v2\/types\/post"}],"author":[{"embeddable":true,"href":"https:\/\/linitiative.ca\/International\/wp-json\/wp\/v2\/users\/1763"}],"replies":[{"embeddable":true,"href":"https:\/\/linitiative.ca\/International\/wp-json\/wp\/v2\/comments?post=65999"}],"version-history":[{"count":0,"href":"https:\/\/linitiative.ca\/International\/wp-json\/wp\/v2\/posts\/65999\/revisions"}],"wp:attachment":[{"href":"https:\/\/linitiative.ca\/International\/wp-json\/wp\/v2\/media?parent=65999"}],"wp:term":[{"taxonomy":"category","embeddable":true,"href":"https:\/\/linitiative.ca\/International\/wp-json\/wp\/v2\/categories?post=65999"},{"taxonomy":"post_tag","embeddable":true,"href":"https:\/\/linitiative.ca\/International\/wp-json\/wp\/v2\/tags?post=65999"}],"curies":[{"name":"wp","href":"https:\/\/api.w.org\/{rel}","templated":true}]}}