{"id":66002,"date":"2019-10-30T06:45:00","date_gmt":"2019-10-30T10:45:00","guid":{"rendered":"https:\/\/linitiative.ca\/International\/brexit-une-nouvelle-date-vers-des-elections\/"},"modified":"2019-10-30T06:45:00","modified_gmt":"2019-10-30T10:45:00","slug":"brexit-une-nouvelle-date-vers-des-elections","status":"publish","type":"post","link":"https:\/\/linitiative.ca\/International\/brexit-une-nouvelle-date-vers-des-elections\/","title":{"rendered":"Brexit: Une nouvelle date, vers des \u00e9lections\u2026"},"content":{"rendered":"<div readability=\"34\">\n<p>L\u2019UE accepte un nouveau report au 31 janvier<\/p>\n<p>La d\u00e9cision s\u2019accompagne d\u2019une d\u00e9claration politique<\/p>\n<\/div>\n<div readability=\"74.2771599658\">\n<div class=\"dnd-atom-wrapper type-image context-sdl_editor_representation\" contenteditable=\"false\">\n<div class=\"dnd-drop-wrapper image\"><img loading=\"lazy\" decoding=\"async\" typeof=\"foaf:Image\" class=\"img-responsive\" src=\"https:\/\/leconomiste.com\/sites\/default\/files\/eco7\/public\/thumbnails\/image\/brexit-024.jpg\" width=\"800\" height=\"380\" alt=\"brexit-024.jpg\" title=\"brexit-024.jpg\"\/><\/div>\n<\/div>\n<p class=\"rtejustify\">Il fallait s\u2019y attendre. Les 27 pays de l\u2019Union europ\u00e9enne ont donn\u00e9, hier lundi, leur feu vert pour un troisi\u00e8me report de la date de sortie du Royaume-Uni: jusqu\u2019au 31 janvier 2020.<\/p>\n<p class=\"rtejustify\">A trois jours de la date pr\u00e9vue du Brexit le 31 octobre, ce report pr\u00e9voit une date butoir. Toutefois, le Royaume-Uni aura la possibilit\u00e9 de quitter l\u2019UE au 30 novembre ou au 31 d\u00e9cembre en cas de ratification de l\u2019accord de sortie avant ces \u00e9ch\u00e9ances.<\/p>\n<p class=\"rtejustify\">La France, pays le plus r\u00e9ticent \u00e0 un report long, a donn\u00e9 son accord \u00e0 cette nouvelle prolongation en l\u2019assortissant de conditions. La d\u00e9cision s\u2019accompagne d\u2019une d\u00e9claration politique. L\u2019UE y exclut toute ren\u00e9gociation de l\u2019accord conclu avec le Premier ministre britannique Boris Johnson et demande \u00e0 Londres de proposer un candidat britannique comme commissaire europ\u00e9en.<\/p>\n<p class=\"rtejustify\">Les conditions du report agr\u00e9\u00e9es par les ambassadeurs des 27 \u00e0 Bruxelles doivent \u00eatre accept\u00e9es par Londres. La formalisation du report devrait intervenir d\u2019ici mardi ou mercredi \u00e0 l\u2019issue d\u2019une consultation des dirigeants des 27 par une proc\u00e9dure \u00e9crite, selon une source europ\u00e9enne. Il s\u2019agit du troisi\u00e8me report de la date du Brexit. Ceci plus de trois ans apr\u00e8s la d\u00e9cision des Britanniques, consult\u00e9s par r\u00e9f\u00e9rendum, de voter \u00e0 52% pour quitter l\u2019Union europ\u00e9enne. Le Royaume-Uni devait initialement quitter l\u2019UE le 29 mars, date repouss\u00e9e au 12 avril puis au 31 octobre.<\/p>\n<p class=\"rtejustify\">Pour obtenir des \u00e9lections l\u00e9gislatives, qui se tiendraient le 12 d\u00e9cembre, Boris Johnson aura besoin de deux tiers des voix \u00e0 la Chambre des communes, soit 434 votes. Le Premier ministre conservateur, qui n\u2019a plus de majorit\u00e9, a d\u00e9j\u00e0 \u00e9chou\u00e9 \u00e0 deux reprises au mois de septembre. Des \u00e9lections victorieuses lui permettraient d\u2019obtenir une marge de man\u0153uvre. Ses rangs se sont d\u00e9garnis d\u2019une vingtaine de d\u00e9put\u00e9s.<\/p>\n<p class=\"rtejustify\">Rappelons que le Maroc et le Royaume-Uni ont scell\u00e9, samedi 26 octobre \u00e0 Londres, un accord d\u2019association global. Celui-ci restitue, dans le contexte des relations bilat\u00e9rales, l\u2019ensemble des avantages qu\u2019ils s\u2019accordaient mutuellement dans le cadre de l\u2019Accord d\u2019association Maroc-Union europ\u00e9enne. Il entrera en vigueur une fois le Brexit consomm\u00e9 <a href=\"https:\/\/leconomiste.com\/archive\/edition\/5623\" target=\"_blank\" rel=\"noopener noreferrer\"><span class=\"c4\"><strong><em>(cf. notre \u00e9dition N\u00b05623 du lundi 28 octobre 2019)<\/em><\/strong><\/span><\/a>.<\/p>\n<p class=\"rtejustify\"><em>F. Z. T. avec agences<\/em><\/p>\n<p class=\"rtejustify\">\u00a0<\/p>\n<\/div>\n<p>Auteur: hlafriqi<br \/>\n<a href=\"https:\/\/www.leconomiste.com\/article\/1052419-brexit-une-nouvelle-date-vers-des-elections\">Cliquez ici pour lire l&rsquo;article depuis sa source.<\/a><\/p>\n","protected":false},"excerpt":{"rendered":"<p>L\u2019UE accepte un nouveau report au 31 janvier La d\u00e9cision s\u2019accompagne d\u2019une d\u00e9claration politique Il fallait s\u2019y attendre. Les 27 pays de l\u2019Union europ\u00e9enne ont donn\u00e9, hier lundi, leur feu vert pour un troisi\u00e8me report de la date de sortie du Royaume-Uni: jusqu\u2019au 31 janvier 2020. A trois jours de la date pr\u00e9vue du Brexit [&hellip;]<\/p>\n","protected":false},"author":1763,"featured_media":66003,"comment_status":"closed","ping_status":"closed","sticky":false,"template":"","format":"standard","meta":{"fifu_image_url":"","fifu_image_alt":"","footnotes":""},"categories":[78,54],"tags":[],"class_list":["post-66002","post","type-post","status-publish","format-standard","has-post-thumbnail","hentry","category-economie","category-maroc"],"_links":{"self":[{"href":"https:\/\/linitiative.ca\/International\/wp-json\/wp\/v2\/posts\/66002","targetHints":{"allow":["GET"]}}],"collection":[{"href":"https:\/\/linitiative.ca\/International\/wp-json\/wp\/v2\/posts"}],"about":[{"href":"https:\/\/linitiative.ca\/International\/wp-json\/wp\/v2\/types\/post"}],"author":[{"embeddable":true,"href":"https:\/\/linitiative.ca\/International\/wp-json\/wp\/v2\/users\/1763"}],"replies":[{"embeddable":true,"href":"https:\/\/linitiative.ca\/International\/wp-json\/wp\/v2\/comments?post=66002"}],"version-history":[{"count":0,"href":"https:\/\/linitiative.ca\/International\/wp-json\/wp\/v2\/posts\/66002\/revisions"}],"wp:featuredmedia":[{"embeddable":true,"href":"https:\/\/linitiative.ca\/International\/wp-json\/"}],"wp:attachment":[{"href":"https:\/\/linitiative.ca\/International\/wp-json\/wp\/v2\/media?parent=66002"}],"wp:term":[{"taxonomy":"category","embeddable":true,"href":"https:\/\/linitiative.ca\/International\/wp-json\/wp\/v2\/categories?post=66002"},{"taxonomy":"post_tag","embeddable":true,"href":"https:\/\/linitiative.ca\/International\/wp-json\/wp\/v2\/tags?post=66002"}],"curies":[{"name":"wp","href":"https:\/\/api.w.org\/{rel}","templated":true}]}}