{"id":66010,"date":"2019-10-30T15:14:23","date_gmt":"2019-10-30T19:14:23","guid":{"rendered":"https:\/\/linitiative.ca\/International\/equipe-dalgerie-globe-soccer-awards-djamel-belmadi-nomine-pour-le-titre-dentraineur-de-lannee-2019\/"},"modified":"2019-10-30T15:14:23","modified_gmt":"2019-10-30T19:14:23","slug":"equipe-dalgerie-globe-soccer-awards-djamel-belmadi-nomine-pour-le-titre-dentraineur-de-lannee-2019","status":"publish","type":"post","link":"https:\/\/linitiative.ca\/International\/equipe-dalgerie-globe-soccer-awards-djamel-belmadi-nomine-pour-le-titre-dentraineur-de-lannee-2019\/","title":{"rendered":"Equipe d&rsquo;Alg\u00e9rie : Globe Soccer Awards : Djamel Belmadi nomin\u00e9 pour le titre d&rsquo;entraineur de l&rsquo;ann\u00e9e 2019"},"content":{"rendered":"<div readability=\"32\">\n<p>Auteur : <span class=\"time\">mercredi 30 octobre 2019 13:57<\/span><\/p>\n<\/div>\n<div id=\"post_core\" readability=\"48\">\n<p>Ce mercredi a \u00e9t\u00e9 d\u00e9voil\u00e9 les noms des finalistes pour ces troph\u00e9es. Sans grande surprise, Cristiano Ronaldo (Juventus) et Lionel Messi (FC Barcelone),\u00a0 Alisson Becker, Mohamed Salah, Sadio Man\u00e9,\u00a0 Virgil van Dijk (Liverpool) et Bernardo Silva (Manchester City) sont nomm\u00e9s pour le titre de joueur de l&rsquo;ann\u00e9e. Le nom du laur\u00e9at sera connu le 29 d\u00e9cembre prochain comme l&rsquo;indique Footmercato.<\/p>\n<p>Ce jour-l\u00e0, on conna\u00eetra aussi les noms du meilleur entraineur de l&rsquo;ann\u00e9e. Djamel Belmadi (Alg\u00e9rie), J\u00fcrgen Klopp (Liverpool), Massimiliano Allegri (ex-Juventus Turin), Erik ten Hag (Ajax Amsterdam) et Fernando Santos (Portugal) sont les cinq nomm\u00e9s chez les entra\u00eeneurs.<\/p>\n<p><img decoding=\"async\" alt=\"\" src=\"https:\/\/pbs.twimg.com\/media\/EIH6YbRWkAA-xGg.jpg\" class=\"c1\"\/><\/p>\n<p><strong>Publi\u00e9 dans :<\/strong> <span>Belmadi<\/span><\/p>\n<\/div>\n<p>Auteur:<br \/>\n<a href=\"http:\/\/www.lebuteur.com\/article\/detail?titre=globe-soccer-awards-djamel-belmadi-nomine-pour-le-titre-dentraineur-de-lannee-2019&#038;id=92647&#038;utm_source=feedburner&#038;utm_medium=feed&#038;utm_campaign=Feed%3A+GalerieFArtciles+%28Les+derniers+articles++-+lebuteur.com%29\">Cliquez ici pour lire l&rsquo;article depuis sa source.<\/a><\/p>\n","protected":false},"excerpt":{"rendered":"<p>Auteur : mercredi 30 octobre 2019 13:57 Ce mercredi a \u00e9t\u00e9 d\u00e9voil\u00e9 les noms des finalistes pour ces troph\u00e9es. Sans grande surprise, Cristiano Ronaldo (Juventus) et Lionel Messi (FC Barcelone),\u00a0 Alisson Becker, Mohamed Salah, Sadio Man\u00e9,\u00a0 Virgil van Dijk (Liverpool) et Bernardo Silva (Manchester City) sont nomm\u00e9s pour le titre de joueur de l&rsquo;ann\u00e9e. Le [&hellip;]<\/p>\n","protected":false},"author":1738,"featured_media":66011,"comment_status":"closed","ping_status":"closed","sticky":false,"template":"","format":"standard","meta":{"fifu_image_url":"","fifu_image_alt":"","footnotes":""},"categories":[53,75],"tags":[],"class_list":["post-66010","post","type-post","status-publish","format-standard","has-post-thumbnail","hentry","category-algerie","category-sport"],"_links":{"self":[{"href":"https:\/\/linitiative.ca\/International\/wp-json\/wp\/v2\/posts\/66010","targetHints":{"allow":["GET"]}}],"collection":[{"href":"https:\/\/linitiative.ca\/International\/wp-json\/wp\/v2\/posts"}],"about":[{"href":"https:\/\/linitiative.ca\/International\/wp-json\/wp\/v2\/types\/post"}],"author":[{"embeddable":true,"href":"https:\/\/linitiative.ca\/International\/wp-json\/wp\/v2\/users\/1738"}],"replies":[{"embeddable":true,"href":"https:\/\/linitiative.ca\/International\/wp-json\/wp\/v2\/comments?post=66010"}],"version-history":[{"count":0,"href":"https:\/\/linitiative.ca\/International\/wp-json\/wp\/v2\/posts\/66010\/revisions"}],"wp:featuredmedia":[{"embeddable":true,"href":"https:\/\/linitiative.ca\/International\/wp-json\/"}],"wp:attachment":[{"href":"https:\/\/linitiative.ca\/International\/wp-json\/wp\/v2\/media?parent=66010"}],"wp:term":[{"taxonomy":"category","embeddable":true,"href":"https:\/\/linitiative.ca\/International\/wp-json\/wp\/v2\/categories?post=66010"},{"taxonomy":"post_tag","embeddable":true,"href":"https:\/\/linitiative.ca\/International\/wp-json\/wp\/v2\/tags?post=66010"}],"curies":[{"name":"wp","href":"https:\/\/api.w.org\/{rel}","templated":true}]}}