{"id":66012,"date":"2019-10-30T15:14:26","date_gmt":"2019-10-30T19:14:26","guid":{"rendered":"https:\/\/linitiative.ca\/International\/equipe-dalgerie-mehdi-abeid-le-succes-face-a-la-cote-divoire-nous-a-donne-des-ailes-pour-aller-loin-en-coupe-dafrique\/"},"modified":"2019-10-30T15:14:26","modified_gmt":"2019-10-30T19:14:26","slug":"equipe-dalgerie-mehdi-abeid-le-succes-face-a-la-cote-divoire-nous-a-donne-des-ailes-pour-aller-loin-en-coupe-dafrique","status":"publish","type":"post","link":"https:\/\/linitiative.ca\/International\/equipe-dalgerie-mehdi-abeid-le-succes-face-a-la-cote-divoire-nous-a-donne-des-ailes-pour-aller-loin-en-coupe-dafrique\/","title":{"rendered":"Equipe d&rsquo;Alg\u00e9rie : Mehdi Abeid : \u00abLe succ\u00e8s face \u00e0 la Cote d\u2019Ivoire nous a donn\u00e9 des ailes pour aller loin en coupe d\u2019Afrique\u00bb"},"content":{"rendered":"<div readability=\"32\">\n<p>Auteur : <span class=\"time\">mercredi 30 octobre 2019 16:43<\/span><\/p>\n<\/div>\n<div id=\"post_core\" readability=\"44\">\n<p>Le joueur milieu de terrain de l\u2019EN, Mehdi Abeid est revenu sur l\u2019exploit r\u00e9alis\u00e9 par les Verts \u00e0 la CAN en Egypte. Le joueur du FC Nantes a \u00e9voqu\u00e9 le match face \u00e0 la Cote d\u2019Ivoire et son importance dans la qu\u00eate au sacre final:\u00a0\u00abLe match de la Cote d\u2019Ivoire \u00e9tait un match d\u00e9cisif, riche en \u00e9motions car nous avons affront\u00e9 une grande \u00e9quipe et \u00e0 la fin on a gagn\u00e9 et cela nous a donn\u00e9 des ailes pour aller le plus loin possible.\u00bb a-t-il d\u00e9clar\u00e9 \u00e0 BeIN Sports, avant d\u2019ajouter: \u00abLes larmes de tous les joueurs face \u00e0 la Cote d\u2019Ivoire, ce sont des moments qui ne s\u2019oublient pas car nous \u00e9tions arriv\u00e9s aux tirs au but, c\u2019\u00e9tait des moments indescriptibles. Le football nous offre, quelques fois, des \u00e9motions incroyables et ce jour-l\u00e0 c\u2019\u00e9tait vraiment sp\u00e9cial.\u00bb<\/p>\n<p><strong>Publi\u00e9 dans :<\/strong> <span>mehdi abeid<\/span><\/p>\n<\/div>\n<p>Auteur:<br \/>\n<a href=\"http:\/\/www.lebuteur.com\/article\/detail?titre=mehdi-abeid-le-succes-face-a-la-cote-divoire-nous-a-donne-des-ailes-pour-aller-loin-en-coupe-dafrique&#038;id=92648&#038;utm_source=feedburner&#038;utm_medium=feed&#038;utm_campaign=Feed%3A+GalerieFArtciles+%28Les+derniers+articles++-+lebuteur.com%29\">Cliquez ici pour lire l&rsquo;article depuis sa source.<\/a><\/p>\n","protected":false},"excerpt":{"rendered":"<p>Auteur : mercredi 30 octobre 2019 16:43 Le joueur milieu de terrain de l\u2019EN, Mehdi Abeid est revenu sur l\u2019exploit r\u00e9alis\u00e9 par les Verts \u00e0 la CAN en Egypte. Le joueur du FC Nantes a \u00e9voqu\u00e9 le match face \u00e0 la Cote d\u2019Ivoire et son importance dans la qu\u00eate au sacre final:\u00a0\u00abLe match de la [&hellip;]<\/p>\n","protected":false},"author":1738,"featured_media":66013,"comment_status":"closed","ping_status":"closed","sticky":false,"template":"","format":"standard","meta":{"fifu_image_url":"","fifu_image_alt":"","footnotes":""},"categories":[53,75],"tags":[],"class_list":["post-66012","post","type-post","status-publish","format-standard","has-post-thumbnail","hentry","category-algerie","category-sport"],"_links":{"self":[{"href":"https:\/\/linitiative.ca\/International\/wp-json\/wp\/v2\/posts\/66012","targetHints":{"allow":["GET"]}}],"collection":[{"href":"https:\/\/linitiative.ca\/International\/wp-json\/wp\/v2\/posts"}],"about":[{"href":"https:\/\/linitiative.ca\/International\/wp-json\/wp\/v2\/types\/post"}],"author":[{"embeddable":true,"href":"https:\/\/linitiative.ca\/International\/wp-json\/wp\/v2\/users\/1738"}],"replies":[{"embeddable":true,"href":"https:\/\/linitiative.ca\/International\/wp-json\/wp\/v2\/comments?post=66012"}],"version-history":[{"count":0,"href":"https:\/\/linitiative.ca\/International\/wp-json\/wp\/v2\/posts\/66012\/revisions"}],"wp:featuredmedia":[{"embeddable":true,"href":"https:\/\/linitiative.ca\/International\/wp-json\/"}],"wp:attachment":[{"href":"https:\/\/linitiative.ca\/International\/wp-json\/wp\/v2\/media?parent=66012"}],"wp:term":[{"taxonomy":"category","embeddable":true,"href":"https:\/\/linitiative.ca\/International\/wp-json\/wp\/v2\/categories?post=66012"},{"taxonomy":"post_tag","embeddable":true,"href":"https:\/\/linitiative.ca\/International\/wp-json\/wp\/v2\/tags?post=66012"}],"curies":[{"name":"wp","href":"https:\/\/api.w.org\/{rel}","templated":true}]}}